{"id":2850,"date":"2021-07-23T13:17:25","date_gmt":"2021-07-23T16:17:25","guid":{"rendered":"https:\/\/tribunadapraia.com.br\/?p=2850"},"modified":"2021-07-23T13:18:46","modified_gmt":"2021-07-23T16:18:46","slug":"artigo-inconstitucionalidade-e-ilegalidade-das-rinhas-de-galo-parte-5-galistas-tentam-alterar-a-lei-de-crimes-ambientais-para-legalizar-as-rinhas-de-galo","status":"publish","type":"post","link":"https:\/\/tribunadapraia.com.br\/?p=2850","title":{"rendered":"Artigo: Inconstitucionalidade e ilegalidade das rinhas de galo &#8211; Parte 5 (Galistas tentam alterar a Lei de Crimes Ambientais para legalizar as rinhas de galo)"},"content":{"rendered":"<p>por Edna Cardozo Dias (1) | foto: A Cidade<\/p>\n<p>5. GALISTAS TENTAM ALTERAR A LEI DE CRIMES AMBIENTAIS PARA LEGALIZAR AS RINHAS DE GALO: (2)<\/p>\n<p>N\u00e3o obstante farta jurisprud\u00eancia o Deputado baiano Fernando de Fabinho entrou com o projeto de lei 4.340, de 2004 para alterar a Lei 9.605, de 12 de fevereiro de 1998, Lei de Crimes Ambientais, pretendendo descriminalizar expressamente &#8220;a realiza\u00e7\u00e3o de competi\u00e7\u00f5es entre animais&#8221;.<\/p>\n<p>Ora, a tentativa de alterar a lei para descriminalizar as brigas de galo j\u00e1 ocorreu em 1998, por iniciativa do ent\u00e3o Deputado Ant\u00f4nio Ebling, com o projeto de lei 4.790, que foi considerado inconstitucional pela Comiss\u00e3o de Constitui\u00e7\u00e3o e Justi\u00e7a da C\u00e2mara de Deputados, que acompanhou o voto do relator, Deputado Rosinha. Na mesma ocasi\u00e3o projeto de lei do Deputado Jos\u00e9 Thomaz Nono pretendia alterar o artigo 32 da Lei de Crimes Ambientais para legalizar os rodeios. Aos in\u00fameros e mails enviados ao Deputado Rosinha, este deu a seguinte resposta tamb\u00e9m por e mail:<\/p>\n<p>&#8220;A fim de podermos estabelecer um di\u00e1logo em bases reais e, sobretudo para desfazer alguns equ\u00edvocos, esclare\u00e7o que\u00a0n\u00e3o sou o autor\u00a0do Projeto de Lei n.\u00ba 4.548, de 1998, cuja autoria \u00e9 do Deputado Jos\u00e9 Thomaz Non\u00f4 (PFL-AL). Sou o\u00a0relator\u00a0do PL na Comiss\u00e3o de Constitui\u00e7\u00e3o, Justi\u00e7a e Reda\u00e7\u00e3o (CCJ).<\/p>\n<p>O PL n.\u00ba 4.548\/98, que d\u00e1 nova reda\u00e7\u00e3o ao\u00a0caput\u00a0do artigo 32 da Lei n.\u00ba 9.605, de 1998 e que &#8220;disp\u00f5e sobre as san\u00e7\u00f5es penais e administrativas derivadas de condutas e atividades lesivas ao meio ambiente, e d\u00e1 outras provid\u00eancias&#8221;, \u00e9 justificado com o argumento de que a Lei, com a atual reda\u00e7\u00e3o, pode restringir a pr\u00e1tica de certos esportes e manifesta\u00e7\u00f5es culturais que envolvam a utiliza\u00e7\u00e3o de animais dom\u00e9sticos ou domesticados. No mesmo rumo seguem os Projetos de Lei n.\u00ba 4.790\/98 e n.\u00ba 1.901\/99, a ele apensados. O PL n.\u00ba 4.548\/98 e seus apensados j\u00e1 foram rejeitados na Comiss\u00e3o de Defesa do Consumidor, Meio Ambiente e Minorias em sess\u00e3o realizada no dia 15 de setembro de 1999.<\/p>\n<p>Ocorre que o artigo 32 da Lei n.\u00ba 9.605\/98 n\u00e3o considera crime utilizar animais em pr\u00e1ticas esportivas ou manifesta\u00e7\u00f5es culturais, mas sim &#8220;praticar ato de abuso, maus-tratos, ferir ou mutilar animais silvestres, dom\u00e9sticos ou domesticados, nativos ou ex\u00f3ticos&#8221;. Ou seja, a lei protege os animais de poss\u00edveis abusos e maus-tratos na pr\u00e1tica de atividades culturais, esportivas e folcl\u00f3ricas.<\/p>\n<p>A bancada do Partido dos Trabalhadores \u00e9 favor\u00e1vel \u00e0 preserva\u00e7\u00e3o e, at\u00e9 mesmo, ao est\u00edmulo \u00e0s nossas tradi\u00e7\u00f5es e manifesta\u00e7\u00f5es culturais, t\u00e3o ricas e variadas. Entretanto n\u00e3o podemos permitir que excessos sejam cometidos contra os animais, sejam silvestres ou dom\u00e9sticos. Vale lembrar que a coa\u00e7\u00e3o \u00e0 crueldade contra os animais tamb\u00e9m est\u00e1 contemplada na Constitui\u00e7\u00e3o que, em seu inciso VII do \u00a7 1\u00ba do art. 225 determina claramente que incumbe ao poder p\u00fablico: &#8220;proteger a fauna e a flora vedadas na forma da lei, as pr\u00e1ticas que coloquem em risco sua fun\u00e7\u00e3o ecol\u00f3gica, provoquem a extin\u00e7\u00e3o de esp\u00e9cies ou submetam os animais a crueldade&#8221;.<\/p>\n<p>Ademais, conforme a legisla\u00e7\u00e3o penal anterior \u00e0 Lei 9.605\/98, considerava-se contraven\u00e7\u00e3o penal &#8220;tratar animal com crueldade ou submet\u00ea-lo a trabalho excessivo&#8221; (Decreto Lei 3.688\/41 ou Lei das Contraven\u00e7\u00f5es Penais, art. 64). Portanto, o art. 32 da Lei 9.605\/98 apenas transformou uma conduta que era\u00a0contraven\u00e7\u00e3o penal\u00a0em\u00a0crime, revogando, tacitamente, o art. 64 do Decreto Lei citado.<\/p>\n<p>O meu parecer na CCJ ser\u00e1 contra o PL n.\u00ba 4.548, mantendo a atual Lei, sem altera\u00e7\u00e3o.<br \/>\nEspero ter esclarecido alguns equ\u00edvocos que envolvem o assunto. Agrade\u00e7o o interesse de todos e at\u00e9 mesmo as manifesta\u00e7\u00f5es apaixonadas. O exerc\u00edcio da\u00a0cidadania\u00a0percorre obrigatoriamente o debate e as diferen\u00e7as. Coloco-me \u00e0 disposi\u00e7\u00e3o. Um abra\u00e7o,<\/p>\n<p>Deputado Dr. ROSINHA<\/p>\n<p>Continua \u2026<\/p>\n<p>(1) Edna Cardozo Dias \u00e9 doutora em Direito pela UFMG e professora de direito ambiental<br \/>\n(2) Publicado em 12\/2004. Elaborado em 10\/2004<\/p>\n","protected":false},"excerpt":{"rendered":"<p>por Edna Cardozo Dias (1) | foto: A Cidade 5. GALISTAS TENTAM ALTERAR A LEI DE CRIMES AMBIENTAIS PARA LEGALIZAR AS RINHAS DE GALO: (2) N\u00e3o obstante farta jurisprud\u00eancia o Deputado baiano Fernando de Fabinho entrou com o projeto de lei 4.340, de 2004 para alterar a Lei 9.605, de 12 de fevereiro de 1998, Lei de Crimes Ambientais, pretendendo descriminalizar expressamente &#8220;a realiza\u00e7\u00e3o de competi\u00e7\u00f5es entre animais&#8221;. Ora, a<\/p>\n","protected":false},"author":1,"featured_media":2846,"comment_status":"open","ping_status":"open","sticky":false,"template":"","format":"standard","meta":[],"categories":[18],"tags":[],"yoast_head":"<!-- This site is optimized with the Yoast SEO plugin v16.3 - https:\/\/yoast.com\/wordpress\/plugins\/seo\/ -->\n<title>Artigo: Inconstitucionalidade e ilegalidade das rinhas de galo - Parte 5 (Galistas tentam alterar a Lei de Crimes Ambientais para legalizar as rinhas de galo) - TRIBUNA DA PRAIA<\/title>\n<meta name=\"robots\" content=\"index, follow, max-snippet:-1, max-image-preview:large, max-video-preview:-1\" \/>\n<link rel=\"canonical\" href=\"https:\/\/tribunadapraia.com.br\/?p=2850\" \/>\n<meta property=\"og:locale\" content=\"pt_BR\" \/>\n<meta property=\"og:type\" content=\"article\" \/>\n<meta property=\"og:title\" content=\"Artigo: Inconstitucionalidade e ilegalidade das rinhas de galo - Parte 5 (Galistas tentam alterar a Lei de Crimes Ambientais para legalizar as rinhas de galo) - TRIBUNA DA PRAIA\" \/>\n<meta property=\"og:description\" content=\"por Edna Cardozo Dias (1) | foto: A Cidade 5. GALISTAS TENTAM ALTERAR A LEI DE CRIMES AMBIENTAIS PARA LEGALIZAR AS RINHAS DE GALO: (2) N\u00e3o obstante farta jurisprud\u00eancia o Deputado baiano Fernando de Fabinho entrou com o projeto de lei 4.340, de 2004 para alterar a Lei 9.605, de 12 de fevereiro de 1998, Lei de Crimes Ambientais, pretendendo descriminalizar expressamente &#8220;a realiza\u00e7\u00e3o de competi\u00e7\u00f5es entre animais&#8221;. Ora, a\" \/>\n<meta property=\"og:url\" content=\"https:\/\/tribunadapraia.com.br\/?p=2850\" \/>\n<meta property=\"og:site_name\" content=\"TRIBUNA DA PRAIA\" \/>\n<meta property=\"article:publisher\" content=\"https:\/\/www.facebook.com\/tribunadapraiaonline\/\" \/>\n<meta property=\"article:published_time\" content=\"2021-07-23T16:17:25+00:00\" \/>\n<meta property=\"article:modified_time\" content=\"2021-07-23T16:18:46+00:00\" \/>\n<meta property=\"og:image\" content=\"https:\/\/tribunadapraia.com.br\/wp-content\/uploads\/2021\/07\/000000020598249193386062989.jpg\" \/>\n\t<meta property=\"og:image:width\" content=\"800\" \/>\n\t<meta property=\"og:image:height\" content=\"768\" \/>\n<meta name=\"twitter:card\" content=\"summary_large_image\" \/>\n<meta name=\"twitter:creator\" content=\"@Claudomir21\" \/>\n<meta name=\"twitter:site\" content=\"@Claudomir21\" \/>\n<meta name=\"twitter:label1\" content=\"Est. tempo de leitura\">\n\t<meta name=\"twitter:data1\" content=\"3 minutos\">\n<script type=\"application\/ld+json\" class=\"yoast-schema-graph\">{\"@context\":\"https:\/\/schema.org\",\"@graph\":[{\"@type\":\"Organization\",\"@id\":\"https:\/\/tribunadapraia.com.br\/#organization\",\"name\":\"Tribuna da Praia\",\"url\":\"https:\/\/tribunadapraia.com.br\/\",\"sameAs\":[\"https:\/\/www.facebook.com\/tribunadapraiaonline\/\",\"https:\/\/www.instagram.com\/claudomirtavares\/\",\"https:\/\/www.youtube.com\/channel\/UCwQf80nxiMzCefAyjbp53Rw\",\"https:\/\/twitter.com\/Claudomir21\"],\"logo\":{\"@type\":\"ImageObject\",\"@id\":\"https:\/\/tribunadapraia.com.br\/#logo\",\"inLanguage\":\"pt-BR\",\"url\":\"https:\/\/tribunadapraia.com.br\/wp-content\/uploads\/2020\/02\/logo.png\",\"contentUrl\":\"https:\/\/tribunadapraia.com.br\/wp-content\/uploads\/2020\/02\/logo.png\",\"width\":501,\"height\":121,\"caption\":\"Tribuna da Praia\"},\"image\":{\"@id\":\"https:\/\/tribunadapraia.com.br\/#logo\"}},{\"@type\":\"WebSite\",\"@id\":\"https:\/\/tribunadapraia.com.br\/#website\",\"url\":\"https:\/\/tribunadapraia.com.br\/\",\"name\":\"TRIBUNA DA PRAIA\",\"description\":\"O 1\\u00ba jornal do interior de Sergipe na internet\",\"publisher\":{\"@id\":\"https:\/\/tribunadapraia.com.br\/#organization\"},\"potentialAction\":[{\"@type\":\"SearchAction\",\"target\":\"https:\/\/tribunadapraia.com.br\/?s={search_term_string}\",\"query-input\":\"required name=search_term_string\"}],\"inLanguage\":\"pt-BR\"},{\"@type\":\"ImageObject\",\"@id\":\"https:\/\/tribunadapraia.com.br\/?p=2850#primaryimage\",\"inLanguage\":\"pt-BR\",\"url\":\"https:\/\/tribunadapraia.com.br\/wp-content\/uploads\/2021\/07\/000000020598249193386062989.jpg\",\"contentUrl\":\"https:\/\/tribunadapraia.com.br\/wp-content\/uploads\/2021\/07\/000000020598249193386062989.jpg\",\"width\":800,\"height\":768},{\"@type\":\"WebPage\",\"@id\":\"https:\/\/tribunadapraia.com.br\/?p=2850#webpage\",\"url\":\"https:\/\/tribunadapraia.com.br\/?p=2850\",\"name\":\"Artigo: Inconstitucionalidade e ilegalidade das rinhas de galo - Parte 5 (Galistas tentam alterar a Lei de Crimes Ambientais para legalizar as rinhas de galo) - TRIBUNA DA PRAIA\",\"isPartOf\":{\"@id\":\"https:\/\/tribunadapraia.com.br\/#website\"},\"primaryImageOfPage\":{\"@id\":\"https:\/\/tribunadapraia.com.br\/?p=2850#primaryimage\"},\"datePublished\":\"2021-07-23T16:17:25+00:00\",\"dateModified\":\"2021-07-23T16:18:46+00:00\",\"breadcrumb\":{\"@id\":\"https:\/\/tribunadapraia.com.br\/?p=2850#breadcrumb\"},\"inLanguage\":\"pt-BR\",\"potentialAction\":[{\"@type\":\"ReadAction\",\"target\":[\"https:\/\/tribunadapraia.com.br\/?p=2850\"]}]},{\"@type\":\"BreadcrumbList\",\"@id\":\"https:\/\/tribunadapraia.com.br\/?p=2850#breadcrumb\",\"itemListElement\":[{\"@type\":\"ListItem\",\"position\":1,\"item\":{\"@type\":\"WebPage\",\"@id\":\"https:\/\/tribunadapraia.com.br\/\",\"url\":\"https:\/\/tribunadapraia.com.br\/\",\"name\":\"In\\u00edcio\"}},{\"@type\":\"ListItem\",\"position\":2,\"item\":{\"@id\":\"https:\/\/tribunadapraia.com.br\/?p=2850#webpage\"}}]},{\"@type\":\"Article\",\"@id\":\"https:\/\/tribunadapraia.com.br\/?p=2850#article\",\"isPartOf\":{\"@id\":\"https:\/\/tribunadapraia.com.br\/?p=2850#webpage\"},\"author\":{\"@id\":\"https:\/\/tribunadapraia.com.br\/#\/schema\/person\/326b0a9f3163b479142c64eba4928de0\"},\"headline\":\"Artigo: Inconstitucionalidade e ilegalidade das rinhas de galo &#8211; Parte 5 (Galistas tentam alterar a Lei de Crimes Ambientais para legalizar as rinhas de galo)\",\"datePublished\":\"2021-07-23T16:17:25+00:00\",\"dateModified\":\"2021-07-23T16:18:46+00:00\",\"mainEntityOfPage\":{\"@id\":\"https:\/\/tribunadapraia.com.br\/?p=2850#webpage\"},\"wordCount\":678,\"commentCount\":0,\"publisher\":{\"@id\":\"https:\/\/tribunadapraia.com.br\/#organization\"},\"image\":{\"@id\":\"https:\/\/tribunadapraia.com.br\/?p=2850#primaryimage\"},\"thumbnailUrl\":\"https:\/\/tribunadapraia.com.br\/wp-content\/uploads\/2021\/07\/000000020598249193386062989.jpg\",\"articleSection\":[\"Not\\u00edcias\"],\"inLanguage\":\"pt-BR\",\"potentialAction\":[{\"@type\":\"CommentAction\",\"name\":\"Comment\",\"target\":[\"https:\/\/tribunadapraia.com.br\/?p=2850#respond\"]}]},{\"@type\":\"Person\",\"@id\":\"https:\/\/tribunadapraia.com.br\/#\/schema\/person\/326b0a9f3163b479142c64eba4928de0\",\"name\":\"tribunadapraia\",\"image\":{\"@type\":\"ImageObject\",\"@id\":\"https:\/\/tribunadapraia.com.br\/#personlogo\",\"inLanguage\":\"pt-BR\",\"url\":\"https:\/\/secure.gravatar.com\/avatar\/38b019c74762496076b7355024a0dad9?s=96&d=identicon&r=g\",\"contentUrl\":\"https:\/\/secure.gravatar.com\/avatar\/38b019c74762496076b7355024a0dad9?s=96&d=identicon&r=g\",\"caption\":\"tribunadapraia\"}}]}<\/script>\n<!-- \/ Yoast SEO plugin. -->","wps_subtitle":"","_links":{"self":[{"href":"https:\/\/tribunadapraia.com.br\/index.php?rest_route=\/wp\/v2\/posts\/2850"}],"collection":[{"href":"https:\/\/tribunadapraia.com.br\/index.php?rest_route=\/wp\/v2\/posts"}],"about":[{"href":"https:\/\/tribunadapraia.com.br\/index.php?rest_route=\/wp\/v2\/types\/post"}],"author":[{"embeddable":true,"href":"https:\/\/tribunadapraia.com.br\/index.php?rest_route=\/wp\/v2\/users\/1"}],"replies":[{"embeddable":true,"href":"https:\/\/tribunadapraia.com.br\/index.php?rest_route=%2Fwp%2Fv2%2Fcomments&post=2850"}],"version-history":[{"count":1,"href":"https:\/\/tribunadapraia.com.br\/index.php?rest_route=\/wp\/v2\/posts\/2850\/revisions"}],"predecessor-version":[{"id":2851,"href":"https:\/\/tribunadapraia.com.br\/index.php?rest_route=\/wp\/v2\/posts\/2850\/revisions\/2851"}],"wp:featuredmedia":[{"embeddable":true,"href":"https:\/\/tribunadapraia.com.br\/index.php?rest_route=\/wp\/v2\/media\/2846"}],"wp:attachment":[{"href":"https:\/\/tribunadapraia.com.br\/index.php?rest_route=%2Fwp%2Fv2%2Fmedia&parent=2850"}],"wp:term":[{"taxonomy":"category","embeddable":true,"href":"https:\/\/tribunadapraia.com.br\/index.php?rest_route=%2Fwp%2Fv2%2Fcategories&post=2850"},{"taxonomy":"post_tag","embeddable":true,"href":"https:\/\/tribunadapraia.com.br\/index.php?rest_route=%2Fwp%2Fv2%2Ftags&post=2850"}],"curies":[{"name":"wp","href":"https:\/\/api.w.org\/{rel}","templated":true}]}}