{"id":2840,"date":"2021-07-23T12:16:56","date_gmt":"2021-07-23T15:16:56","guid":{"rendered":"https:\/\/tribunadapraia.com.br\/?p=2840"},"modified":"2021-07-23T12:17:42","modified_gmt":"2021-07-23T15:17:42","slug":"entrevista-padre-lino-sobre-perseguicao-no-ceara-sao-dois-modelos-de-igreja-que-estao-frente-a-frente","status":"publish","type":"post","link":"https:\/\/tribunadapraia.com.br\/?p=2840","title":{"rendered":"ENTREVISTA: Padre Lino sobre persegui\u00e7\u00e3o no Cear\u00e1: \u201cS\u00e3o dois modelos de Igreja que est\u00e3o frente a frente\u201d"},"content":{"rendered":"<p>Padre Lino falou com o Brasil de Fato sobre os epis\u00f3dios de agress\u00e3o verbal sofridos por ele na igreja onde atua<\/p>\n<p>Por Francisco Barbosa<\/p>\n<p>Lino Allegri \u00e9 um padre mission\u00e1rio italiano com 56 anos de vida presbiteral &#8211; Reprodu\u00e7\u00e3o \/ escrivaninha.blog<\/p>\n<p>O\u00a0Brasil de Fato\u00a0conversou com o Padre Lino Allegri que, recentemente, foi alvo de hostiliza\u00e7\u00e3o em suas homilias ao criticar a pol\u00edtica de combate e preven\u00e7\u00e3o \u00e0 covid-19 do governo Bolsonaro.<br \/>\nEm um desses epis\u00f3dios, o padre foi criticado ao ler uma nota divulgada pela Confer\u00eancia Nacional dos Bispos do Brasil (CNBB) na qual um trecho diz:<br \/>\n\u201cA Confer\u00eancia Nacional dos Bispos do Brasil-CNBB levanta sua voz neste momento, mais uma vez, para defender vidas amea\u00e7adas, direitos desrespeitados e para apoiar a restaura\u00e7\u00e3o da justi\u00e7a, fazendo valer a verdade. A sociedade democr\u00e1tica brasileira est\u00e1 atravessando um dos per\u00edodos mais desafiadores da sua hist\u00f3ria. A gravidade deste momento exige de todos coragem, sensatez e pronta corre\u00e7\u00e3o de rumos\u201d.<br \/>\n:: Frente Brasil Popular v\u00ea como positiva incorpora\u00e7\u00e3o da direita democr\u00e1tica no 24J: &#8220;Ser\u00e1 maior&#8221; ::<br \/>\nSendo alvo de agress\u00e3o verbal, padre Lino foi chamado\u00a0at\u00e9 de comunista que, de acordo com ele, n\u00e3o o ofende em nada e afirma \u201cpara mim \u00e9 um elogio\u201d. Lino conversou sobre perspectivas de futuro, relembrou os casos sofridos por ele e debateu at\u00e9 sobre o \u201cser crist\u00e3o\u201d. Confira.<br \/>\nBrasil de Fato Cear\u00e1: Como o senhor est\u00e1 depois de todos esses acontecimentos?<br \/>\nPadre Lino:\u00a0Estou bem de sa\u00fade f\u00edsica e mentalmente. Agora estou, digamos assim, quase sem tempo de levar a vida normal. S\u00f3 Whatsapp e entrevistas me ocupam quase o dia inteiro, mas estou tranquilo e a gente est\u00e1 tomando, tamb\u00e9m, as medidas cautelares, se podemos chamar assim, medidas de prote\u00e7\u00e3o, tanto eu como tamb\u00e9m o padre que \u00e9 o p\u00e1roco da Par\u00f3quia onde aconteceu estes fatos.<br \/>\nO senhor ainda est\u00e1 celebrando missa? Como est\u00e1 essa situa\u00e7\u00e3o?<br \/>\nBom, praticamente depois do dia quatro\u00a0de julho, que foi o dia D, eu nunca mais celebrei naquela Par\u00f3quia, naquela Igreja, mas a gente pensa que ir\u00e1 celebrar.<br \/>\nA diferen\u00e7a daquilo que pode ter sa\u00eddo at\u00e9 na imprensa n\u00e3o foi diretamente proibido de celebrar por parte, digamos, dos superiores eclesi\u00e1sticos, ent\u00e3o a gente pretende continuar dentro da normalidade como era antes. Ent\u00e3o, por enquanto n\u00e3o tem nenhuma proibi\u00e7\u00e3o oficial.<br \/>\nComo o senhor enxerga esses ataques?<br \/>\nBom, em primeiro lugar tem que dizer que a Par\u00f3quia da Paz, onde aconteceu essas coisas, \u00e9 uma par\u00f3quia de classe m\u00e9dia alta e tem determinados assuntos, at\u00e9 palavras que, digamos assim, n\u00e3o s\u00e3o bem aceitas, por exemplo: a palavra justi\u00e7a, a palavra desigualdade, a palavra pobre, a palavra racismo, a palavra homofobia.<br \/>\nDeterminadas palavras,\u00a0digamos assim, n\u00e3o s\u00e3o bem aceitas por esse tipo de pessoas. Ent\u00e3o quando a gente,\u00a0nas homilias, que fazem parte um pouco do meu &#8220;ser padre&#8221;, desde quando me formei, que tenta sempre fazer uma liga\u00e7\u00e3o com a palavra de Deus, o evangelho, a pessoa de Jesus Cristo com a vida concreta do dia a dia, das pessoas, seus problemas, seus desejos, seus sonhos e tudo mais, a vida que o povo vive, este tipo de assembleia cria, de um lado, um grupo de pessoas que n\u00e3o gostam, digamos assim, e acho que isso \u00e9 normal.<br \/>\n\u00c9 normal que as pessoas pensem de maneiras diferentes at\u00e9 do padre, isso n\u00e3o me admira de jeito nenhum, talvez o que a gente, digamos assim, discorda, \u00e9 a maneira como se manifesta a discord\u00e2ncia, mas tudo bem. \u00c9 um pouco nesse sentido, \u00e9 a forma.<br \/>\n:: Estudo sobre a quest\u00e3o de g\u00eanero no ambiente agr\u00e1rio \u00e9 lan\u00e7ado nesta quinta-feira ::<br \/>\nPor exemplo tamb\u00e9m, a palavra Teologia da Liberta\u00e7\u00e3o\u00a0\u00e9 um palavr\u00e3o, e n\u00e3o se admite. &#8220;Quem \u00e9 da tribo da liberta\u00e7\u00e3o n\u00e3o \u00e9 cat\u00f3lico. Isso \u00e9 comunista\u201d, que \u00e9 a frase que mais se repete: &#8220;\u00c9 comunista&#8221;.<br \/>\nEnt\u00e3o, \u00e9 uma concep\u00e7\u00e3o de uma pr\u00e1tica de igreja que \u00e9 colocada em quest\u00e3o. Para mim o problema e o que est\u00e1 por baixo disso tudo \u00e9 isto, \u00e9 o modelo de igreja que a gente tenta viver, encarnar e pregar com um outro modelo de igreja que \u00e9 uma igreja mais extraterrestre, uma igreja do &#8220;oba oba&#8221;, uma igreja &#8220;n\u00e3o p\u00e9 no ch\u00e3o&#8221;.<br \/>\nEnt\u00e3o acho que no fundo, e resumindo, \u00e9 um:: pouco isso. S\u00e3o dois modelos de igreja que sinto que est\u00e3o frente a frente. Um determinado modelo, digamos assim, n\u00e3o \u00e9 aceito e \u00e9 passado logo de pol\u00edtica, e n\u00e3o s\u00f3 de pol\u00edtica, mas de pol\u00edtica partid\u00e1ria, e n\u00e3o s\u00f3 de pol\u00edtica partid\u00e1ria, mas de comunismo, de esquerdismo e petismo, e tudo o que \u00e9 &#8220;ismo&#8221;.<br \/>\nLogo eles, por exemplo, as palavras mais comuns que foram ditas tanto no dia quatro\u00a0como tamb\u00e9m depois eram: erquerdista, esquerdopada, petista, lulista e comunista, em primeiro lugar.<br \/>\nEsse termo \u201ccomunista\u201d lhe atinge de alguma forma?<br \/>\nN\u00e3o. At\u00e9 as vezes me d\u00e1 vontade de dizer, n\u00e3o disse, mas d\u00e1 vontade de dizer que para mim \u00e9 um elogio. Quer dizer, a palavra comunista se pega no sentido, como eles dizem, &#8220;partid\u00e1rios&#8221;, &#8220;comunista marxista&#8221;, e tal n\u00e3o \u00e9 esse, n\u00e3o.<br \/>\nO ideal crist\u00e3o das coisas serem em comum, repartidas, que a economia fosse de fato uma economia em favor da vida, e n\u00e3o em favor da acumula\u00e7\u00e3o, e assim por diante, ser comunista nesse sentido \u00e9 ser crist\u00e3o.<br \/>\nOs crist\u00e3os, palavra de Deus, &#8220;os crist\u00e3os tinham tudo em comum&#8221;. Comunista, n\u00e9? Agora,\u00a0 claro que esse \u2018tinha todo em comum\u2019, do tempo dos primeiros crist\u00e3os, deve ser traduzido hoje de uma maneira diferente, claro. A sociedade organizada hoje n\u00e3o \u00e9 mais aquela sociedade do tempo dos primeiros crist\u00e3os.<br \/>\nEnt\u00e3o, esta palavra, a mim, pessoalmente, n\u00e3o me ofende, sinceramente. Para eles \u00e9 um palavr\u00e3o. Me ofende mais outras palavras. Para mim, a palavra comunista n\u00e3o ofende.<br \/>\nO senhor deu um exemplo de que, normalmente, naquele ambiente, h\u00e1 palavras que n\u00e3o podem ser usadas como racismo, desigualdade, entre outras. Isso choca com a ideia de crist\u00e3o?<br \/>\nS\u00e3o duas vis\u00f5es diferentes e, sobretudo, s\u00e3o duas pr\u00e1ticas diferentes do &#8220;ser crist\u00e3o&#8221;. O que significa ser crist\u00e3o? O que quer dizer ser crist\u00e3o? Alargando um pouco o que significa a religi\u00e3o, mas prefiro dizer crist\u00e3o. O que significa isso? Porque n\u00f3s vivemos em um mundo plural tamb\u00e9m na Igreja em que tem gente que, para ele, ser crist\u00e3o \u00e9 aquele &#8220;oba oba&#8221;, desligado totalmente da vida concreta.<br \/>\nEstas pessoas n\u00e3o sabem qual \u00e9 a vida concreta do povo. Para eles \u00e9 at\u00e9 bom que haja pobre pra eles poderem fazer caridades, e fazendo caridade pensam que j\u00e1 est\u00e3o com a salva\u00e7\u00e3o garantida, mas falar desses pobres porque s\u00e3o pobres \u00e9 aquela pr\u00e1tica de Dom Helder C\u00e2mara:<br \/>\n&#8220;Se eu dou esmola, fa\u00e7o caridade aos pobres, me chame de santo, mas se eu digo: &#8216;Por que os pobres s\u00e3o pobres?&#8217; A\u00ed me chamem de comunista&#8221;, isto ainda no tempo de Dom Helder C\u00e2mara, j\u00e1 faz um tempinho.<br \/>\nO discurso, pode usar essa express\u00e3o, inicial na miss\u00e3o que Jesus iniciou foi exatamente isso: &#8220;O esp\u00edrito do Senhor me ungiu, me consagrou e me enviou para anunciar a boa not\u00edcia aos pobres&#8221;. \u00c9 a primeira palavra de Jesus em sua miss\u00e3o: &#8220;Me enviou para anunciar a boa not\u00edcia aos pobres, libertar os prisioneiros&#8221;, e assim por diante.<br \/>\n:: Terreno abandonado e cheio de lixo vira horta agroecol\u00f3gica em comunidade de Vit\u00f3ria (ES) ::<br \/>\nEnt\u00e3o, essa jun\u00e7\u00e3o da vida crist\u00e3, da f\u00e9 crist\u00e3, da pr\u00e1tica de cristo com a vida concreta e, sobretudo, com a vida dos mais desfavorecidos, isto \u00e9 o que cria, digamos assim, esse choque que, infelizmente, se traduz depois em viol\u00eancia que n\u00e3o \u00e9 s\u00f3 f\u00edsica, mas tamb\u00e9m viol\u00eancia verbal, porque diga-se de passagem, eu, no dia quatro\u00a0de julho, n\u00e3o me senti agredido fisicamente.<br \/>\nN\u00e3o houve, me parece, por parte das pessoas que vieram reclamar, a inten\u00e7\u00e3o de querer agredir fisicamente. N\u00e3o, n\u00e3o me pareceu n\u00e3o. Mas que houve uma agress\u00e3o de viol\u00eancia verbal, tanto pelo tom de voz como pelas palavras, isto tamb\u00e9m \u00e9 viol\u00eancia. Ent\u00e3o s\u00e3o duas vis\u00f5es e concep\u00e7\u00f5es de pr\u00e1tica de igreja e de vida crist\u00e3. De entender o que significa ser crist\u00e3o que est\u00e1 em jogo. \u00c9 o que me parece.<br \/>\nGostaria que o senhor falasse um pouco sobre os apoios que vem recebendo<br \/>\nEu acho que recebi muito mais apoio do que ofensas e contesta\u00e7\u00f5es. E esses apoios vieram por parte de gente ligada \u00e0 igreja, as pastorais sociais&#8230; ao nosso mundo, digamos, de igreja que procura ser, como diz o Papa Francisco, uma igreja em sa\u00edda.<br \/>\nEnt\u00e3o muita gente ligada \u00e0 Igreja. At\u00e9 gente ligada mesmo \u00e0 Igreja da Paz, no sentido geogr\u00e1fico, gente de classe m\u00e9dia e alta que me apoiaram. Ent\u00e3o eu recebi muito mais apoio do que contesta\u00e7\u00f5es. Isto, \u00e9 claro, que me d\u00e1 alegria.<br \/>\nMas esse apoio n\u00e3o foi s\u00f3 de gente crist\u00e3, cat\u00f3lico. De gente de outras religi\u00f5es tanto evang\u00e9licas, como tamb\u00e9m afrodescedentes, e gente que, digamos assim, de entidades que n\u00e3o s\u00e3o ligadas a igreja nenhuma, a religi\u00e3o nenhuma.<br \/>\nNeste momento de confus\u00e3o que estou vivendo e contatos que a gente teve, encontrei pessoas, n\u00e3o diretamente ligadas a igrejas, de uma nobreza humana maravilhosa. Quer dizer? Essa palavra \u201cnobreza humana\u201d, eu diria de uma humanidade maravilhosa, porque no fundo, se trata de ser gente, de ser pessoa, de ser humano, e o cristianismo s\u00f3 tem sentido se \u00e9 humano, se ajuda a humanidade a se tornar mais humana, porque n\u00e3o adianta se dizer crist\u00e3o se a gente n\u00e3o \u00e9 humano.<br \/>\n\u00c9 a primeira coisa que o crist\u00e3o deve aprender: ser humano. Ent\u00e3o encontrei nesses apoios, pessoas que n\u00e3o est\u00e3o ligadas diretamente a igreja nenhuma, mas de uma, eu chamo de nobreza, nesse sentido, para at\u00e9 valorizar a palavra &#8220;nobre&#8221;.<br \/>\nEm geral, a palavra nobre se refere sempre a uma categoria sociol\u00f3gica de gente de posse. A nobreza humana. A humanidade. Isso, claro, que me d\u00e1 uma for\u00e7a muito grande. Ent\u00e3o eu agrade\u00e7o a essas pessoas, entidades e tudo mais que manifestaram esse apoio, que eu at\u00e9 nem consigo responder a todo mundo, n\u00e3o, porque \u00e9 demais. O apoio faz bem porque a gente n\u00e3o se sente s\u00f3.<br \/>\nNa sua opini\u00e3o, por que esse fato ganhou tanta repercuss\u00e3o?<br \/>\nEu acho que isso tem a ver com o momento pol\u00edtico-social que estamos vivendo no Brasil. \u00a0E talvez isso ganhou mais for\u00e7a, infelizmente, a partir da elei\u00e7\u00e3o de Bolsonaro a presidente, que se criou esse clima de antagonismo ferrenho, de \u00f3dio mesmo, que se manifesta de maneira brutal e violenta no palavreado e tamb\u00e9m nas a\u00e7\u00f5es.<br \/>\nEnt\u00e3o esse momento favorece, me parece, favorece esse tipo de atitude. Antes disso a gente fazia, realmente, na Igreja, menos prega\u00e7\u00f5es, digamos assim. As diferentes concep\u00e7\u00f5es de igreja n\u00e3o chegaram nesse ponto, digamos, violentos. Ent\u00e3o isso \u00e9 ligado mesmo ao momento pol\u00edtico-social que estamos n\u00f3s vivendo no Brasil.<\/p>\n<p>Fonte:\u00a0BdF Cear\u00e1<br \/>\nEdi\u00e7\u00e3o: Monyse Ravena<\/p>\n","protected":false},"excerpt":{"rendered":"<p>Padre Lino falou com o Brasil de Fato sobre os epis\u00f3dios de agress\u00e3o verbal sofridos por ele na igreja onde atua Por Francisco Barbosa Lino Allegri \u00e9 um padre mission\u00e1rio italiano com 56 anos de vida presbiteral &#8211; Reprodu\u00e7\u00e3o \/ escrivaninha.blog O\u00a0Brasil de Fato\u00a0conversou com o Padre Lino Allegri que, recentemente, foi alvo de hostiliza\u00e7\u00e3o em suas homilias ao criticar a pol\u00edtica de combate e preven\u00e7\u00e3o \u00e0 covid-19 do governo<\/p>\n","protected":false},"author":1,"featured_media":2841,"comment_status":"open","ping_status":"open","sticky":false,"template":"","format":"standard","meta":[],"categories":[18],"tags":[],"yoast_head":"<!-- This site is optimized with the Yoast SEO plugin v16.3 - https:\/\/yoast.com\/wordpress\/plugins\/seo\/ -->\n<title>ENTREVISTA: Padre Lino sobre persegui\u00e7\u00e3o no Cear\u00e1: \u201cS\u00e3o dois modelos de Igreja que est\u00e3o frente a frente\u201d - TRIBUNA DA PRAIA<\/title>\n<meta name=\"robots\" content=\"index, follow, max-snippet:-1, max-image-preview:large, max-video-preview:-1\" \/>\n<link rel=\"canonical\" href=\"https:\/\/tribunadapraia.com.br\/?p=2840\" \/>\n<meta property=\"og:locale\" content=\"pt_BR\" \/>\n<meta property=\"og:type\" content=\"article\" \/>\n<meta property=\"og:title\" content=\"ENTREVISTA: Padre Lino sobre persegui\u00e7\u00e3o no Cear\u00e1: \u201cS\u00e3o dois modelos de Igreja que est\u00e3o frente a frente\u201d - TRIBUNA DA PRAIA\" \/>\n<meta property=\"og:description\" content=\"Padre Lino falou com o Brasil de Fato sobre os epis\u00f3dios de agress\u00e3o verbal sofridos por ele na igreja onde atua Por Francisco Barbosa Lino Allegri \u00e9 um padre mission\u00e1rio italiano com 56 anos de vida presbiteral &#8211; Reprodu\u00e7\u00e3o \/ escrivaninha.blog O\u00a0Brasil de Fato\u00a0conversou com o Padre Lino Allegri que, recentemente, foi alvo de hostiliza\u00e7\u00e3o em suas homilias ao criticar a pol\u00edtica de combate e preven\u00e7\u00e3o \u00e0 covid-19 do governo\" \/>\n<meta property=\"og:url\" content=\"https:\/\/tribunadapraia.com.br\/?p=2840\" \/>\n<meta property=\"og:site_name\" content=\"TRIBUNA DA PRAIA\" \/>\n<meta property=\"article:publisher\" content=\"https:\/\/www.facebook.com\/tribunadapraiaonline\/\" \/>\n<meta property=\"article:published_time\" content=\"2021-07-23T15:16:56+00:00\" \/>\n<meta property=\"article:modified_time\" content=\"2021-07-23T15:17:42+00:00\" \/>\n<meta property=\"og:image\" content=\"https:\/\/tribunadapraia.com.br\/wp-content\/uploads\/2021\/07\/image_processing20210719-2968-19knzkx.jpeg\" \/>\n\t<meta property=\"og:image:width\" content=\"580\" \/>\n\t<meta property=\"og:image:height\" content=\"556\" \/>\n<meta name=\"twitter:card\" content=\"summary_large_image\" \/>\n<meta name=\"twitter:creator\" content=\"@Claudomir21\" \/>\n<meta name=\"twitter:site\" content=\"@Claudomir21\" \/>\n<meta name=\"twitter:label1\" content=\"Est. tempo de leitura\">\n\t<meta name=\"twitter:data1\" content=\"8 minutos\">\n<script type=\"application\/ld+json\" class=\"yoast-schema-graph\">{\"@context\":\"https:\/\/schema.org\",\"@graph\":[{\"@type\":\"Organization\",\"@id\":\"https:\/\/tribunadapraia.com.br\/#organization\",\"name\":\"Tribuna da Praia\",\"url\":\"https:\/\/tribunadapraia.com.br\/\",\"sameAs\":[\"https:\/\/www.facebook.com\/tribunadapraiaonline\/\",\"https:\/\/www.instagram.com\/claudomirtavares\/\",\"https:\/\/www.youtube.com\/channel\/UCwQf80nxiMzCefAyjbp53Rw\",\"https:\/\/twitter.com\/Claudomir21\"],\"logo\":{\"@type\":\"ImageObject\",\"@id\":\"https:\/\/tribunadapraia.com.br\/#logo\",\"inLanguage\":\"pt-BR\",\"url\":\"https:\/\/tribunadapraia.com.br\/wp-content\/uploads\/2020\/02\/logo.png\",\"contentUrl\":\"https:\/\/tribunadapraia.com.br\/wp-content\/uploads\/2020\/02\/logo.png\",\"width\":501,\"height\":121,\"caption\":\"Tribuna da Praia\"},\"image\":{\"@id\":\"https:\/\/tribunadapraia.com.br\/#logo\"}},{\"@type\":\"WebSite\",\"@id\":\"https:\/\/tribunadapraia.com.br\/#website\",\"url\":\"https:\/\/tribunadapraia.com.br\/\",\"name\":\"TRIBUNA DA PRAIA\",\"description\":\"O 1\\u00ba jornal do interior de Sergipe na internet\",\"publisher\":{\"@id\":\"https:\/\/tribunadapraia.com.br\/#organization\"},\"potentialAction\":[{\"@type\":\"SearchAction\",\"target\":\"https:\/\/tribunadapraia.com.br\/?s={search_term_string}\",\"query-input\":\"required name=search_term_string\"}],\"inLanguage\":\"pt-BR\"},{\"@type\":\"ImageObject\",\"@id\":\"https:\/\/tribunadapraia.com.br\/?p=2840#primaryimage\",\"inLanguage\":\"pt-BR\",\"url\":\"https:\/\/tribunadapraia.com.br\/wp-content\/uploads\/2021\/07\/image_processing20210719-2968-19knzkx.jpeg\",\"contentUrl\":\"https:\/\/tribunadapraia.com.br\/wp-content\/uploads\/2021\/07\/image_processing20210719-2968-19knzkx.jpeg\",\"width\":580,\"height\":556},{\"@type\":\"WebPage\",\"@id\":\"https:\/\/tribunadapraia.com.br\/?p=2840#webpage\",\"url\":\"https:\/\/tribunadapraia.com.br\/?p=2840\",\"name\":\"ENTREVISTA: Padre Lino sobre persegui\\u00e7\\u00e3o no Cear\\u00e1: \\u201cS\\u00e3o dois modelos de Igreja que est\\u00e3o frente a frente\\u201d - TRIBUNA DA PRAIA\",\"isPartOf\":{\"@id\":\"https:\/\/tribunadapraia.com.br\/#website\"},\"primaryImageOfPage\":{\"@id\":\"https:\/\/tribunadapraia.com.br\/?p=2840#primaryimage\"},\"datePublished\":\"2021-07-23T15:16:56+00:00\",\"dateModified\":\"2021-07-23T15:17:42+00:00\",\"breadcrumb\":{\"@id\":\"https:\/\/tribunadapraia.com.br\/?p=2840#breadcrumb\"},\"inLanguage\":\"pt-BR\",\"potentialAction\":[{\"@type\":\"ReadAction\",\"target\":[\"https:\/\/tribunadapraia.com.br\/?p=2840\"]}]},{\"@type\":\"BreadcrumbList\",\"@id\":\"https:\/\/tribunadapraia.com.br\/?p=2840#breadcrumb\",\"itemListElement\":[{\"@type\":\"ListItem\",\"position\":1,\"item\":{\"@type\":\"WebPage\",\"@id\":\"https:\/\/tribunadapraia.com.br\/\",\"url\":\"https:\/\/tribunadapraia.com.br\/\",\"name\":\"In\\u00edcio\"}},{\"@type\":\"ListItem\",\"position\":2,\"item\":{\"@id\":\"https:\/\/tribunadapraia.com.br\/?p=2840#webpage\"}}]},{\"@type\":\"Article\",\"@id\":\"https:\/\/tribunadapraia.com.br\/?p=2840#article\",\"isPartOf\":{\"@id\":\"https:\/\/tribunadapraia.com.br\/?p=2840#webpage\"},\"author\":{\"@id\":\"https:\/\/tribunadapraia.com.br\/#\/schema\/person\/326b0a9f3163b479142c64eba4928de0\"},\"headline\":\"ENTREVISTA: Padre Lino sobre persegui\\u00e7\\u00e3o no Cear\\u00e1: \\u201cS\\u00e3o dois modelos de Igreja que est\\u00e3o frente a frente\\u201d\",\"datePublished\":\"2021-07-23T15:16:56+00:00\",\"dateModified\":\"2021-07-23T15:17:42+00:00\",\"mainEntityOfPage\":{\"@id\":\"https:\/\/tribunadapraia.com.br\/?p=2840#webpage\"},\"wordCount\":1964,\"commentCount\":0,\"publisher\":{\"@id\":\"https:\/\/tribunadapraia.com.br\/#organization\"},\"image\":{\"@id\":\"https:\/\/tribunadapraia.com.br\/?p=2840#primaryimage\"},\"thumbnailUrl\":\"https:\/\/tribunadapraia.com.br\/wp-content\/uploads\/2021\/07\/image_processing20210719-2968-19knzkx.jpeg\",\"articleSection\":[\"Not\\u00edcias\"],\"inLanguage\":\"pt-BR\",\"potentialAction\":[{\"@type\":\"CommentAction\",\"name\":\"Comment\",\"target\":[\"https:\/\/tribunadapraia.com.br\/?p=2840#respond\"]}]},{\"@type\":\"Person\",\"@id\":\"https:\/\/tribunadapraia.com.br\/#\/schema\/person\/326b0a9f3163b479142c64eba4928de0\",\"name\":\"tribunadapraia\",\"image\":{\"@type\":\"ImageObject\",\"@id\":\"https:\/\/tribunadapraia.com.br\/#personlogo\",\"inLanguage\":\"pt-BR\",\"url\":\"https:\/\/secure.gravatar.com\/avatar\/38b019c74762496076b7355024a0dad9?s=96&d=identicon&r=g\",\"contentUrl\":\"https:\/\/secure.gravatar.com\/avatar\/38b019c74762496076b7355024a0dad9?s=96&d=identicon&r=g\",\"caption\":\"tribunadapraia\"}}]}<\/script>\n<!-- \/ Yoast SEO plugin. -->","wps_subtitle":"","_links":{"self":[{"href":"https:\/\/tribunadapraia.com.br\/index.php?rest_route=\/wp\/v2\/posts\/2840"}],"collection":[{"href":"https:\/\/tribunadapraia.com.br\/index.php?rest_route=\/wp\/v2\/posts"}],"about":[{"href":"https:\/\/tribunadapraia.com.br\/index.php?rest_route=\/wp\/v2\/types\/post"}],"author":[{"embeddable":true,"href":"https:\/\/tribunadapraia.com.br\/index.php?rest_route=\/wp\/v2\/users\/1"}],"replies":[{"embeddable":true,"href":"https:\/\/tribunadapraia.com.br\/index.php?rest_route=%2Fwp%2Fv2%2Fcomments&post=2840"}],"version-history":[{"count":1,"href":"https:\/\/tribunadapraia.com.br\/index.php?rest_route=\/wp\/v2\/posts\/2840\/revisions"}],"predecessor-version":[{"id":2842,"href":"https:\/\/tribunadapraia.com.br\/index.php?rest_route=\/wp\/v2\/posts\/2840\/revisions\/2842"}],"wp:featuredmedia":[{"embeddable":true,"href":"https:\/\/tribunadapraia.com.br\/index.php?rest_route=\/wp\/v2\/media\/2841"}],"wp:attachment":[{"href":"https:\/\/tribunadapraia.com.br\/index.php?rest_route=%2Fwp%2Fv2%2Fmedia&parent=2840"}],"wp:term":[{"taxonomy":"category","embeddable":true,"href":"https:\/\/tribunadapraia.com.br\/index.php?rest_route=%2Fwp%2Fv2%2Fcategories&post=2840"},{"taxonomy":"post_tag","embeddable":true,"href":"https:\/\/tribunadapraia.com.br\/index.php?rest_route=%2Fwp%2Fv2%2Ftags&post=2840"}],"curies":[{"name":"wp","href":"https:\/\/api.w.org\/{rel}","templated":true}]}}