{"id":2837,"date":"2021-07-22T07:50:23","date_gmt":"2021-07-22T10:50:23","guid":{"rendered":"https:\/\/tribunadapraia.com.br\/?p=2837"},"modified":"2021-07-22T07:51:01","modified_gmt":"2021-07-22T10:51:01","slug":"2022-analise-de-pesquisas-com-vantagem-de-lula-contesta-tese-de-polarizacao","status":"publish","type":"post","link":"https:\/\/tribunadapraia.com.br\/?p=2837","title":{"rendered":"2022: An\u00e1lise de pesquisas com vantagem de Lula contesta tese de &#8220;polariza\u00e7\u00e3o&#8221;"},"content":{"rendered":"<p>Datafolha refor\u00e7a, neste momento, a lideran\u00e7a do ex-presidente Luiz In\u00e1cio Lula da Silva nas inten\u00e7\u00f5es de voto para a elei\u00e7\u00e3o de 2022<\/p>\n<p>\u201c\u00c9 precipitado, ou artificial, afirmar que o cen\u00e1rio eleitoral como um todo e a for\u00e7a de Lula nas pesquisas de inten\u00e7\u00e3o de voto se devam \u00e0 chamada polariza\u00e7\u00e3o\u201d, afirma a\u00a0Funda\u00e7\u00e3o Perseu Abramo (FPA) em boletim do N\u00facleo de Opini\u00e3o P\u00fablica, Pesquisa e Estudos (Noppe).<br \/>\nO grupo analisou levantamentos feitos por seis institutos na primeira semana (entre os dias 1 e 8) deste m\u00eas. Por um lado, a funda\u00e7\u00e3o vinculada ao PT observa que todas a pesquisas, sejam presenciais ou telef\u00f4nicas, mostram \u201crara converg\u00eancia\u201d.<br \/>\nNeste momento, apontam o ex-presidente Luiz In\u00e1cio Lula da Silva (PT) com aproximadamente 40% das prefer\u00eancias do eleitorado e o atual, Jair Bolsonaro (sem partido), em torno de 25%. Os demais pr\u00e9-candidatos ficam com 15%.<br \/>\nCentro-direita ainda sem nome<br \/>\nAssim, no cen\u00e1rio de momento, segunda as pesquisas, Lula n\u00e3o venceria s\u00f3 Bolsonaro no segundo turno, mas todos os concorrentes.<br \/>\n\u201cAl\u00e9m disso, as candidaturas de centro-direita at\u00e9 agora oficialmente colocadas ou em fase de ensaios n\u00e3o teriam a mesma for\u00e7a de Lula no segundo\u201d, diz o Noppe. \u201cAlgumas delas \u2013 Doria, Mandetta e Eduardo Leite \u2013 seriam, inclusive, derrotadas pelo atual presidente caso o enfrentassem no segundo turno\u201d, acrescentam analistas, citando poss\u00edveis candidatos de DEM e PSDB.<br \/>\nLeia tamb\u00e9m:\u00a0A proposta de semipresidencialismo de Lira e o jogo pol\u00edtico anti-Lula: entenda cen\u00e1rio<br \/>\nPesquisa do Datafolha realizada nos dias 7 e 8, por exemplo, aponta o atual presidente como candidato dos empres\u00e1rios: 56%, ante 34% para Lula. J\u00e1 o petista tema larga vantagem (57%) entre eleitores com renda de at\u00e9 dois sal\u00e1rios m\u00ednimos. Al\u00e9m disso, os analistas destacam empate entre as duas candidaturas no segmento que ganha acima de 10 m\u00ednimos.<br \/>\n\u201c\u00c0 exce\u00e7\u00e3o da pesquisa do Ideia Big Data, que testa apenas cen\u00e1rios reduzidos para mensurar a viabilidade de candidaturas de centro-direita (como Doria, Eduardo Leite e Mandetta), Lula tem mais de 10 pontos percentuais de vantagem sobre Bolsonaro e os candidatos da centro-direita apresentam pouca competitividade\u201d, afirma o Noppe.<br \/>\nDesalento da terceira via<br \/>\nEm outra pesquisa, XP\/Ipesp, o governador de S\u00e3o Paulo, Jo\u00e3o Doria (PSDB), perderia para Bolsonaro no segundo turno, por 4 pontos percentuais. \u201cPara desalento dos te\u00f3ricos da chamada terceira via\u201d, acrescenta o Noppe. Outro tucano, o governador ga\u00facho, Eduardo Leite, tamb\u00e9m perderia, assim como o ex-ministro da Sa\u00fade Henrique Mandetta (DEM).<br \/>\nLevantamento Genial Quaest aponta fracasso do atual presidente na tentativa de pautar a quest\u00e3o do voto impresso. Segundo a pesquisa, 61% afirmaram nem sequer ter conhecimento da pol\u00eamica.\u00a0H\u00e1 uma proposta de emenda \u00e0 Constitui\u00e7\u00e3o (PEC) sobre o tema em discuss\u00e3o na C\u00e2mara.<br \/>\nPor outro lado, a CPI da Covid, no Senado, \u00e9 vista com aten\u00e7\u00e3o. Segundo a PoderData, 74% dos entrevistados est\u00e3o acompanhando os debates, que comprometem o governo. Dessa forma, as pesquisas XP\/Ipespe e Datafolha refletem a percep\u00e7\u00e3o de que o presidente da Rep\u00fablica sabia dos atos de corrup\u00e7\u00e3o na compra de vacina, com 63% e 64%, respectivamente.<\/p>\n<p>por Rede Brasil Atual<\/p>\n","protected":false},"excerpt":{"rendered":"<p>Datafolha refor\u00e7a, neste momento, a lideran\u00e7a do ex-presidente Luiz In\u00e1cio Lula da Silva nas inten\u00e7\u00f5es de voto para a elei\u00e7\u00e3o de 2022 \u201c\u00c9 precipitado, ou artificial, afirmar que o cen\u00e1rio eleitoral como um todo e a for\u00e7a de Lula nas pesquisas de inten\u00e7\u00e3o de voto se devam \u00e0 chamada polariza\u00e7\u00e3o\u201d, afirma a\u00a0Funda\u00e7\u00e3o Perseu Abramo (FPA) em boletim do N\u00facleo de Opini\u00e3o P\u00fablica, Pesquisa e Estudos (Noppe). O grupo analisou levantamentos<\/p>\n","protected":false},"author":1,"featured_media":2838,"comment_status":"open","ping_status":"open","sticky":false,"template":"","format":"standard","meta":[],"categories":[18],"tags":[],"yoast_head":"<!-- This site is optimized with the Yoast SEO plugin v16.3 - https:\/\/yoast.com\/wordpress\/plugins\/seo\/ -->\n<title>2022: An\u00e1lise de pesquisas com vantagem de Lula contesta tese de &quot;polariza\u00e7\u00e3o&quot; - TRIBUNA DA PRAIA<\/title>\n<meta name=\"robots\" content=\"index, follow, max-snippet:-1, max-image-preview:large, max-video-preview:-1\" \/>\n<link rel=\"canonical\" href=\"https:\/\/tribunadapraia.com.br\/?p=2837\" \/>\n<meta property=\"og:locale\" content=\"pt_BR\" \/>\n<meta property=\"og:type\" content=\"article\" \/>\n<meta property=\"og:title\" content=\"2022: An\u00e1lise de pesquisas com vantagem de Lula contesta tese de &quot;polariza\u00e7\u00e3o&quot; - TRIBUNA DA PRAIA\" \/>\n<meta property=\"og:description\" content=\"Datafolha refor\u00e7a, neste momento, a lideran\u00e7a do ex-presidente Luiz In\u00e1cio Lula da Silva nas inten\u00e7\u00f5es de voto para a elei\u00e7\u00e3o de 2022 \u201c\u00c9 precipitado, ou artificial, afirmar que o cen\u00e1rio eleitoral como um todo e a for\u00e7a de Lula nas pesquisas de inten\u00e7\u00e3o de voto se devam \u00e0 chamada polariza\u00e7\u00e3o\u201d, afirma a\u00a0Funda\u00e7\u00e3o Perseu Abramo (FPA) em boletim do N\u00facleo de Opini\u00e3o P\u00fablica, Pesquisa e Estudos (Noppe). O grupo analisou levantamentos\" \/>\n<meta property=\"og:url\" content=\"https:\/\/tribunadapraia.com.br\/?p=2837\" \/>\n<meta property=\"og:site_name\" content=\"TRIBUNA DA PRAIA\" \/>\n<meta property=\"article:publisher\" content=\"https:\/\/www.facebook.com\/tribunadapraiaonline\/\" \/>\n<meta property=\"article:published_time\" content=\"2021-07-22T10:50:23+00:00\" \/>\n<meta property=\"article:modified_time\" content=\"2021-07-22T10:51:01+00:00\" \/>\n<meta property=\"og:image\" content=\"https:\/\/tribunadapraia.com.br\/wp-content\/uploads\/2021\/07\/image_processing20210709-28018-1is32db-1.jpeg\" \/>\n\t<meta property=\"og:image:width\" content=\"800\" \/>\n\t<meta property=\"og:image:height\" content=\"533\" \/>\n<meta name=\"twitter:card\" content=\"summary_large_image\" \/>\n<meta name=\"twitter:creator\" content=\"@Claudomir21\" \/>\n<meta name=\"twitter:site\" content=\"@Claudomir21\" \/>\n<meta name=\"twitter:label1\" content=\"Est. tempo de leitura\">\n\t<meta name=\"twitter:data1\" content=\"3 minutos\">\n<script type=\"application\/ld+json\" class=\"yoast-schema-graph\">{\"@context\":\"https:\/\/schema.org\",\"@graph\":[{\"@type\":\"Organization\",\"@id\":\"https:\/\/tribunadapraia.com.br\/#organization\",\"name\":\"Tribuna da Praia\",\"url\":\"https:\/\/tribunadapraia.com.br\/\",\"sameAs\":[\"https:\/\/www.facebook.com\/tribunadapraiaonline\/\",\"https:\/\/www.instagram.com\/claudomirtavares\/\",\"https:\/\/www.youtube.com\/channel\/UCwQf80nxiMzCefAyjbp53Rw\",\"https:\/\/twitter.com\/Claudomir21\"],\"logo\":{\"@type\":\"ImageObject\",\"@id\":\"https:\/\/tribunadapraia.com.br\/#logo\",\"inLanguage\":\"pt-BR\",\"url\":\"https:\/\/tribunadapraia.com.br\/wp-content\/uploads\/2020\/02\/logo.png\",\"contentUrl\":\"https:\/\/tribunadapraia.com.br\/wp-content\/uploads\/2020\/02\/logo.png\",\"width\":501,\"height\":121,\"caption\":\"Tribuna da Praia\"},\"image\":{\"@id\":\"https:\/\/tribunadapraia.com.br\/#logo\"}},{\"@type\":\"WebSite\",\"@id\":\"https:\/\/tribunadapraia.com.br\/#website\",\"url\":\"https:\/\/tribunadapraia.com.br\/\",\"name\":\"TRIBUNA DA PRAIA\",\"description\":\"O 1\\u00ba jornal do interior de Sergipe na internet\",\"publisher\":{\"@id\":\"https:\/\/tribunadapraia.com.br\/#organization\"},\"potentialAction\":[{\"@type\":\"SearchAction\",\"target\":\"https:\/\/tribunadapraia.com.br\/?s={search_term_string}\",\"query-input\":\"required name=search_term_string\"}],\"inLanguage\":\"pt-BR\"},{\"@type\":\"ImageObject\",\"@id\":\"https:\/\/tribunadapraia.com.br\/?p=2837#primaryimage\",\"inLanguage\":\"pt-BR\",\"url\":\"https:\/\/tribunadapraia.com.br\/wp-content\/uploads\/2021\/07\/image_processing20210709-28018-1is32db-1.jpeg\",\"contentUrl\":\"https:\/\/tribunadapraia.com.br\/wp-content\/uploads\/2021\/07\/image_processing20210709-28018-1is32db-1.jpeg\",\"width\":800,\"height\":533,\"caption\":\"Brazilian former president (2003-2011) Luiz Inacio Lula da Silva, delivers a press conference at the metalworkers' union building in Sao Bernardo do Campo, in metropolitan Sao Paulo, Brazil, on March 10, 2021. - Brazil's former leader Luiz Inacio Lula da Silva made his return to politics Wednesday with a virulent attack on President Jair Bolsonaro and his \\\"imbecile\\\" handling of the coronavirus pandemic. (Photo by Miguel SCHINCARIOL \/ AFP)\"},{\"@type\":\"WebPage\",\"@id\":\"https:\/\/tribunadapraia.com.br\/?p=2837#webpage\",\"url\":\"https:\/\/tribunadapraia.com.br\/?p=2837\",\"name\":\"2022: An\\u00e1lise de pesquisas com vantagem de Lula contesta tese de \\\"polariza\\u00e7\\u00e3o\\\" - TRIBUNA DA PRAIA\",\"isPartOf\":{\"@id\":\"https:\/\/tribunadapraia.com.br\/#website\"},\"primaryImageOfPage\":{\"@id\":\"https:\/\/tribunadapraia.com.br\/?p=2837#primaryimage\"},\"datePublished\":\"2021-07-22T10:50:23+00:00\",\"dateModified\":\"2021-07-22T10:51:01+00:00\",\"breadcrumb\":{\"@id\":\"https:\/\/tribunadapraia.com.br\/?p=2837#breadcrumb\"},\"inLanguage\":\"pt-BR\",\"potentialAction\":[{\"@type\":\"ReadAction\",\"target\":[\"https:\/\/tribunadapraia.com.br\/?p=2837\"]}]},{\"@type\":\"BreadcrumbList\",\"@id\":\"https:\/\/tribunadapraia.com.br\/?p=2837#breadcrumb\",\"itemListElement\":[{\"@type\":\"ListItem\",\"position\":1,\"item\":{\"@type\":\"WebPage\",\"@id\":\"https:\/\/tribunadapraia.com.br\/\",\"url\":\"https:\/\/tribunadapraia.com.br\/\",\"name\":\"In\\u00edcio\"}},{\"@type\":\"ListItem\",\"position\":2,\"item\":{\"@id\":\"https:\/\/tribunadapraia.com.br\/?p=2837#webpage\"}}]},{\"@type\":\"Article\",\"@id\":\"https:\/\/tribunadapraia.com.br\/?p=2837#article\",\"isPartOf\":{\"@id\":\"https:\/\/tribunadapraia.com.br\/?p=2837#webpage\"},\"author\":{\"@id\":\"https:\/\/tribunadapraia.com.br\/#\/schema\/person\/326b0a9f3163b479142c64eba4928de0\"},\"headline\":\"2022: An\\u00e1lise de pesquisas com vantagem de Lula contesta tese de &#8220;polariza\\u00e7\\u00e3o&#8221;\",\"datePublished\":\"2021-07-22T10:50:23+00:00\",\"dateModified\":\"2021-07-22T10:51:01+00:00\",\"mainEntityOfPage\":{\"@id\":\"https:\/\/tribunadapraia.com.br\/?p=2837#webpage\"},\"wordCount\":545,\"commentCount\":1,\"publisher\":{\"@id\":\"https:\/\/tribunadapraia.com.br\/#organization\"},\"image\":{\"@id\":\"https:\/\/tribunadapraia.com.br\/?p=2837#primaryimage\"},\"thumbnailUrl\":\"https:\/\/tribunadapraia.com.br\/wp-content\/uploads\/2021\/07\/image_processing20210709-28018-1is32db-1.jpeg\",\"articleSection\":[\"Not\\u00edcias\"],\"inLanguage\":\"pt-BR\",\"potentialAction\":[{\"@type\":\"CommentAction\",\"name\":\"Comment\",\"target\":[\"https:\/\/tribunadapraia.com.br\/?p=2837#respond\"]}]},{\"@type\":\"Person\",\"@id\":\"https:\/\/tribunadapraia.com.br\/#\/schema\/person\/326b0a9f3163b479142c64eba4928de0\",\"name\":\"tribunadapraia\",\"image\":{\"@type\":\"ImageObject\",\"@id\":\"https:\/\/tribunadapraia.com.br\/#personlogo\",\"inLanguage\":\"pt-BR\",\"url\":\"https:\/\/secure.gravatar.com\/avatar\/38b019c74762496076b7355024a0dad9?s=96&d=identicon&r=g\",\"contentUrl\":\"https:\/\/secure.gravatar.com\/avatar\/38b019c74762496076b7355024a0dad9?s=96&d=identicon&r=g\",\"caption\":\"tribunadapraia\"}}]}<\/script>\n<!-- \/ Yoast SEO plugin. -->","wps_subtitle":"Segundo pesquisas, ex-presidente venceria n\u00e3o apenas Bolsonaro, mas qualquer concorrente","_links":{"self":[{"href":"https:\/\/tribunadapraia.com.br\/index.php?rest_route=\/wp\/v2\/posts\/2837"}],"collection":[{"href":"https:\/\/tribunadapraia.com.br\/index.php?rest_route=\/wp\/v2\/posts"}],"about":[{"href":"https:\/\/tribunadapraia.com.br\/index.php?rest_route=\/wp\/v2\/types\/post"}],"author":[{"embeddable":true,"href":"https:\/\/tribunadapraia.com.br\/index.php?rest_route=\/wp\/v2\/users\/1"}],"replies":[{"embeddable":true,"href":"https:\/\/tribunadapraia.com.br\/index.php?rest_route=%2Fwp%2Fv2%2Fcomments&post=2837"}],"version-history":[{"count":1,"href":"https:\/\/tribunadapraia.com.br\/index.php?rest_route=\/wp\/v2\/posts\/2837\/revisions"}],"predecessor-version":[{"id":2839,"href":"https:\/\/tribunadapraia.com.br\/index.php?rest_route=\/wp\/v2\/posts\/2837\/revisions\/2839"}],"wp:featuredmedia":[{"embeddable":true,"href":"https:\/\/tribunadapraia.com.br\/index.php?rest_route=\/wp\/v2\/media\/2838"}],"wp:attachment":[{"href":"https:\/\/tribunadapraia.com.br\/index.php?rest_route=%2Fwp%2Fv2%2Fmedia&parent=2837"}],"wp:term":[{"taxonomy":"category","embeddable":true,"href":"https:\/\/tribunadapraia.com.br\/index.php?rest_route=%2Fwp%2Fv2%2Fcategories&post=2837"},{"taxonomy":"post_tag","embeddable":true,"href":"https:\/\/tribunadapraia.com.br\/index.php?rest_route=%2Fwp%2Fv2%2Ftags&post=2837"}],"curies":[{"name":"wp","href":"https:\/\/api.w.org\/{rel}","templated":true}]}}