{"id":2829,"date":"2021-07-22T03:59:48","date_gmt":"2021-07-22T06:59:48","guid":{"rendered":"https:\/\/tribunadapraia.com.br\/?p=2829"},"modified":"2021-07-22T07:32:39","modified_gmt":"2021-07-22T10:32:39","slug":"artigo-inconstitucionalidade-e-ilegalidade-das-rinhas-de-galo-parte-4-pronunciamentos-do-tjes","status":"publish","type":"post","link":"https:\/\/tribunadapraia.com.br\/?p=2829","title":{"rendered":"Artigo: Inconstitucionalidade e ilegalidade das rinhas de galo &#8211; Parte 4 (Pronunciamentos dos TJE&#8217;s)"},"content":{"rendered":"<p>por Edna Cardozo Dias (1)<\/p>\n<p>4. PRONUNCIAMENTOS DOS TRIBUNAIS DE JUSTI\u00c7A DOS ESTADOS<\/p>\n<p>Em 1990 foi aprovada por decurso de prazo no munic\u00edpio de Salvador a Lei municipal 4.149\/90, que permitia a realiza\u00e7\u00e3o de brigas de galo naquele munic\u00edpio.<\/p>\n<p>Tal lei feria frontalmente o art. 214, inciso VII, da Constitui\u00e7\u00e3o Estadual da Bahia, assim redigido:<\/p>\n<p><img loading=\"lazy\" class=\"alignnone size-medium wp-image-2832\" src=\"https:\/\/tribunadapraia.com.br\/wp-content\/uploads\/2021\/07\/IMAGEM_NOTICIA_3-300x199.jpg\" alt=\"\" width=\"300\" height=\"199\" srcset=\"https:\/\/tribunadapraia.com.br\/wp-content\/uploads\/2021\/07\/IMAGEM_NOTICIA_3-300x200.jpg 300w, https:\/\/tribunadapraia.com.br\/wp-content\/uploads\/2021\/07\/IMAGEM_NOTICIA_3.jpg 512w\" sizes=\"(max-width: 300px) 100vw, 300px\" \/><\/p>\n<p>&#8220;O Estado (da Bahia) e munic\u00edpios obrigam-se, atrav\u00e9s de seus \u00f3rg\u00e3os da Administra\u00e7\u00e3o direta e indireta a:<\/p>\n<p>VII \u2014 proteger a fauna e a flora, em especial as esp\u00e9cies amea\u00e7adas de extin\u00e7\u00e3o, fiscalizando a extra\u00e7\u00e3o, captura, produ\u00e7\u00e3o, transporte, comercializa\u00e7\u00e3o e consumo<\/p>\n<p>Com esses argumentos a Liga de Preven\u00e7\u00e3o da Crueldade contra o Animal dirigiu representa\u00e7\u00e3o \u00e0 Procuradoria de Justi\u00e7a daquele Estado, e o ent\u00e3o Procurador-Geral de Justi\u00e7a, Dr. Carlos Alberto Dutra Cintra impetrou um ADIn junto ao Tribunal de Justi\u00e7a daquele Estado, em 30\/1\/91, para a declara\u00e7\u00e3o da inconstitucionalidade da lei municipal de Salvador 4.149\/90.<\/p>\n<p>O ADIn foi julgado procedente em Tribunal Pleno do Tribunal de Justi\u00e7a da Bahia, tendo como relator o Des. Jatahy Fonseca, e a seguinte ementa:<\/p>\n<p>&#8220;A\u00e7\u00e3o direta de inconstitucionalidade. brigas de galos. Proced\u00eancia.<\/p>\n<p>\u00c9 inconstitucional a lei municipal que disciplina a briga de galos porque submete os animais a crueldade (art. 214, VII, da Constitui\u00e7\u00e3o Estadual e art. 225, \u00a7 1\u00ba, item VII, da Constitui\u00e7\u00e3o Federal)&#8221;. (3) Salvador, 12 de junho de 1992.<\/p>\n<p><img loading=\"lazy\" class=\"alignnone size-medium wp-image-2834\" src=\"https:\/\/tribunadapraia.com.br\/wp-content\/uploads\/2021\/07\/leis___tribunal_de_justica_gaucho_inaugura_no_predio_anexo___divulgacao_tj_rs-8889770-300x214.jpg\" alt=\"\" width=\"300\" height=\"214\" srcset=\"https:\/\/tribunadapraia.com.br\/wp-content\/uploads\/2021\/07\/leis___tribunal_de_justica_gaucho_inaugura_no_predio_anexo___divulgacao_tj_rs-8889770-300x214.jpg 300w, https:\/\/tribunadapraia.com.br\/wp-content\/uploads\/2021\/07\/leis___tribunal_de_justica_gaucho_inaugura_no_predio_anexo___divulgacao_tj_rs-8889770-768x547.jpg 768w, https:\/\/tribunadapraia.com.br\/wp-content\/uploads\/2021\/07\/leis___tribunal_de_justica_gaucho_inaugura_no_predio_anexo___divulgacao_tj_rs-8889770.jpg 800w\" sizes=\"(max-width: 300px) 100vw, 300px\" \/><\/p>\n<p>No Rio Grande do Sul o desembargador Luiz Ari Azambuja Ramos, do Tribunal de Justi\u00e7a do Rio Grande do Sul, suspendeu a vig\u00eancia da Lei n\u00ba 1.416\/95, do munic\u00edpio de Quara\u00ed, que institui o &#8220;cambate gal\u00edstico como atividade de preserva\u00e7\u00e3o das ra\u00e7as e aprimoramento zoot\u00e9cnico das aves usadas nesse esporte&#8221;.<\/p>\n<p>A lei, entre outras disposi\u00e7\u00f5es, assegurava a todas as entidades, desde que legalmente constitu\u00eddas, amplo apoio e desembara\u00e7o imediato na expedi\u00e7\u00e3o de quaisquer documentos para funcionamento.<\/p>\n<p>Tamb\u00e9m afirmava que &#8220;seria permitido aos criadores, possuidores, aficionados do esporte gal\u00edstico, amplo apoio no sentido de realizarem apresenta\u00e7\u00f5es p\u00fablicas dos seus melhores atletas, desde que, sejam realizadas apresenta\u00e7\u00f5es em institui\u00e7\u00f5es ou instala\u00e7\u00f5es adequadas para esse fim&#8221;.<\/p>\n<p>A A\u00e7\u00e3o Direta de Inconstitucionalidade (ADIn) foi proposta \u00e0 Justi\u00e7a pelo Procurador- geral, Roberto Bandeira Pereira. O procurador alegou que &#8220;sob qualquer \u00e2ngulo que se enfoque o tema, n\u00e3o poderia o legislador municipal pretender \u2018legalizar\u2019 pratica vedada reitederadamente, inclusive pelo Supremo Tribunal Federal&#8221;, segundo dados do TJ ga\u00facho.<\/p>\n<p>Processo n\u00ba 70009169624<\/p>\n<p>(Revista\u00a0Consultor Jur\u00eddico, 12 de julho de 2004, www. conjur.uol.com.br, acessado em 31.10.2000).<\/p>\n<p>Continua &#8230;<\/p>\n<p>(1) Edna Cardozo Dias \u00e9 doutora em Direito pela UFMG e professora de direito ambiental<br \/>\n(2) Publicado em 12\/2004. Elaborado em 10\/2004<\/p>\n","protected":false},"excerpt":{"rendered":"<p>por Edna Cardozo Dias (1) 4. PRONUNCIAMENTOS DOS TRIBUNAIS DE JUSTI\u00c7A DOS ESTADOS Em 1990 foi aprovada por decurso de prazo no munic\u00edpio de Salvador a Lei municipal 4.149\/90, que permitia a realiza\u00e7\u00e3o de brigas de galo naquele munic\u00edpio. Tal lei feria frontalmente o art. 214, inciso VII, da Constitui\u00e7\u00e3o Estadual da Bahia, assim redigido: &#8220;O Estado (da Bahia) e munic\u00edpios obrigam-se, atrav\u00e9s de seus \u00f3rg\u00e3os da Administra\u00e7\u00e3o direta e<\/p>\n","protected":false},"author":1,"featured_media":2830,"comment_status":"open","ping_status":"open","sticky":false,"template":"","format":"standard","meta":[],"categories":[18],"tags":[],"yoast_head":"<!-- This site is optimized with the Yoast SEO plugin v16.3 - https:\/\/yoast.com\/wordpress\/plugins\/seo\/ -->\n<title>Artigo: Inconstitucionalidade e ilegalidade das rinhas de galo - Parte 4 (Pronunciamentos dos TJE&#039;s) - TRIBUNA DA PRAIA<\/title>\n<meta name=\"robots\" content=\"index, follow, max-snippet:-1, max-image-preview:large, max-video-preview:-1\" \/>\n<link rel=\"canonical\" href=\"https:\/\/tribunadapraia.com.br\/?p=2829\" \/>\n<meta property=\"og:locale\" content=\"pt_BR\" \/>\n<meta property=\"og:type\" content=\"article\" \/>\n<meta property=\"og:title\" content=\"Artigo: Inconstitucionalidade e ilegalidade das rinhas de galo - Parte 4 (Pronunciamentos dos TJE&#039;s) - TRIBUNA DA PRAIA\" \/>\n<meta property=\"og:description\" content=\"por Edna Cardozo Dias (1) 4. PRONUNCIAMENTOS DOS TRIBUNAIS DE JUSTI\u00c7A DOS ESTADOS Em 1990 foi aprovada por decurso de prazo no munic\u00edpio de Salvador a Lei municipal 4.149\/90, que permitia a realiza\u00e7\u00e3o de brigas de galo naquele munic\u00edpio. Tal lei feria frontalmente o art. 214, inciso VII, da Constitui\u00e7\u00e3o Estadual da Bahia, assim redigido: &#8220;O Estado (da Bahia) e munic\u00edpios obrigam-se, atrav\u00e9s de seus \u00f3rg\u00e3os da Administra\u00e7\u00e3o direta e\" \/>\n<meta property=\"og:url\" content=\"https:\/\/tribunadapraia.com.br\/?p=2829\" \/>\n<meta property=\"og:site_name\" content=\"TRIBUNA DA PRAIA\" \/>\n<meta property=\"article:publisher\" content=\"https:\/\/www.facebook.com\/tribunadapraiaonline\/\" \/>\n<meta property=\"article:published_time\" content=\"2021-07-22T06:59:48+00:00\" \/>\n<meta property=\"article:modified_time\" content=\"2021-07-22T10:32:39+00:00\" \/>\n<meta property=\"og:image\" content=\"https:\/\/tribunadapraia.com.br\/wp-content\/uploads\/2021\/07\/depositphotos_46263387-stock-illustration-scales-of-justice.jpg\" \/>\n\t<meta property=\"og:image:width\" content=\"600\" \/>\n\t<meta property=\"og:image:height\" content=\"600\" \/>\n<meta name=\"twitter:card\" content=\"summary_large_image\" \/>\n<meta name=\"twitter:creator\" content=\"@Claudomir21\" \/>\n<meta name=\"twitter:site\" content=\"@Claudomir21\" \/>\n<meta name=\"twitter:label1\" content=\"Est. tempo de leitura\">\n\t<meta name=\"twitter:data1\" content=\"3 minutos\">\n<script type=\"application\/ld+json\" class=\"yoast-schema-graph\">{\"@context\":\"https:\/\/schema.org\",\"@graph\":[{\"@type\":\"Organization\",\"@id\":\"https:\/\/tribunadapraia.com.br\/#organization\",\"name\":\"Tribuna da Praia\",\"url\":\"https:\/\/tribunadapraia.com.br\/\",\"sameAs\":[\"https:\/\/www.facebook.com\/tribunadapraiaonline\/\",\"https:\/\/www.instagram.com\/claudomirtavares\/\",\"https:\/\/www.youtube.com\/channel\/UCwQf80nxiMzCefAyjbp53Rw\",\"https:\/\/twitter.com\/Claudomir21\"],\"logo\":{\"@type\":\"ImageObject\",\"@id\":\"https:\/\/tribunadapraia.com.br\/#logo\",\"inLanguage\":\"pt-BR\",\"url\":\"https:\/\/tribunadapraia.com.br\/wp-content\/uploads\/2020\/02\/logo.png\",\"contentUrl\":\"https:\/\/tribunadapraia.com.br\/wp-content\/uploads\/2020\/02\/logo.png\",\"width\":501,\"height\":121,\"caption\":\"Tribuna da Praia\"},\"image\":{\"@id\":\"https:\/\/tribunadapraia.com.br\/#logo\"}},{\"@type\":\"WebSite\",\"@id\":\"https:\/\/tribunadapraia.com.br\/#website\",\"url\":\"https:\/\/tribunadapraia.com.br\/\",\"name\":\"TRIBUNA DA PRAIA\",\"description\":\"O 1\\u00ba jornal do interior de Sergipe na internet\",\"publisher\":{\"@id\":\"https:\/\/tribunadapraia.com.br\/#organization\"},\"potentialAction\":[{\"@type\":\"SearchAction\",\"target\":\"https:\/\/tribunadapraia.com.br\/?s={search_term_string}\",\"query-input\":\"required name=search_term_string\"}],\"inLanguage\":\"pt-BR\"},{\"@type\":\"ImageObject\",\"@id\":\"https:\/\/tribunadapraia.com.br\/?p=2829#primaryimage\",\"inLanguage\":\"pt-BR\",\"url\":\"https:\/\/tribunadapraia.com.br\/wp-content\/uploads\/2021\/07\/depositphotos_46263387-stock-illustration-scales-of-justice.jpg\",\"contentUrl\":\"https:\/\/tribunadapraia.com.br\/wp-content\/uploads\/2021\/07\/depositphotos_46263387-stock-illustration-scales-of-justice.jpg\",\"width\":600,\"height\":600},{\"@type\":\"WebPage\",\"@id\":\"https:\/\/tribunadapraia.com.br\/?p=2829#webpage\",\"url\":\"https:\/\/tribunadapraia.com.br\/?p=2829\",\"name\":\"Artigo: Inconstitucionalidade e ilegalidade das rinhas de galo - Parte 4 (Pronunciamentos dos TJE's) - TRIBUNA DA PRAIA\",\"isPartOf\":{\"@id\":\"https:\/\/tribunadapraia.com.br\/#website\"},\"primaryImageOfPage\":{\"@id\":\"https:\/\/tribunadapraia.com.br\/?p=2829#primaryimage\"},\"datePublished\":\"2021-07-22T06:59:48+00:00\",\"dateModified\":\"2021-07-22T10:32:39+00:00\",\"breadcrumb\":{\"@id\":\"https:\/\/tribunadapraia.com.br\/?p=2829#breadcrumb\"},\"inLanguage\":\"pt-BR\",\"potentialAction\":[{\"@type\":\"ReadAction\",\"target\":[\"https:\/\/tribunadapraia.com.br\/?p=2829\"]}]},{\"@type\":\"BreadcrumbList\",\"@id\":\"https:\/\/tribunadapraia.com.br\/?p=2829#breadcrumb\",\"itemListElement\":[{\"@type\":\"ListItem\",\"position\":1,\"item\":{\"@type\":\"WebPage\",\"@id\":\"https:\/\/tribunadapraia.com.br\/\",\"url\":\"https:\/\/tribunadapraia.com.br\/\",\"name\":\"In\\u00edcio\"}},{\"@type\":\"ListItem\",\"position\":2,\"item\":{\"@id\":\"https:\/\/tribunadapraia.com.br\/?p=2829#webpage\"}}]},{\"@type\":\"Article\",\"@id\":\"https:\/\/tribunadapraia.com.br\/?p=2829#article\",\"isPartOf\":{\"@id\":\"https:\/\/tribunadapraia.com.br\/?p=2829#webpage\"},\"author\":{\"@id\":\"https:\/\/tribunadapraia.com.br\/#\/schema\/person\/326b0a9f3163b479142c64eba4928de0\"},\"headline\":\"Artigo: Inconstitucionalidade e ilegalidade das rinhas de galo &#8211; Parte 4 (Pronunciamentos dos TJE&#8217;s)\",\"datePublished\":\"2021-07-22T06:59:48+00:00\",\"dateModified\":\"2021-07-22T10:32:39+00:00\",\"mainEntityOfPage\":{\"@id\":\"https:\/\/tribunadapraia.com.br\/?p=2829#webpage\"},\"wordCount\":461,\"commentCount\":0,\"publisher\":{\"@id\":\"https:\/\/tribunadapraia.com.br\/#organization\"},\"image\":{\"@id\":\"https:\/\/tribunadapraia.com.br\/?p=2829#primaryimage\"},\"thumbnailUrl\":\"https:\/\/tribunadapraia.com.br\/wp-content\/uploads\/2021\/07\/depositphotos_46263387-stock-illustration-scales-of-justice.jpg\",\"articleSection\":[\"Not\\u00edcias\"],\"inLanguage\":\"pt-BR\",\"potentialAction\":[{\"@type\":\"CommentAction\",\"name\":\"Comment\",\"target\":[\"https:\/\/tribunadapraia.com.br\/?p=2829#respond\"]}]},{\"@type\":\"Person\",\"@id\":\"https:\/\/tribunadapraia.com.br\/#\/schema\/person\/326b0a9f3163b479142c64eba4928de0\",\"name\":\"tribunadapraia\",\"image\":{\"@type\":\"ImageObject\",\"@id\":\"https:\/\/tribunadapraia.com.br\/#personlogo\",\"inLanguage\":\"pt-BR\",\"url\":\"https:\/\/secure.gravatar.com\/avatar\/38b019c74762496076b7355024a0dad9?s=96&d=identicon&r=g\",\"contentUrl\":\"https:\/\/secure.gravatar.com\/avatar\/38b019c74762496076b7355024a0dad9?s=96&d=identicon&r=g\",\"caption\":\"tribunadapraia\"}}]}<\/script>\n<!-- \/ Yoast SEO plugin. -->","wps_subtitle":"","_links":{"self":[{"href":"https:\/\/tribunadapraia.com.br\/index.php?rest_route=\/wp\/v2\/posts\/2829"}],"collection":[{"href":"https:\/\/tribunadapraia.com.br\/index.php?rest_route=\/wp\/v2\/posts"}],"about":[{"href":"https:\/\/tribunadapraia.com.br\/index.php?rest_route=\/wp\/v2\/types\/post"}],"author":[{"embeddable":true,"href":"https:\/\/tribunadapraia.com.br\/index.php?rest_route=\/wp\/v2\/users\/1"}],"replies":[{"embeddable":true,"href":"https:\/\/tribunadapraia.com.br\/index.php?rest_route=%2Fwp%2Fv2%2Fcomments&post=2829"}],"version-history":[{"count":4,"href":"https:\/\/tribunadapraia.com.br\/index.php?rest_route=\/wp\/v2\/posts\/2829\/revisions"}],"predecessor-version":[{"id":2836,"href":"https:\/\/tribunadapraia.com.br\/index.php?rest_route=\/wp\/v2\/posts\/2829\/revisions\/2836"}],"wp:featuredmedia":[{"embeddable":true,"href":"https:\/\/tribunadapraia.com.br\/index.php?rest_route=\/wp\/v2\/media\/2830"}],"wp:attachment":[{"href":"https:\/\/tribunadapraia.com.br\/index.php?rest_route=%2Fwp%2Fv2%2Fmedia&parent=2829"}],"wp:term":[{"taxonomy":"category","embeddable":true,"href":"https:\/\/tribunadapraia.com.br\/index.php?rest_route=%2Fwp%2Fv2%2Fcategories&post=2829"},{"taxonomy":"post_tag","embeddable":true,"href":"https:\/\/tribunadapraia.com.br\/index.php?rest_route=%2Fwp%2Fv2%2Ftags&post=2829"}],"curies":[{"name":"wp","href":"https:\/\/api.w.org\/{rel}","templated":true}]}}