{"id":2817,"date":"2021-07-20T00:41:04","date_gmt":"2021-07-20T03:41:04","guid":{"rendered":"https:\/\/tribunadapraia.com.br\/?p=2817"},"modified":"2021-07-20T00:41:04","modified_gmt":"2021-07-20T03:41:04","slug":"nao-a-privatizacao-da-eletrobras","status":"publish","type":"post","link":"https:\/\/tribunadapraia.com.br\/?p=2817","title":{"rendered":"N\u00c3O \u00c0 PRIVATIZA\u00c7\u00c3O DA ELETROBRAS"},"content":{"rendered":"<p>A privatiza\u00e7\u00e3o n\u00e3o s\u00f3 vai provocar um expressivo aumento da conta de luz, como deve resultar em apag\u00f5es e desindustrializa\u00e7\u00e3o do pa\u00eds<\/p>\n<p>NOTA DO MAB SOBRE A LEI QUE AUTORIZA A PRIVATIZA\u00c7\u00c3O DA ELETROBRAS<br \/>\nMOVIMENTO DOS ATINGIDOS POR BARRAGENS<\/p>\n<p>O governo Bolsonaro assinou ontem (13) a lei que autoriza a privatiza\u00e7\u00e3o da Eletrobras. O Movimento dos Atingidos por Barragens (MAB) \u00e9 contra a privatiza\u00e7\u00e3o da maior companhia de energia da Am\u00e9rica Latina, que pertence aos brasileiros. O povo trabalhador ser\u00e1 a grande v\u00edtima dessa iniciativa do atual governo.<br \/>\nElencamos sete consequ\u00eancias da lei (14.182\/2021), assinada por Bolsonaro, que autoriza a privatiza\u00e7\u00e3o da Eletrobras:<br \/>\n1) Tarifa\u00e7o nacional na conta de luz: a privatiza\u00e7\u00e3o causar\u00e1 um aumento m\u00e9dio na conta de luz do povo acima de 25%.<br \/>\n2) Desindustrializa\u00e7\u00e3o e desemprego: o aumento dos custos de energia el\u00e9trica aumentar\u00e1 a crise na economia, levar\u00e1 \u00e0 fal\u00eancia milhares de pequenas e m\u00e9dias empresas e causar\u00e1 desemprego em massa.<br \/>\n3) Destrui\u00e7\u00e3o da soberania nacional: A privatiza\u00e7\u00e3o entregar\u00e1 125 usinas de gera\u00e7\u00e3o de energia, 71 mil quil\u00f4metros de linhas de transmiss\u00e3o e 335 subesta\u00e7\u00f5es para bancos privados e fundos especulativos internacionais. A energia el\u00e9trica de nosso pa\u00eds ficar\u00e1 sob dom\u00ednio completo do capital financeiro, que s\u00f3 tem interesse em especular, saquear e explorar ao m\u00e1ximo nossos recursos.<br \/>\n4) Aumento de apag\u00f5es: a privatiza\u00e7\u00e3o causar\u00e1 queda na qualidade dos servi\u00e7os de energia e levar\u00e1 o pa\u00eds ao caos futuro com aumento de apag\u00f5es.<br \/>\n5) Privatiza\u00e7\u00e3o da \u00e1gua: a estrat\u00e9gia de privatiza\u00e7\u00e3o da \u00e1gua que est\u00e1 em curso ir\u00e1 beneficiar o novo propriet\u00e1rio da Eletrobras, que tende a estabelecer o monop\u00f3lio do mercado mundial da \u00e1gua. As extraordin\u00e1rias reservas de \u00e1gua e mananciais naturais da Amaz\u00f4nia est\u00e3o entre os principais interesses das transnacionais que querem controlar a Eletrobras.<br \/>\n6) Destrui\u00e7\u00e3o ambiental: ao se privatizar o setor el\u00e9trico, crescer\u00e1 o n\u00famero de crimes socioambientais, como os exemplos de Mariana(MG) e Brumadinho (MG), causados por uma companhia privada.<br \/>\n7) Viola\u00e7\u00e3o dos direitos dos atingidos: as empresas privadas n\u00e3o aceitam reparar os direitos dos atingidos por barragens em suas obras. Por isso, a privatiza\u00e7\u00e3o significa o aumento das injusti\u00e7as e viola\u00e7\u00f5es de direitos dos atingidos e dos trabalhadores do setor el\u00e9trico.<br \/>\n\u00c9 necess\u00e1rio seguir a luta at\u00e9 o fim para impedir a privatiza\u00e7\u00e3o e a entrega da Eletrobras \u00e0 iniciativa privada. Temos que reaver tudo que ser\u00e1 saqueado no setor el\u00e9trico pelos banqueiros e empres\u00e1rios que s\u00f3 querem explorar a classe trabalhadora.<br \/>\nNossa energia deve ficar a servi\u00e7o de um projeto energ\u00e9tico popular que garanta soberania, distribui\u00e7\u00e3o da riqueza e controle do povo.<\/p>\n<p>Coordena\u00e7\u00e3o nacional do MAB<\/p>\n<p>&nbsp;<\/p>\n","protected":false},"excerpt":{"rendered":"<p>A privatiza\u00e7\u00e3o n\u00e3o s\u00f3 vai provocar um expressivo aumento da conta de luz, como deve resultar em apag\u00f5es e desindustrializa\u00e7\u00e3o do pa\u00eds NOTA DO MAB SOBRE A LEI QUE AUTORIZA A PRIVATIZA\u00c7\u00c3O DA ELETROBRAS MOVIMENTO DOS ATINGIDOS POR BARRAGENS O governo Bolsonaro assinou ontem (13) a lei que autoriza a privatiza\u00e7\u00e3o da Eletrobras. O Movimento dos Atingidos por Barragens (MAB) \u00e9 contra a privatiza\u00e7\u00e3o da maior companhia de energia da<\/p>\n","protected":false},"author":3,"featured_media":2818,"comment_status":"open","ping_status":"open","sticky":false,"template":"","format":"standard","meta":[],"categories":[18],"tags":[],"yoast_head":"<!-- This site is optimized with the Yoast SEO plugin v16.3 - https:\/\/yoast.com\/wordpress\/plugins\/seo\/ -->\n<title>N\u00c3O \u00c0 PRIVATIZA\u00c7\u00c3O DA ELETROBRAS - TRIBUNA DA PRAIA<\/title>\n<meta name=\"robots\" content=\"index, follow, max-snippet:-1, max-image-preview:large, max-video-preview:-1\" \/>\n<link rel=\"canonical\" href=\"https:\/\/tribunadapraia.com.br\/?p=2817\" \/>\n<meta property=\"og:locale\" content=\"pt_BR\" \/>\n<meta property=\"og:type\" content=\"article\" \/>\n<meta property=\"og:title\" content=\"N\u00c3O \u00c0 PRIVATIZA\u00c7\u00c3O DA ELETROBRAS - TRIBUNA DA PRAIA\" \/>\n<meta property=\"og:description\" content=\"A privatiza\u00e7\u00e3o n\u00e3o s\u00f3 vai provocar um expressivo aumento da conta de luz, como deve resultar em apag\u00f5es e desindustrializa\u00e7\u00e3o do pa\u00eds NOTA DO MAB SOBRE A LEI QUE AUTORIZA A PRIVATIZA\u00c7\u00c3O DA ELETROBRAS MOVIMENTO DOS ATINGIDOS POR BARRAGENS O governo Bolsonaro assinou ontem (13) a lei que autoriza a privatiza\u00e7\u00e3o da Eletrobras. O Movimento dos Atingidos por Barragens (MAB) \u00e9 contra a privatiza\u00e7\u00e3o da maior companhia de energia da\" \/>\n<meta property=\"og:url\" content=\"https:\/\/tribunadapraia.com.br\/?p=2817\" \/>\n<meta property=\"og:site_name\" content=\"TRIBUNA DA PRAIA\" \/>\n<meta property=\"article:publisher\" content=\"https:\/\/www.facebook.com\/tribunadapraiaonline\/\" \/>\n<meta property=\"article:published_time\" content=\"2021-07-20T03:41:04+00:00\" \/>\n<meta property=\"og:image\" content=\"https:\/\/tribunadapraia.com.br\/wp-content\/uploads\/2021\/07\/Apaga\u0303o-no-Texas-e\u0301-associado-a\u0300-privatizac\u0327a\u0303o-do-setor-energe\u0301tico.jpg\" \/>\n\t<meta property=\"og:image:width\" content=\"900\" \/>\n\t<meta property=\"og:image:height\" content=\"600\" \/>\n<meta name=\"twitter:card\" content=\"summary_large_image\" \/>\n<meta name=\"twitter:creator\" content=\"@Claudomir21\" \/>\n<meta name=\"twitter:site\" content=\"@Claudomir21\" \/>\n<meta name=\"twitter:label1\" content=\"Est. tempo de leitura\">\n\t<meta name=\"twitter:data1\" content=\"2 minutos\">\n<script type=\"application\/ld+json\" class=\"yoast-schema-graph\">{\"@context\":\"https:\/\/schema.org\",\"@graph\":[{\"@type\":\"Organization\",\"@id\":\"https:\/\/tribunadapraia.com.br\/#organization\",\"name\":\"Tribuna da Praia\",\"url\":\"https:\/\/tribunadapraia.com.br\/\",\"sameAs\":[\"https:\/\/www.facebook.com\/tribunadapraiaonline\/\",\"https:\/\/www.instagram.com\/claudomirtavares\/\",\"https:\/\/www.youtube.com\/channel\/UCwQf80nxiMzCefAyjbp53Rw\",\"https:\/\/twitter.com\/Claudomir21\"],\"logo\":{\"@type\":\"ImageObject\",\"@id\":\"https:\/\/tribunadapraia.com.br\/#logo\",\"inLanguage\":\"pt-BR\",\"url\":\"https:\/\/tribunadapraia.com.br\/wp-content\/uploads\/2020\/02\/logo.png\",\"contentUrl\":\"https:\/\/tribunadapraia.com.br\/wp-content\/uploads\/2020\/02\/logo.png\",\"width\":501,\"height\":121,\"caption\":\"Tribuna da Praia\"},\"image\":{\"@id\":\"https:\/\/tribunadapraia.com.br\/#logo\"}},{\"@type\":\"WebSite\",\"@id\":\"https:\/\/tribunadapraia.com.br\/#website\",\"url\":\"https:\/\/tribunadapraia.com.br\/\",\"name\":\"TRIBUNA DA PRAIA\",\"description\":\"O 1\\u00ba jornal do interior de Sergipe na internet\",\"publisher\":{\"@id\":\"https:\/\/tribunadapraia.com.br\/#organization\"},\"potentialAction\":[{\"@type\":\"SearchAction\",\"target\":\"https:\/\/tribunadapraia.com.br\/?s={search_term_string}\",\"query-input\":\"required name=search_term_string\"}],\"inLanguage\":\"pt-BR\"},{\"@type\":\"ImageObject\",\"@id\":\"https:\/\/tribunadapraia.com.br\/?p=2817#primaryimage\",\"inLanguage\":\"pt-BR\",\"url\":\"https:\/\/tribunadapraia.com.br\/wp-content\/uploads\/2021\/07\/Apaga\\u0303o-no-Texas-e\\u0301-associado-a\\u0300-privatizac\\u0327a\\u0303o-do-setor-energe\\u0301tico.jpg\",\"contentUrl\":\"https:\/\/tribunadapraia.com.br\/wp-content\/uploads\/2021\/07\/Apaga\\u0303o-no-Texas-e\\u0301-associado-a\\u0300-privatizac\\u0327a\\u0303o-do-setor-energe\\u0301tico.jpg\",\"width\":900,\"height\":600},{\"@type\":\"WebPage\",\"@id\":\"https:\/\/tribunadapraia.com.br\/?p=2817#webpage\",\"url\":\"https:\/\/tribunadapraia.com.br\/?p=2817\",\"name\":\"N\\u00c3O \\u00c0 PRIVATIZA\\u00c7\\u00c3O DA ELETROBRAS - TRIBUNA DA PRAIA\",\"isPartOf\":{\"@id\":\"https:\/\/tribunadapraia.com.br\/#website\"},\"primaryImageOfPage\":{\"@id\":\"https:\/\/tribunadapraia.com.br\/?p=2817#primaryimage\"},\"datePublished\":\"2021-07-20T03:41:04+00:00\",\"dateModified\":\"2021-07-20T03:41:04+00:00\",\"breadcrumb\":{\"@id\":\"https:\/\/tribunadapraia.com.br\/?p=2817#breadcrumb\"},\"inLanguage\":\"pt-BR\",\"potentialAction\":[{\"@type\":\"ReadAction\",\"target\":[\"https:\/\/tribunadapraia.com.br\/?p=2817\"]}]},{\"@type\":\"BreadcrumbList\",\"@id\":\"https:\/\/tribunadapraia.com.br\/?p=2817#breadcrumb\",\"itemListElement\":[{\"@type\":\"ListItem\",\"position\":1,\"item\":{\"@type\":\"WebPage\",\"@id\":\"https:\/\/tribunadapraia.com.br\/\",\"url\":\"https:\/\/tribunadapraia.com.br\/\",\"name\":\"In\\u00edcio\"}},{\"@type\":\"ListItem\",\"position\":2,\"item\":{\"@id\":\"https:\/\/tribunadapraia.com.br\/?p=2817#webpage\"}}]},{\"@type\":\"Article\",\"@id\":\"https:\/\/tribunadapraia.com.br\/?p=2817#article\",\"isPartOf\":{\"@id\":\"https:\/\/tribunadapraia.com.br\/?p=2817#webpage\"},\"author\":{\"@id\":\"https:\/\/tribunadapraia.com.br\/#\/schema\/person\/099fbbf59acc5895c0d7d52b4fc46c97\"},\"headline\":\"N\\u00c3O \\u00c0 PRIVATIZA\\u00c7\\u00c3O DA ELETROBRAS\",\"datePublished\":\"2021-07-20T03:41:04+00:00\",\"dateModified\":\"2021-07-20T03:41:04+00:00\",\"mainEntityOfPage\":{\"@id\":\"https:\/\/tribunadapraia.com.br\/?p=2817#webpage\"},\"wordCount\":477,\"commentCount\":0,\"publisher\":{\"@id\":\"https:\/\/tribunadapraia.com.br\/#organization\"},\"image\":{\"@id\":\"https:\/\/tribunadapraia.com.br\/?p=2817#primaryimage\"},\"thumbnailUrl\":\"https:\/\/tribunadapraia.com.br\/wp-content\/uploads\/2021\/07\/Apaga\\u0303o-no-Texas-e\\u0301-associado-a\\u0300-privatizac\\u0327a\\u0303o-do-setor-energe\\u0301tico.jpg\",\"articleSection\":[\"Not\\u00edcias\"],\"inLanguage\":\"pt-BR\",\"potentialAction\":[{\"@type\":\"CommentAction\",\"name\":\"Comment\",\"target\":[\"https:\/\/tribunadapraia.com.br\/?p=2817#respond\"]}]},{\"@type\":\"Person\",\"@id\":\"https:\/\/tribunadapraia.com.br\/#\/schema\/person\/099fbbf59acc5895c0d7d52b4fc46c97\",\"name\":\"Reda\\u00e7\\u00e3o\",\"image\":{\"@type\":\"ImageObject\",\"@id\":\"https:\/\/tribunadapraia.com.br\/#personlogo\",\"inLanguage\":\"pt-BR\",\"url\":\"https:\/\/secure.gravatar.com\/avatar\/91c8b91d2bfd7784eac5c3e055361f64?s=96&d=identicon&r=g\",\"contentUrl\":\"https:\/\/secure.gravatar.com\/avatar\/91c8b91d2bfd7784eac5c3e055361f64?s=96&d=identicon&r=g\",\"caption\":\"Reda\\u00e7\\u00e3o\"}}]}<\/script>\n<!-- \/ Yoast SEO plugin. -->","wps_subtitle":"","_links":{"self":[{"href":"https:\/\/tribunadapraia.com.br\/index.php?rest_route=\/wp\/v2\/posts\/2817"}],"collection":[{"href":"https:\/\/tribunadapraia.com.br\/index.php?rest_route=\/wp\/v2\/posts"}],"about":[{"href":"https:\/\/tribunadapraia.com.br\/index.php?rest_route=\/wp\/v2\/types\/post"}],"author":[{"embeddable":true,"href":"https:\/\/tribunadapraia.com.br\/index.php?rest_route=\/wp\/v2\/users\/3"}],"replies":[{"embeddable":true,"href":"https:\/\/tribunadapraia.com.br\/index.php?rest_route=%2Fwp%2Fv2%2Fcomments&post=2817"}],"version-history":[{"count":1,"href":"https:\/\/tribunadapraia.com.br\/index.php?rest_route=\/wp\/v2\/posts\/2817\/revisions"}],"predecessor-version":[{"id":2819,"href":"https:\/\/tribunadapraia.com.br\/index.php?rest_route=\/wp\/v2\/posts\/2817\/revisions\/2819"}],"wp:featuredmedia":[{"embeddable":true,"href":"https:\/\/tribunadapraia.com.br\/index.php?rest_route=\/wp\/v2\/media\/2818"}],"wp:attachment":[{"href":"https:\/\/tribunadapraia.com.br\/index.php?rest_route=%2Fwp%2Fv2%2Fmedia&parent=2817"}],"wp:term":[{"taxonomy":"category","embeddable":true,"href":"https:\/\/tribunadapraia.com.br\/index.php?rest_route=%2Fwp%2Fv2%2Fcategories&post=2817"},{"taxonomy":"post_tag","embeddable":true,"href":"https:\/\/tribunadapraia.com.br\/index.php?rest_route=%2Fwp%2Fv2%2Ftags&post=2817"}],"curies":[{"name":"wp","href":"https:\/\/api.w.org\/{rel}","templated":true}]}}