{"id":2810,"date":"2021-07-20T00:13:48","date_gmt":"2021-07-20T03:13:48","guid":{"rendered":"https:\/\/tribunadapraia.com.br\/?p=2810"},"modified":"2021-07-20T16:26:21","modified_gmt":"2021-07-20T19:26:21","slug":"artigo-inconstitucionalidade-e-ilegalidade-das-rinhas-de-galo-parte-2","status":"publish","type":"post","link":"https:\/\/tribunadapraia.com.br\/?p=2810","title":{"rendered":"Artigo: Inconstitucionalidade e ilegalidade das rinhas de galo &#8211; Parte 2"},"content":{"rendered":"<p>por Edna Cardozo Dias (1)<\/p>\n<p>2. ILEGALIDADE DAS BRIGAS DE GALO<\/p>\n<p>No Brasil, as brigas de galo est\u00e3o proibidas desde 1934, com a edi\u00e7\u00e3o do Decreto Federal 24.645 que pro\u00edbe &#8220;realizar ou promover lutas entre animais da mesma esp\u00e9cie ou de esp\u00e9cies diferentes, touradas e simulacro de touradas, ainda mesmo em lugar privado.&#8221; Nesta ocasi\u00e3o a doutrina se manifestou amplamente sobre o tema.<\/p>\n<p>Em 26 de outubro de 1970 o advogado S\u00e9rgio Nogueira Ribeiro\u00a0[1], a pedido da saudosa Lya Cavalcati, presidente da Associa\u00e7\u00e3o Protetora dos Animais- RJ, dirigiu-se ao Instituto dos Advogados do Brasil &#8211; RJ relatando que em 28\/2\/70 a pol\u00edcia interditara a sede do Centro Esportivo Carioca, situado na rua Chantecler 76, em S\u00e3o Crist\u00f3v\u00e3o, no Rio de Janeiro, ap\u00f3s prender e autuar em flagrante pessoas que naquele local promoviam brigas de galos e realizavam apostas em dinheiro. Entretanto, ao encaminhar o processo \u00e0 justi\u00e7a, que recebeu o n. 51.402, e correu pela 17\u00aa Vara Criminal, o Juiz, em senten\u00e7a prolatada em 29\/8\/70, julgou improcedente a acusa\u00e7\u00e3o e absolveu os r\u00e9us por entender que as brigas de galos n\u00e3o constituem crueldade contra os animais. E solicitou um parecer daquele Instituto.\u00a0[2]<br \/>\nAs rinhas est\u00e3o, ainda, implicitamente proibidas pela Constitui\u00e7\u00e3o Federal e pela Lei de Crimes Ambientais, art. 32.<\/p>\n<p>\u25a0 Anteriores:<\/p>\n<p>19\/07\/2021 &#8211; Artigo: Inconstitucionalidade e ilegalidade das rinhas de galo &#8211; Introdu\u00e7\u00e3o<\/p>\n<p>(1) Edna Cardozo Dias \u00e9 doutora em Direito pela UFMG e professora de direito ambiental<br \/>\n(2) Publicado em 12\/2004. Elaborado em 10\/2004<\/p>\n","protected":false},"excerpt":{"rendered":"<p>por Edna Cardozo Dias (1) 2. ILEGALIDADE DAS BRIGAS DE GALO No Brasil, as brigas de galo est\u00e3o proibidas desde 1934, com a edi\u00e7\u00e3o do Decreto Federal 24.645 que pro\u00edbe &#8220;realizar ou promover lutas entre animais da mesma esp\u00e9cie ou de esp\u00e9cies diferentes, touradas e simulacro de touradas, ainda mesmo em lugar privado.&#8221; Nesta ocasi\u00e3o a doutrina se manifestou amplamente sobre o tema. Em 26 de outubro de 1970 o<\/p>\n","protected":false},"author":1,"featured_media":2803,"comment_status":"open","ping_status":"open","sticky":false,"template":"","format":"standard","meta":[],"categories":[18],"tags":[],"yoast_head":"<!-- This site is optimized with the Yoast SEO plugin v16.3 - https:\/\/yoast.com\/wordpress\/plugins\/seo\/ -->\n<title>Artigo: Inconstitucionalidade e ilegalidade das rinhas de galo - Parte 2 - TRIBUNA DA PRAIA<\/title>\n<meta name=\"robots\" content=\"index, follow, max-snippet:-1, max-image-preview:large, max-video-preview:-1\" \/>\n<link rel=\"canonical\" href=\"https:\/\/tribunadapraia.com.br\/?p=2810\" \/>\n<meta property=\"og:locale\" content=\"pt_BR\" \/>\n<meta property=\"og:type\" content=\"article\" \/>\n<meta property=\"og:title\" content=\"Artigo: Inconstitucionalidade e ilegalidade das rinhas de galo - Parte 2 - TRIBUNA DA PRAIA\" \/>\n<meta property=\"og:description\" content=\"por Edna Cardozo Dias (1) 2. ILEGALIDADE DAS BRIGAS DE GALO No Brasil, as brigas de galo est\u00e3o proibidas desde 1934, com a edi\u00e7\u00e3o do Decreto Federal 24.645 que pro\u00edbe &#8220;realizar ou promover lutas entre animais da mesma esp\u00e9cie ou de esp\u00e9cies diferentes, touradas e simulacro de touradas, ainda mesmo em lugar privado.&#8221; Nesta ocasi\u00e3o a doutrina se manifestou amplamente sobre o tema. Em 26 de outubro de 1970 o\" \/>\n<meta property=\"og:url\" content=\"https:\/\/tribunadapraia.com.br\/?p=2810\" \/>\n<meta property=\"og:site_name\" content=\"TRIBUNA DA PRAIA\" \/>\n<meta property=\"article:publisher\" content=\"https:\/\/www.facebook.com\/tribunadapraiaonline\/\" \/>\n<meta property=\"article:published_time\" content=\"2021-07-20T03:13:48+00:00\" \/>\n<meta property=\"article:modified_time\" content=\"2021-07-20T19:26:21+00:00\" \/>\n<meta property=\"og:image\" content=\"https:\/\/tribunadapraia.com.br\/wp-content\/uploads\/2021\/07\/8d048ecc930d1bf57bde9b54066eaf58-gpMedium.jpg\" \/>\n\t<meta property=\"og:image:width\" content=\"660\" \/>\n\t<meta property=\"og:image:height\" content=\"759\" \/>\n<meta name=\"twitter:card\" content=\"summary_large_image\" \/>\n<meta name=\"twitter:creator\" content=\"@Claudomir21\" \/>\n<meta name=\"twitter:site\" content=\"@Claudomir21\" \/>\n<meta name=\"twitter:label1\" content=\"Est. tempo de leitura\">\n\t<meta name=\"twitter:data1\" content=\"2 minutos\">\n<script type=\"application\/ld+json\" class=\"yoast-schema-graph\">{\"@context\":\"https:\/\/schema.org\",\"@graph\":[{\"@type\":\"Organization\",\"@id\":\"https:\/\/tribunadapraia.com.br\/#organization\",\"name\":\"Tribuna da Praia\",\"url\":\"https:\/\/tribunadapraia.com.br\/\",\"sameAs\":[\"https:\/\/www.facebook.com\/tribunadapraiaonline\/\",\"https:\/\/www.instagram.com\/claudomirtavares\/\",\"https:\/\/www.youtube.com\/channel\/UCwQf80nxiMzCefAyjbp53Rw\",\"https:\/\/twitter.com\/Claudomir21\"],\"logo\":{\"@type\":\"ImageObject\",\"@id\":\"https:\/\/tribunadapraia.com.br\/#logo\",\"inLanguage\":\"pt-BR\",\"url\":\"https:\/\/tribunadapraia.com.br\/wp-content\/uploads\/2020\/02\/logo.png\",\"contentUrl\":\"https:\/\/tribunadapraia.com.br\/wp-content\/uploads\/2020\/02\/logo.png\",\"width\":501,\"height\":121,\"caption\":\"Tribuna da Praia\"},\"image\":{\"@id\":\"https:\/\/tribunadapraia.com.br\/#logo\"}},{\"@type\":\"WebSite\",\"@id\":\"https:\/\/tribunadapraia.com.br\/#website\",\"url\":\"https:\/\/tribunadapraia.com.br\/\",\"name\":\"TRIBUNA DA PRAIA\",\"description\":\"O 1\\u00ba jornal do interior de Sergipe na internet\",\"publisher\":{\"@id\":\"https:\/\/tribunadapraia.com.br\/#organization\"},\"potentialAction\":[{\"@type\":\"SearchAction\",\"target\":\"https:\/\/tribunadapraia.com.br\/?s={search_term_string}\",\"query-input\":\"required name=search_term_string\"}],\"inLanguage\":\"pt-BR\"},{\"@type\":\"ImageObject\",\"@id\":\"https:\/\/tribunadapraia.com.br\/?p=2810#primaryimage\",\"inLanguage\":\"pt-BR\",\"url\":\"https:\/\/tribunadapraia.com.br\/wp-content\/uploads\/2021\/07\/8d048ecc930d1bf57bde9b54066eaf58-gpMedium.jpg\",\"contentUrl\":\"https:\/\/tribunadapraia.com.br\/wp-content\/uploads\/2021\/07\/8d048ecc930d1bf57bde9b54066eaf58-gpMedium.jpg\",\"width\":660,\"height\":759},{\"@type\":\"WebPage\",\"@id\":\"https:\/\/tribunadapraia.com.br\/?p=2810#webpage\",\"url\":\"https:\/\/tribunadapraia.com.br\/?p=2810\",\"name\":\"Artigo: Inconstitucionalidade e ilegalidade das rinhas de galo - Parte 2 - TRIBUNA DA PRAIA\",\"isPartOf\":{\"@id\":\"https:\/\/tribunadapraia.com.br\/#website\"},\"primaryImageOfPage\":{\"@id\":\"https:\/\/tribunadapraia.com.br\/?p=2810#primaryimage\"},\"datePublished\":\"2021-07-20T03:13:48+00:00\",\"dateModified\":\"2021-07-20T19:26:21+00:00\",\"breadcrumb\":{\"@id\":\"https:\/\/tribunadapraia.com.br\/?p=2810#breadcrumb\"},\"inLanguage\":\"pt-BR\",\"potentialAction\":[{\"@type\":\"ReadAction\",\"target\":[\"https:\/\/tribunadapraia.com.br\/?p=2810\"]}]},{\"@type\":\"BreadcrumbList\",\"@id\":\"https:\/\/tribunadapraia.com.br\/?p=2810#breadcrumb\",\"itemListElement\":[{\"@type\":\"ListItem\",\"position\":1,\"item\":{\"@type\":\"WebPage\",\"@id\":\"https:\/\/tribunadapraia.com.br\/\",\"url\":\"https:\/\/tribunadapraia.com.br\/\",\"name\":\"In\\u00edcio\"}},{\"@type\":\"ListItem\",\"position\":2,\"item\":{\"@id\":\"https:\/\/tribunadapraia.com.br\/?p=2810#webpage\"}}]},{\"@type\":\"Article\",\"@id\":\"https:\/\/tribunadapraia.com.br\/?p=2810#article\",\"isPartOf\":{\"@id\":\"https:\/\/tribunadapraia.com.br\/?p=2810#webpage\"},\"author\":{\"@id\":\"https:\/\/tribunadapraia.com.br\/#\/schema\/person\/326b0a9f3163b479142c64eba4928de0\"},\"headline\":\"Artigo: Inconstitucionalidade e ilegalidade das rinhas de galo &#8211; Parte 2\",\"datePublished\":\"2021-07-20T03:13:48+00:00\",\"dateModified\":\"2021-07-20T19:26:21+00:00\",\"mainEntityOfPage\":{\"@id\":\"https:\/\/tribunadapraia.com.br\/?p=2810#webpage\"},\"wordCount\":256,\"commentCount\":0,\"publisher\":{\"@id\":\"https:\/\/tribunadapraia.com.br\/#organization\"},\"image\":{\"@id\":\"https:\/\/tribunadapraia.com.br\/?p=2810#primaryimage\"},\"thumbnailUrl\":\"https:\/\/tribunadapraia.com.br\/wp-content\/uploads\/2021\/07\/8d048ecc930d1bf57bde9b54066eaf58-gpMedium.jpg\",\"articleSection\":[\"Not\\u00edcias\"],\"inLanguage\":\"pt-BR\",\"potentialAction\":[{\"@type\":\"CommentAction\",\"name\":\"Comment\",\"target\":[\"https:\/\/tribunadapraia.com.br\/?p=2810#respond\"]}]},{\"@type\":\"Person\",\"@id\":\"https:\/\/tribunadapraia.com.br\/#\/schema\/person\/326b0a9f3163b479142c64eba4928de0\",\"name\":\"tribunadapraia\",\"image\":{\"@type\":\"ImageObject\",\"@id\":\"https:\/\/tribunadapraia.com.br\/#personlogo\",\"inLanguage\":\"pt-BR\",\"url\":\"https:\/\/secure.gravatar.com\/avatar\/38b019c74762496076b7355024a0dad9?s=96&d=identicon&r=g\",\"contentUrl\":\"https:\/\/secure.gravatar.com\/avatar\/38b019c74762496076b7355024a0dad9?s=96&d=identicon&r=g\",\"caption\":\"tribunadapraia\"}}]}<\/script>\n<!-- \/ Yoast SEO plugin. -->","wps_subtitle":"","_links":{"self":[{"href":"https:\/\/tribunadapraia.com.br\/index.php?rest_route=\/wp\/v2\/posts\/2810"}],"collection":[{"href":"https:\/\/tribunadapraia.com.br\/index.php?rest_route=\/wp\/v2\/posts"}],"about":[{"href":"https:\/\/tribunadapraia.com.br\/index.php?rest_route=\/wp\/v2\/types\/post"}],"author":[{"embeddable":true,"href":"https:\/\/tribunadapraia.com.br\/index.php?rest_route=\/wp\/v2\/users\/1"}],"replies":[{"embeddable":true,"href":"https:\/\/tribunadapraia.com.br\/index.php?rest_route=%2Fwp%2Fv2%2Fcomments&post=2810"}],"version-history":[{"count":3,"href":"https:\/\/tribunadapraia.com.br\/index.php?rest_route=\/wp\/v2\/posts\/2810\/revisions"}],"predecessor-version":[{"id":2813,"href":"https:\/\/tribunadapraia.com.br\/index.php?rest_route=\/wp\/v2\/posts\/2810\/revisions\/2813"}],"wp:featuredmedia":[{"embeddable":true,"href":"https:\/\/tribunadapraia.com.br\/index.php?rest_route=\/wp\/v2\/media\/2803"}],"wp:attachment":[{"href":"https:\/\/tribunadapraia.com.br\/index.php?rest_route=%2Fwp%2Fv2%2Fmedia&parent=2810"}],"wp:term":[{"taxonomy":"category","embeddable":true,"href":"https:\/\/tribunadapraia.com.br\/index.php?rest_route=%2Fwp%2Fv2%2Fcategories&post=2810"},{"taxonomy":"post_tag","embeddable":true,"href":"https:\/\/tribunadapraia.com.br\/index.php?rest_route=%2Fwp%2Fv2%2Ftags&post=2810"}],"curies":[{"name":"wp","href":"https:\/\/api.w.org\/{rel}","templated":true}]}}