{"id":2805,"date":"2021-07-19T22:41:14","date_gmt":"2021-07-20T01:41:14","guid":{"rendered":"https:\/\/tribunadapraia.com.br\/?p=2805"},"modified":"2021-07-20T00:01:27","modified_gmt":"2021-07-20T03:01:27","slug":"fora-bolsonaroo-um-homem-sem-juizo-e-sem-nocao-nao-pode-governar-esta-nacao","status":"publish","type":"post","link":"https:\/\/tribunadapraia.com.br\/?p=2805","title":{"rendered":"Fora Bolsonaroo: &#8220;Um homem sem ju\u00edzo e sem no\u00e7\u00e3o, n\u00e3o pode governar esta na\u00e7\u00e3o&#8221;\u2155"},"content":{"rendered":"<div style=\"width: 256px;\" class=\"wp-video\"><!--[if lt IE 9]><script>document.createElement('video');<\/script><![endif]-->\n<video class=\"wp-video-shortcode\" id=\"video-2805-1\" width=\"256\" height=\"144\" preload=\"metadata\" controls=\"controls\"><source type=\"video\/mp4\" src=\"https:\/\/tribunadapraia.com.br\/wp-content\/uploads\/2021\/07\/yt1s.com-Em-ato-pelo-impeachment-de-Bolsonaro-artistas-lancam-o-clipe-da-musica-Desgoverno-veja-o-video_v144P.mp4?_=1\" \/><a href=\"https:\/\/tribunadapraia.com.br\/wp-content\/uploads\/2021\/07\/yt1s.com-Em-ato-pelo-impeachment-de-Bolsonaro-artistas-lancam-o-clipe-da-musica-Desgoverno-veja-o-video_v144P.mp4\">https:\/\/tribunadapraia.com.br\/wp-content\/uploads\/2021\/07\/yt1s.com-Em-ato-pelo-impeachment-de-Bolsonaro-artistas-lancam-o-clipe-da-musica-Desgoverno-veja-o-video_v144P.mp4<\/a><\/video><\/div>\n<p>Em ato pelo impeachment, artistas lan\u00e7\u00e3o can\u00e7\u00e3o manifesto &#8220;Desgoverno&#8221;.<\/p>\n<p>Ou\u00e7a o \u00e1udio:<\/p>\n<!--[if lt IE 9]><script>document.createElement('audio');<\/script><![endif]-->\n<audio class=\"wp-audio-shortcode\" id=\"audio-2805-1\" preload=\"none\" style=\"width: 100%;\" controls=\"controls\"><source type=\"audio\/mpeg\" src=\"https:\/\/tribunadapraia.com.br\/wp-content\/uploads\/2021\/07\/yt1s.com-Em-ato-pelo-impeachment-de-Bolsonaro-artistas-lancam-o-clipe-da-musica-Desgoverno-veja-o-video.mp3?_=1\" \/><a href=\"https:\/\/tribunadapraia.com.br\/wp-content\/uploads\/2021\/07\/yt1s.com-Em-ato-pelo-impeachment-de-Bolsonaro-artistas-lancam-o-clipe-da-musica-Desgoverno-veja-o-video.mp3\">https:\/\/tribunadapraia.com.br\/wp-content\/uploads\/2021\/07\/yt1s.com-Em-ato-pelo-impeachment-de-Bolsonaro-artistas-lancam-o-clipe-da-musica-Desgoverno-veja-o-video.mp3<\/a><\/audio>\n<p>&nbsp;<\/p>\n","protected":false},"excerpt":{"rendered":"<p>Em ato pelo impeachment, artistas lan\u00e7\u00e3o can\u00e7\u00e3o manifesto &#8220;Desgoverno&#8221;. Ou\u00e7a o \u00e1udio: &nbsp;<\/p>\n","protected":false},"author":1,"featured_media":0,"comment_status":"open","ping_status":"open","sticky":false,"template":"","format":"standard","meta":[],"categories":[18],"tags":[],"yoast_head":"<!-- This site is optimized with the Yoast SEO plugin v16.3 - https:\/\/yoast.com\/wordpress\/plugins\/seo\/ -->\n<title>Fora Bolsonaroo: &quot;Um homem sem ju\u00edzo e sem no\u00e7\u00e3o, n\u00e3o pode governar esta na\u00e7\u00e3o&quot;\u2155 - TRIBUNA DA PRAIA<\/title>\n<meta name=\"robots\" content=\"index, follow, max-snippet:-1, max-image-preview:large, max-video-preview:-1\" \/>\n<link rel=\"canonical\" href=\"https:\/\/tribunadapraia.com.br\/?p=2805\" \/>\n<meta property=\"og:locale\" content=\"pt_BR\" \/>\n<meta property=\"og:type\" content=\"article\" \/>\n<meta property=\"og:title\" content=\"Fora Bolsonaroo: &quot;Um homem sem ju\u00edzo e sem no\u00e7\u00e3o, n\u00e3o pode governar esta na\u00e7\u00e3o&quot;\u2155 - TRIBUNA DA PRAIA\" \/>\n<meta property=\"og:description\" content=\"Em ato pelo impeachment, artistas lan\u00e7\u00e3o can\u00e7\u00e3o manifesto &#8220;Desgoverno&#8221;. Ou\u00e7a o \u00e1udio: &nbsp;\" \/>\n<meta property=\"og:url\" content=\"https:\/\/tribunadapraia.com.br\/?p=2805\" \/>\n<meta property=\"og:site_name\" content=\"TRIBUNA DA PRAIA\" \/>\n<meta property=\"article:publisher\" content=\"https:\/\/www.facebook.com\/tribunadapraiaonline\/\" \/>\n<meta property=\"article:published_time\" content=\"2021-07-20T01:41:14+00:00\" \/>\n<meta property=\"article:modified_time\" content=\"2021-07-20T03:01:27+00:00\" \/>\n<meta name=\"twitter:card\" content=\"summary_large_image\" \/>\n<meta name=\"twitter:creator\" content=\"@Claudomir21\" \/>\n<meta name=\"twitter:site\" content=\"@Claudomir21\" \/>\n<meta name=\"twitter:label1\" content=\"Est. tempo de leitura\">\n\t<meta name=\"twitter:data1\" content=\"1 minuto\">\n<script type=\"application\/ld+json\" class=\"yoast-schema-graph\">{\"@context\":\"https:\/\/schema.org\",\"@graph\":[{\"@type\":\"Organization\",\"@id\":\"https:\/\/tribunadapraia.com.br\/#organization\",\"name\":\"Tribuna da Praia\",\"url\":\"https:\/\/tribunadapraia.com.br\/\",\"sameAs\":[\"https:\/\/www.facebook.com\/tribunadapraiaonline\/\",\"https:\/\/www.instagram.com\/claudomirtavares\/\",\"https:\/\/www.youtube.com\/channel\/UCwQf80nxiMzCefAyjbp53Rw\",\"https:\/\/twitter.com\/Claudomir21\"],\"logo\":{\"@type\":\"ImageObject\",\"@id\":\"https:\/\/tribunadapraia.com.br\/#logo\",\"inLanguage\":\"pt-BR\",\"url\":\"https:\/\/tribunadapraia.com.br\/wp-content\/uploads\/2020\/02\/logo.png\",\"contentUrl\":\"https:\/\/tribunadapraia.com.br\/wp-content\/uploads\/2020\/02\/logo.png\",\"width\":501,\"height\":121,\"caption\":\"Tribuna da Praia\"},\"image\":{\"@id\":\"https:\/\/tribunadapraia.com.br\/#logo\"}},{\"@type\":\"WebSite\",\"@id\":\"https:\/\/tribunadapraia.com.br\/#website\",\"url\":\"https:\/\/tribunadapraia.com.br\/\",\"name\":\"TRIBUNA DA PRAIA\",\"description\":\"O 1\\u00ba jornal do interior de Sergipe na internet\",\"publisher\":{\"@id\":\"https:\/\/tribunadapraia.com.br\/#organization\"},\"potentialAction\":[{\"@type\":\"SearchAction\",\"target\":\"https:\/\/tribunadapraia.com.br\/?s={search_term_string}\",\"query-input\":\"required name=search_term_string\"}],\"inLanguage\":\"pt-BR\"},{\"@type\":\"WebPage\",\"@id\":\"https:\/\/tribunadapraia.com.br\/?p=2805#webpage\",\"url\":\"https:\/\/tribunadapraia.com.br\/?p=2805\",\"name\":\"Fora Bolsonaroo: \\\"Um homem sem ju\\u00edzo e sem no\\u00e7\\u00e3o, n\\u00e3o pode governar esta na\\u00e7\\u00e3o\\\"\\u2155 - TRIBUNA DA PRAIA\",\"isPartOf\":{\"@id\":\"https:\/\/tribunadapraia.com.br\/#website\"},\"datePublished\":\"2021-07-20T01:41:14+00:00\",\"dateModified\":\"2021-07-20T03:01:27+00:00\",\"breadcrumb\":{\"@id\":\"https:\/\/tribunadapraia.com.br\/?p=2805#breadcrumb\"},\"inLanguage\":\"pt-BR\",\"potentialAction\":[{\"@type\":\"ReadAction\",\"target\":[\"https:\/\/tribunadapraia.com.br\/?p=2805\"]}]},{\"@type\":\"BreadcrumbList\",\"@id\":\"https:\/\/tribunadapraia.com.br\/?p=2805#breadcrumb\",\"itemListElement\":[{\"@type\":\"ListItem\",\"position\":1,\"item\":{\"@type\":\"WebPage\",\"@id\":\"https:\/\/tribunadapraia.com.br\/\",\"url\":\"https:\/\/tribunadapraia.com.br\/\",\"name\":\"In\\u00edcio\"}},{\"@type\":\"ListItem\",\"position\":2,\"item\":{\"@id\":\"https:\/\/tribunadapraia.com.br\/?p=2805#webpage\"}}]},{\"@type\":\"Article\",\"@id\":\"https:\/\/tribunadapraia.com.br\/?p=2805#article\",\"isPartOf\":{\"@id\":\"https:\/\/tribunadapraia.com.br\/?p=2805#webpage\"},\"author\":{\"@id\":\"https:\/\/tribunadapraia.com.br\/#\/schema\/person\/326b0a9f3163b479142c64eba4928de0\"},\"headline\":\"Fora Bolsonaroo: &#8220;Um homem sem ju\\u00edzo e sem no\\u00e7\\u00e3o, n\\u00e3o pode governar esta na\\u00e7\\u00e3o&#8221;\\u2155\",\"datePublished\":\"2021-07-20T01:41:14+00:00\",\"dateModified\":\"2021-07-20T03:01:27+00:00\",\"mainEntityOfPage\":{\"@id\":\"https:\/\/tribunadapraia.com.br\/?p=2805#webpage\"},\"wordCount\":64,\"commentCount\":0,\"publisher\":{\"@id\":\"https:\/\/tribunadapraia.com.br\/#organization\"},\"articleSection\":[\"Not\\u00edcias\"],\"inLanguage\":\"pt-BR\",\"potentialAction\":[{\"@type\":\"CommentAction\",\"name\":\"Comment\",\"target\":[\"https:\/\/tribunadapraia.com.br\/?p=2805#respond\"]}]},{\"@type\":\"Person\",\"@id\":\"https:\/\/tribunadapraia.com.br\/#\/schema\/person\/326b0a9f3163b479142c64eba4928de0\",\"name\":\"tribunadapraia\",\"image\":{\"@type\":\"ImageObject\",\"@id\":\"https:\/\/tribunadapraia.com.br\/#personlogo\",\"inLanguage\":\"pt-BR\",\"url\":\"https:\/\/secure.gravatar.com\/avatar\/38b019c74762496076b7355024a0dad9?s=96&d=identicon&r=g\",\"contentUrl\":\"https:\/\/secure.gravatar.com\/avatar\/38b019c74762496076b7355024a0dad9?s=96&d=identicon&r=g\",\"caption\":\"tribunadapraia\"}}]}<\/script>\n<!-- \/ Yoast SEO plugin. -->","wps_subtitle":"","_links":{"self":[{"href":"https:\/\/tribunadapraia.com.br\/index.php?rest_route=\/wp\/v2\/posts\/2805"}],"collection":[{"href":"https:\/\/tribunadapraia.com.br\/index.php?rest_route=\/wp\/v2\/posts"}],"about":[{"href":"https:\/\/tribunadapraia.com.br\/index.php?rest_route=\/wp\/v2\/types\/post"}],"author":[{"embeddable":true,"href":"https:\/\/tribunadapraia.com.br\/index.php?rest_route=\/wp\/v2\/users\/1"}],"replies":[{"embeddable":true,"href":"https:\/\/tribunadapraia.com.br\/index.php?rest_route=%2Fwp%2Fv2%2Fcomments&post=2805"}],"version-history":[{"count":2,"href":"https:\/\/tribunadapraia.com.br\/index.php?rest_route=\/wp\/v2\/posts\/2805\/revisions"}],"predecessor-version":[{"id":2809,"href":"https:\/\/tribunadapraia.com.br\/index.php?rest_route=\/wp\/v2\/posts\/2805\/revisions\/2809"}],"wp:attachment":[{"href":"https:\/\/tribunadapraia.com.br\/index.php?rest_route=%2Fwp%2Fv2%2Fmedia&parent=2805"}],"wp:term":[{"taxonomy":"category","embeddable":true,"href":"https:\/\/tribunadapraia.com.br\/index.php?rest_route=%2Fwp%2Fv2%2Fcategories&post=2805"},{"taxonomy":"post_tag","embeddable":true,"href":"https:\/\/tribunadapraia.com.br\/index.php?rest_route=%2Fwp%2Fv2%2Ftags&post=2805"}],"curies":[{"name":"wp","href":"https:\/\/api.w.org\/{rel}","templated":true}]}}