{"id":2802,"date":"2021-07-19T00:16:29","date_gmt":"2021-07-19T03:16:29","guid":{"rendered":"https:\/\/tribunadapraia.com.br\/?p=2802"},"modified":"2021-07-19T00:17:23","modified_gmt":"2021-07-19T03:17:23","slug":"artigo-inconstitucionalidade-e-ilegalidade-das-rinhas-de-galo-introducao","status":"publish","type":"post","link":"https:\/\/tribunadapraia.com.br\/?p=2802","title":{"rendered":"Artigo: Inconstitucionalidade e ilegalidade das rinhas de galo &#8211; Introdu\u00e7\u00e3o"},"content":{"rendered":"<p>por Edna Cardozo Dias (1)<\/p>\n<p>Resumo (2):<\/p>\n<p>A ilegalidade das brigas de galo com a edi\u00e7\u00e3o da chama Lei Juarez T\u00e1vora. Pareceres, doutrina e jurisprud\u00eancia. A inconstitucionalidade das brigas de galo a partir da Constitui\u00e7\u00e3o Federal de 1988. Jurisprud\u00eancia. Supremo Tribunal Federal se manifesta sobre as rinhas. Projetos de lei para legalizar as rinhas. Conclus\u00e3o.<\/p>\n<p>1. INTRODU\u00c7\u00c3O:<\/p>\n<p>Desde que o publicit\u00e1rio Duda Mendon\u00e7a, conhecido por ter trabalhado na campanha de Lula \u00e0 Presid\u00eancia da Rep\u00fablica, foi preso participando de um campeonato de brigas de galos no Rio de Janeiro a legalidade das rinhas vem sendo suscitada.<\/p>\n<p>(1) Edna Cardozo Dias \u00e9 doutora em Direito pela UFMG e professora de direito ambiental<br \/>\n(2) Publicado em\u00a012\/2004. Elaborado em\u00a010\/2004.<\/p>\n","protected":false},"excerpt":{"rendered":"<p>por Edna Cardozo Dias (1) Resumo (2): A ilegalidade das brigas de galo com a edi\u00e7\u00e3o da chama Lei Juarez T\u00e1vora. Pareceres, doutrina e jurisprud\u00eancia. A inconstitucionalidade das brigas de galo a partir da Constitui\u00e7\u00e3o Federal de 1988. Jurisprud\u00eancia. Supremo Tribunal Federal se manifesta sobre as rinhas. Projetos de lei para legalizar as rinhas. Conclus\u00e3o. 1. INTRODU\u00c7\u00c3O: Desde que o publicit\u00e1rio Duda Mendon\u00e7a, conhecido por ter trabalhado na campanha de<\/p>\n","protected":false},"author":1,"featured_media":2803,"comment_status":"open","ping_status":"open","sticky":false,"template":"","format":"standard","meta":[],"categories":[18],"tags":[],"yoast_head":"<!-- This site is optimized with the Yoast SEO plugin v16.3 - https:\/\/yoast.com\/wordpress\/plugins\/seo\/ -->\n<title>Artigo: Inconstitucionalidade e ilegalidade das rinhas de galo - Introdu\u00e7\u00e3o - TRIBUNA DA PRAIA<\/title>\n<meta name=\"robots\" content=\"index, follow, max-snippet:-1, max-image-preview:large, max-video-preview:-1\" \/>\n<link rel=\"canonical\" href=\"https:\/\/tribunadapraia.com.br\/?p=2802\" \/>\n<meta property=\"og:locale\" content=\"pt_BR\" \/>\n<meta property=\"og:type\" content=\"article\" \/>\n<meta property=\"og:title\" content=\"Artigo: Inconstitucionalidade e ilegalidade das rinhas de galo - Introdu\u00e7\u00e3o - TRIBUNA DA PRAIA\" \/>\n<meta property=\"og:description\" content=\"por Edna Cardozo Dias (1) Resumo (2): A ilegalidade das brigas de galo com a edi\u00e7\u00e3o da chama Lei Juarez T\u00e1vora. Pareceres, doutrina e jurisprud\u00eancia. A inconstitucionalidade das brigas de galo a partir da Constitui\u00e7\u00e3o Federal de 1988. Jurisprud\u00eancia. Supremo Tribunal Federal se manifesta sobre as rinhas. Projetos de lei para legalizar as rinhas. Conclus\u00e3o. 1. INTRODU\u00c7\u00c3O: Desde que o publicit\u00e1rio Duda Mendon\u00e7a, conhecido por ter trabalhado na campanha de\" \/>\n<meta property=\"og:url\" content=\"https:\/\/tribunadapraia.com.br\/?p=2802\" \/>\n<meta property=\"og:site_name\" content=\"TRIBUNA DA PRAIA\" \/>\n<meta property=\"article:publisher\" content=\"https:\/\/www.facebook.com\/tribunadapraiaonline\/\" \/>\n<meta property=\"article:published_time\" content=\"2021-07-19T03:16:29+00:00\" \/>\n<meta property=\"article:modified_time\" content=\"2021-07-19T03:17:23+00:00\" \/>\n<meta property=\"og:image\" content=\"https:\/\/tribunadapraia.com.br\/wp-content\/uploads\/2021\/07\/8d048ecc930d1bf57bde9b54066eaf58-gpMedium.jpg\" \/>\n\t<meta property=\"og:image:width\" content=\"660\" \/>\n\t<meta property=\"og:image:height\" content=\"759\" \/>\n<meta name=\"twitter:card\" content=\"summary_large_image\" \/>\n<meta name=\"twitter:creator\" content=\"@Claudomir21\" \/>\n<meta name=\"twitter:site\" content=\"@Claudomir21\" \/>\n<meta name=\"twitter:label1\" content=\"Est. tempo de leitura\">\n\t<meta name=\"twitter:data1\" content=\"1 minuto\">\n<script type=\"application\/ld+json\" class=\"yoast-schema-graph\">{\"@context\":\"https:\/\/schema.org\",\"@graph\":[{\"@type\":\"Organization\",\"@id\":\"https:\/\/tribunadapraia.com.br\/#organization\",\"name\":\"Tribuna da Praia\",\"url\":\"https:\/\/tribunadapraia.com.br\/\",\"sameAs\":[\"https:\/\/www.facebook.com\/tribunadapraiaonline\/\",\"https:\/\/www.instagram.com\/claudomirtavares\/\",\"https:\/\/www.youtube.com\/channel\/UCwQf80nxiMzCefAyjbp53Rw\",\"https:\/\/twitter.com\/Claudomir21\"],\"logo\":{\"@type\":\"ImageObject\",\"@id\":\"https:\/\/tribunadapraia.com.br\/#logo\",\"inLanguage\":\"pt-BR\",\"url\":\"https:\/\/tribunadapraia.com.br\/wp-content\/uploads\/2020\/02\/logo.png\",\"contentUrl\":\"https:\/\/tribunadapraia.com.br\/wp-content\/uploads\/2020\/02\/logo.png\",\"width\":501,\"height\":121,\"caption\":\"Tribuna da Praia\"},\"image\":{\"@id\":\"https:\/\/tribunadapraia.com.br\/#logo\"}},{\"@type\":\"WebSite\",\"@id\":\"https:\/\/tribunadapraia.com.br\/#website\",\"url\":\"https:\/\/tribunadapraia.com.br\/\",\"name\":\"TRIBUNA DA PRAIA\",\"description\":\"O 1\\u00ba jornal do interior de Sergipe na internet\",\"publisher\":{\"@id\":\"https:\/\/tribunadapraia.com.br\/#organization\"},\"potentialAction\":[{\"@type\":\"SearchAction\",\"target\":\"https:\/\/tribunadapraia.com.br\/?s={search_term_string}\",\"query-input\":\"required name=search_term_string\"}],\"inLanguage\":\"pt-BR\"},{\"@type\":\"ImageObject\",\"@id\":\"https:\/\/tribunadapraia.com.br\/?p=2802#primaryimage\",\"inLanguage\":\"pt-BR\",\"url\":\"https:\/\/tribunadapraia.com.br\/wp-content\/uploads\/2021\/07\/8d048ecc930d1bf57bde9b54066eaf58-gpMedium.jpg\",\"contentUrl\":\"https:\/\/tribunadapraia.com.br\/wp-content\/uploads\/2021\/07\/8d048ecc930d1bf57bde9b54066eaf58-gpMedium.jpg\",\"width\":660,\"height\":759},{\"@type\":\"WebPage\",\"@id\":\"https:\/\/tribunadapraia.com.br\/?p=2802#webpage\",\"url\":\"https:\/\/tribunadapraia.com.br\/?p=2802\",\"name\":\"Artigo: Inconstitucionalidade e ilegalidade das rinhas de galo - Introdu\\u00e7\\u00e3o - TRIBUNA DA PRAIA\",\"isPartOf\":{\"@id\":\"https:\/\/tribunadapraia.com.br\/#website\"},\"primaryImageOfPage\":{\"@id\":\"https:\/\/tribunadapraia.com.br\/?p=2802#primaryimage\"},\"datePublished\":\"2021-07-19T03:16:29+00:00\",\"dateModified\":\"2021-07-19T03:17:23+00:00\",\"breadcrumb\":{\"@id\":\"https:\/\/tribunadapraia.com.br\/?p=2802#breadcrumb\"},\"inLanguage\":\"pt-BR\",\"potentialAction\":[{\"@type\":\"ReadAction\",\"target\":[\"https:\/\/tribunadapraia.com.br\/?p=2802\"]}]},{\"@type\":\"BreadcrumbList\",\"@id\":\"https:\/\/tribunadapraia.com.br\/?p=2802#breadcrumb\",\"itemListElement\":[{\"@type\":\"ListItem\",\"position\":1,\"item\":{\"@type\":\"WebPage\",\"@id\":\"https:\/\/tribunadapraia.com.br\/\",\"url\":\"https:\/\/tribunadapraia.com.br\/\",\"name\":\"In\\u00edcio\"}},{\"@type\":\"ListItem\",\"position\":2,\"item\":{\"@id\":\"https:\/\/tribunadapraia.com.br\/?p=2802#webpage\"}}]},{\"@type\":\"Article\",\"@id\":\"https:\/\/tribunadapraia.com.br\/?p=2802#article\",\"isPartOf\":{\"@id\":\"https:\/\/tribunadapraia.com.br\/?p=2802#webpage\"},\"author\":{\"@id\":\"https:\/\/tribunadapraia.com.br\/#\/schema\/person\/326b0a9f3163b479142c64eba4928de0\"},\"headline\":\"Artigo: Inconstitucionalidade e ilegalidade das rinhas de galo &#8211; Introdu\\u00e7\\u00e3o\",\"datePublished\":\"2021-07-19T03:16:29+00:00\",\"dateModified\":\"2021-07-19T03:17:23+00:00\",\"mainEntityOfPage\":{\"@id\":\"https:\/\/tribunadapraia.com.br\/?p=2802#webpage\"},\"wordCount\":130,\"commentCount\":0,\"publisher\":{\"@id\":\"https:\/\/tribunadapraia.com.br\/#organization\"},\"image\":{\"@id\":\"https:\/\/tribunadapraia.com.br\/?p=2802#primaryimage\"},\"thumbnailUrl\":\"https:\/\/tribunadapraia.com.br\/wp-content\/uploads\/2021\/07\/8d048ecc930d1bf57bde9b54066eaf58-gpMedium.jpg\",\"articleSection\":[\"Not\\u00edcias\"],\"inLanguage\":\"pt-BR\",\"potentialAction\":[{\"@type\":\"CommentAction\",\"name\":\"Comment\",\"target\":[\"https:\/\/tribunadapraia.com.br\/?p=2802#respond\"]}]},{\"@type\":\"Person\",\"@id\":\"https:\/\/tribunadapraia.com.br\/#\/schema\/person\/326b0a9f3163b479142c64eba4928de0\",\"name\":\"tribunadapraia\",\"image\":{\"@type\":\"ImageObject\",\"@id\":\"https:\/\/tribunadapraia.com.br\/#personlogo\",\"inLanguage\":\"pt-BR\",\"url\":\"https:\/\/secure.gravatar.com\/avatar\/38b019c74762496076b7355024a0dad9?s=96&d=identicon&r=g\",\"contentUrl\":\"https:\/\/secure.gravatar.com\/avatar\/38b019c74762496076b7355024a0dad9?s=96&d=identicon&r=g\",\"caption\":\"tribunadapraia\"}}]}<\/script>\n<!-- \/ Yoast SEO plugin. -->","wps_subtitle":"","_links":{"self":[{"href":"https:\/\/tribunadapraia.com.br\/index.php?rest_route=\/wp\/v2\/posts\/2802"}],"collection":[{"href":"https:\/\/tribunadapraia.com.br\/index.php?rest_route=\/wp\/v2\/posts"}],"about":[{"href":"https:\/\/tribunadapraia.com.br\/index.php?rest_route=\/wp\/v2\/types\/post"}],"author":[{"embeddable":true,"href":"https:\/\/tribunadapraia.com.br\/index.php?rest_route=\/wp\/v2\/users\/1"}],"replies":[{"embeddable":true,"href":"https:\/\/tribunadapraia.com.br\/index.php?rest_route=%2Fwp%2Fv2%2Fcomments&post=2802"}],"version-history":[{"count":1,"href":"https:\/\/tribunadapraia.com.br\/index.php?rest_route=\/wp\/v2\/posts\/2802\/revisions"}],"predecessor-version":[{"id":2804,"href":"https:\/\/tribunadapraia.com.br\/index.php?rest_route=\/wp\/v2\/posts\/2802\/revisions\/2804"}],"wp:featuredmedia":[{"embeddable":true,"href":"https:\/\/tribunadapraia.com.br\/index.php?rest_route=\/wp\/v2\/media\/2803"}],"wp:attachment":[{"href":"https:\/\/tribunadapraia.com.br\/index.php?rest_route=%2Fwp%2Fv2%2Fmedia&parent=2802"}],"wp:term":[{"taxonomy":"category","embeddable":true,"href":"https:\/\/tribunadapraia.com.br\/index.php?rest_route=%2Fwp%2Fv2%2Fcategories&post=2802"},{"taxonomy":"post_tag","embeddable":true,"href":"https:\/\/tribunadapraia.com.br\/index.php?rest_route=%2Fwp%2Fv2%2Ftags&post=2802"}],"curies":[{"name":"wp","href":"https:\/\/api.w.org\/{rel}","templated":true}]}}