{"id":2799,"date":"2021-07-18T23:02:26","date_gmt":"2021-07-19T02:02:26","guid":{"rendered":"https:\/\/tribunadapraia.com.br\/?p=2799"},"modified":"2021-07-18T23:03:20","modified_gmt":"2021-07-19T02:03:20","slug":"solidariedade-consulado-cubano-em-sp-recebe-manifestacao-em-defesa-da-revolucao","status":"publish","type":"post","link":"https:\/\/tribunadapraia.com.br\/?p=2799","title":{"rendered":"SOLIDARIEDADE: Consulado cubano em SP recebe manifesta\u00e7\u00e3o em defesa da revolu\u00e7\u00e3o"},"content":{"rendered":"<p>Com apresenta\u00e7\u00f5es culturais, ato reuniu partidos e organiza\u00e7\u00f5es de esquerda, al\u00e9m de apoiadores do governo cubano<\/p>\n<p>Estamos aqui denunciando o bloqueio criminoso que Cuba vem sofrendo a mais de 60 anos&#8221;, destacou lideran\u00e7a do MST &#8211; Manuela Hern\u00e1ndez \/ Comunica\u00e7\u00e3o do MST<\/p>\n<p>O consulado cubano em S\u00e3o Paulo (SP) recebeu neste domingo (18)\u00a0uma manifesta\u00e7\u00e3o pol\u00edtico-cultural em solidariedade a Cuba.<br \/>\nEm frente ao pr\u00e9dio, manifestantes do Movimento dos Trabalhadores Rurais sem Terra (MST),\u00a0de partidos e organiza\u00e7\u00f5es de esquerda e de apoiadores de Cuba levaram faixas e\u00a0bandeiras.<br \/>\n::\u00a0Entenda os fatores que desencadearam as maiores manifesta\u00e7\u00f5es opositoras em Cuba desde 1994 ::<br \/>\n&#8220;Cuba \u00e9 dignidade, \u00e9 solidariedade, \u00e9 o povo vivendo bem. As ruas de Cuba, assim como as ruas do Brasil, s\u00e3o dos e das revolucion\u00e1rias.\u00a0Ningu\u00e9m mais tomar\u00e1\u00a0as ruas de Cuba ou do Brasil&#8221;, discursou Cassia Bechara, da dire\u00e7\u00e3o nacional do MST.<br \/>\nO ato foi\u00a0transmitido ao vivo pelas redes sociais do\u00a0Brasil de Fato:<br \/>\nDesestabiliza\u00e7\u00e3o<br \/>\nH\u00e1 uma semana,\u00a0protestos contr\u00e1rios ao governo\u00a0ocorreram em cerca de 20 munic\u00edpios da ilha.\u00a0O presidente Miguel D\u00edaz-Canel reconheceu os problemas econ\u00f4micos, mas sustentou que\u00a0as manifesta\u00e7\u00f5es foram parte de uma campanha contr\u00e1ria ao sistema socialista.<br \/>\nEm contrapartida, um protesto em defesa da revolu\u00e7\u00e3o cubana neste s\u00e1bado (17) reuniu 100 mil pessoas em Havana, segundo o governo da ilha. Em discurso, D\u00edaz-Canel apontou o envolvimento dos EUA no que classificou como uma opera\u00e7\u00e3o de desestabiliza\u00e7\u00e3o pol\u00edtica.<br \/>\n&#8220;Esses que est\u00e3o nas ruas protestando contra a revolu\u00e7\u00e3o n\u00e3o representam o povo cubano. Estamos aqui denunciando o bloqueio criminoso que Cuba vem sofrendo a mais de 60 anos&#8221;, destacou a lideran\u00e7a do MST durante o ato em frente ao consulado.<br \/>\nEsquerda presente<br \/>\nO ato no consulado contou como a participa\u00e7\u00e3o das seguintes organiza\u00e7\u00f5es:\u00a0MST, Marcha Mundial das Mulheres (MMM), Levante Popular da Juventude,\u00a0PCO, PT, CTB, PCdoB, PSOL, FSM, MTST, PCB, MSC-SP, Democracia Corinthiana e UJS.<\/p>\n<p>por.Murilo Pajolla | Brasil de Fato<\/p>\n","protected":false},"excerpt":{"rendered":"<p>Com apresenta\u00e7\u00f5es culturais, ato reuniu partidos e organiza\u00e7\u00f5es de esquerda, al\u00e9m de apoiadores do governo cubano Estamos aqui denunciando o bloqueio criminoso que Cuba vem sofrendo a mais de 60 anos&#8221;, destacou lideran\u00e7a do MST &#8211; Manuela Hern\u00e1ndez \/ Comunica\u00e7\u00e3o do MST O consulado cubano em S\u00e3o Paulo (SP) recebeu neste domingo (18)\u00a0uma manifesta\u00e7\u00e3o pol\u00edtico-cultural em solidariedade a Cuba. Em frente ao pr\u00e9dio, manifestantes do Movimento dos Trabalhadores Rurais sem<\/p>\n","protected":false},"author":1,"featured_media":2800,"comment_status":"open","ping_status":"open","sticky":false,"template":"","format":"standard","meta":[],"categories":[18],"tags":[],"yoast_head":"<!-- This site is optimized with the Yoast SEO plugin v16.3 - https:\/\/yoast.com\/wordpress\/plugins\/seo\/ -->\n<title>SOLIDARIEDADE: Consulado cubano em SP recebe manifesta\u00e7\u00e3o em defesa da revolu\u00e7\u00e3o - TRIBUNA DA PRAIA<\/title>\n<meta name=\"robots\" content=\"index, follow, max-snippet:-1, max-image-preview:large, max-video-preview:-1\" \/>\n<link rel=\"canonical\" href=\"https:\/\/tribunadapraia.com.br\/?p=2799\" \/>\n<meta property=\"og:locale\" content=\"pt_BR\" \/>\n<meta property=\"og:type\" content=\"article\" \/>\n<meta property=\"og:title\" content=\"SOLIDARIEDADE: Consulado cubano em SP recebe manifesta\u00e7\u00e3o em defesa da revolu\u00e7\u00e3o - TRIBUNA DA PRAIA\" \/>\n<meta property=\"og:description\" content=\"Com apresenta\u00e7\u00f5es culturais, ato reuniu partidos e organiza\u00e7\u00f5es de esquerda, al\u00e9m de apoiadores do governo cubano Estamos aqui denunciando o bloqueio criminoso que Cuba vem sofrendo a mais de 60 anos&#8221;, destacou lideran\u00e7a do MST &#8211; Manuela Hern\u00e1ndez \/ Comunica\u00e7\u00e3o do MST O consulado cubano em S\u00e3o Paulo (SP) recebeu neste domingo (18)\u00a0uma manifesta\u00e7\u00e3o pol\u00edtico-cultural em solidariedade a Cuba. Em frente ao pr\u00e9dio, manifestantes do Movimento dos Trabalhadores Rurais sem\" \/>\n<meta property=\"og:url\" content=\"https:\/\/tribunadapraia.com.br\/?p=2799\" \/>\n<meta property=\"og:site_name\" content=\"TRIBUNA DA PRAIA\" \/>\n<meta property=\"article:publisher\" content=\"https:\/\/www.facebook.com\/tribunadapraiaonline\/\" \/>\n<meta property=\"article:published_time\" content=\"2021-07-19T02:02:26+00:00\" \/>\n<meta property=\"article:modified_time\" content=\"2021-07-19T02:03:20+00:00\" \/>\n<meta property=\"og:image\" content=\"https:\/\/tribunadapraia.com.br\/wp-content\/uploads\/2021\/07\/image_processing20210718-2968-1b7pzdq.jpeg\" \/>\n\t<meta property=\"og:image:width\" content=\"800\" \/>\n\t<meta property=\"og:image:height\" content=\"600\" \/>\n<meta name=\"twitter:card\" content=\"summary_large_image\" \/>\n<meta name=\"twitter:creator\" content=\"@Claudomir21\" \/>\n<meta name=\"twitter:site\" content=\"@Claudomir21\" \/>\n<meta name=\"twitter:label1\" content=\"Est. tempo de leitura\">\n\t<meta name=\"twitter:data1\" content=\"2 minutos\">\n<script type=\"application\/ld+json\" class=\"yoast-schema-graph\">{\"@context\":\"https:\/\/schema.org\",\"@graph\":[{\"@type\":\"Organization\",\"@id\":\"https:\/\/tribunadapraia.com.br\/#organization\",\"name\":\"Tribuna da Praia\",\"url\":\"https:\/\/tribunadapraia.com.br\/\",\"sameAs\":[\"https:\/\/www.facebook.com\/tribunadapraiaonline\/\",\"https:\/\/www.instagram.com\/claudomirtavares\/\",\"https:\/\/www.youtube.com\/channel\/UCwQf80nxiMzCefAyjbp53Rw\",\"https:\/\/twitter.com\/Claudomir21\"],\"logo\":{\"@type\":\"ImageObject\",\"@id\":\"https:\/\/tribunadapraia.com.br\/#logo\",\"inLanguage\":\"pt-BR\",\"url\":\"https:\/\/tribunadapraia.com.br\/wp-content\/uploads\/2020\/02\/logo.png\",\"contentUrl\":\"https:\/\/tribunadapraia.com.br\/wp-content\/uploads\/2020\/02\/logo.png\",\"width\":501,\"height\":121,\"caption\":\"Tribuna da Praia\"},\"image\":{\"@id\":\"https:\/\/tribunadapraia.com.br\/#logo\"}},{\"@type\":\"WebSite\",\"@id\":\"https:\/\/tribunadapraia.com.br\/#website\",\"url\":\"https:\/\/tribunadapraia.com.br\/\",\"name\":\"TRIBUNA DA PRAIA\",\"description\":\"O 1\\u00ba jornal do interior de Sergipe na internet\",\"publisher\":{\"@id\":\"https:\/\/tribunadapraia.com.br\/#organization\"},\"potentialAction\":[{\"@type\":\"SearchAction\",\"target\":\"https:\/\/tribunadapraia.com.br\/?s={search_term_string}\",\"query-input\":\"required name=search_term_string\"}],\"inLanguage\":\"pt-BR\"},{\"@type\":\"ImageObject\",\"@id\":\"https:\/\/tribunadapraia.com.br\/?p=2799#primaryimage\",\"inLanguage\":\"pt-BR\",\"url\":\"https:\/\/tribunadapraia.com.br\/wp-content\/uploads\/2021\/07\/image_processing20210718-2968-1b7pzdq.jpeg\",\"contentUrl\":\"https:\/\/tribunadapraia.com.br\/wp-content\/uploads\/2021\/07\/image_processing20210718-2968-1b7pzdq.jpeg\",\"width\":800,\"height\":600},{\"@type\":\"WebPage\",\"@id\":\"https:\/\/tribunadapraia.com.br\/?p=2799#webpage\",\"url\":\"https:\/\/tribunadapraia.com.br\/?p=2799\",\"name\":\"SOLIDARIEDADE: Consulado cubano em SP recebe manifesta\\u00e7\\u00e3o em defesa da revolu\\u00e7\\u00e3o - TRIBUNA DA PRAIA\",\"isPartOf\":{\"@id\":\"https:\/\/tribunadapraia.com.br\/#website\"},\"primaryImageOfPage\":{\"@id\":\"https:\/\/tribunadapraia.com.br\/?p=2799#primaryimage\"},\"datePublished\":\"2021-07-19T02:02:26+00:00\",\"dateModified\":\"2021-07-19T02:03:20+00:00\",\"breadcrumb\":{\"@id\":\"https:\/\/tribunadapraia.com.br\/?p=2799#breadcrumb\"},\"inLanguage\":\"pt-BR\",\"potentialAction\":[{\"@type\":\"ReadAction\",\"target\":[\"https:\/\/tribunadapraia.com.br\/?p=2799\"]}]},{\"@type\":\"BreadcrumbList\",\"@id\":\"https:\/\/tribunadapraia.com.br\/?p=2799#breadcrumb\",\"itemListElement\":[{\"@type\":\"ListItem\",\"position\":1,\"item\":{\"@type\":\"WebPage\",\"@id\":\"https:\/\/tribunadapraia.com.br\/\",\"url\":\"https:\/\/tribunadapraia.com.br\/\",\"name\":\"In\\u00edcio\"}},{\"@type\":\"ListItem\",\"position\":2,\"item\":{\"@id\":\"https:\/\/tribunadapraia.com.br\/?p=2799#webpage\"}}]},{\"@type\":\"Article\",\"@id\":\"https:\/\/tribunadapraia.com.br\/?p=2799#article\",\"isPartOf\":{\"@id\":\"https:\/\/tribunadapraia.com.br\/?p=2799#webpage\"},\"author\":{\"@id\":\"https:\/\/tribunadapraia.com.br\/#\/schema\/person\/326b0a9f3163b479142c64eba4928de0\"},\"headline\":\"SOLIDARIEDADE: Consulado cubano em SP recebe manifesta\\u00e7\\u00e3o em defesa da revolu\\u00e7\\u00e3o\",\"datePublished\":\"2021-07-19T02:02:26+00:00\",\"dateModified\":\"2021-07-19T02:03:20+00:00\",\"mainEntityOfPage\":{\"@id\":\"https:\/\/tribunadapraia.com.br\/?p=2799#webpage\"},\"wordCount\":355,\"commentCount\":0,\"publisher\":{\"@id\":\"https:\/\/tribunadapraia.com.br\/#organization\"},\"image\":{\"@id\":\"https:\/\/tribunadapraia.com.br\/?p=2799#primaryimage\"},\"thumbnailUrl\":\"https:\/\/tribunadapraia.com.br\/wp-content\/uploads\/2021\/07\/image_processing20210718-2968-1b7pzdq.jpeg\",\"articleSection\":[\"Not\\u00edcias\"],\"inLanguage\":\"pt-BR\",\"potentialAction\":[{\"@type\":\"CommentAction\",\"name\":\"Comment\",\"target\":[\"https:\/\/tribunadapraia.com.br\/?p=2799#respond\"]}]},{\"@type\":\"Person\",\"@id\":\"https:\/\/tribunadapraia.com.br\/#\/schema\/person\/326b0a9f3163b479142c64eba4928de0\",\"name\":\"tribunadapraia\",\"image\":{\"@type\":\"ImageObject\",\"@id\":\"https:\/\/tribunadapraia.com.br\/#personlogo\",\"inLanguage\":\"pt-BR\",\"url\":\"https:\/\/secure.gravatar.com\/avatar\/38b019c74762496076b7355024a0dad9?s=96&d=identicon&r=g\",\"contentUrl\":\"https:\/\/secure.gravatar.com\/avatar\/38b019c74762496076b7355024a0dad9?s=96&d=identicon&r=g\",\"caption\":\"tribunadapraia\"}}]}<\/script>\n<!-- \/ Yoast SEO plugin. -->","wps_subtitle":"","_links":{"self":[{"href":"https:\/\/tribunadapraia.com.br\/index.php?rest_route=\/wp\/v2\/posts\/2799"}],"collection":[{"href":"https:\/\/tribunadapraia.com.br\/index.php?rest_route=\/wp\/v2\/posts"}],"about":[{"href":"https:\/\/tribunadapraia.com.br\/index.php?rest_route=\/wp\/v2\/types\/post"}],"author":[{"embeddable":true,"href":"https:\/\/tribunadapraia.com.br\/index.php?rest_route=\/wp\/v2\/users\/1"}],"replies":[{"embeddable":true,"href":"https:\/\/tribunadapraia.com.br\/index.php?rest_route=%2Fwp%2Fv2%2Fcomments&post=2799"}],"version-history":[{"count":1,"href":"https:\/\/tribunadapraia.com.br\/index.php?rest_route=\/wp\/v2\/posts\/2799\/revisions"}],"predecessor-version":[{"id":2801,"href":"https:\/\/tribunadapraia.com.br\/index.php?rest_route=\/wp\/v2\/posts\/2799\/revisions\/2801"}],"wp:featuredmedia":[{"embeddable":true,"href":"https:\/\/tribunadapraia.com.br\/index.php?rest_route=\/wp\/v2\/media\/2800"}],"wp:attachment":[{"href":"https:\/\/tribunadapraia.com.br\/index.php?rest_route=%2Fwp%2Fv2%2Fmedia&parent=2799"}],"wp:term":[{"taxonomy":"category","embeddable":true,"href":"https:\/\/tribunadapraia.com.br\/index.php?rest_route=%2Fwp%2Fv2%2Fcategories&post=2799"},{"taxonomy":"post_tag","embeddable":true,"href":"https:\/\/tribunadapraia.com.br\/index.php?rest_route=%2Fwp%2Fv2%2Ftags&post=2799"}],"curies":[{"name":"wp","href":"https:\/\/api.w.org\/{rel}","templated":true}]}}