{"id":2796,"date":"2021-07-18T22:38:42","date_gmt":"2021-07-19T01:38:42","guid":{"rendered":"https:\/\/tribunadapraia.com.br\/?p=2796"},"modified":"2021-07-18T22:39:34","modified_gmt":"2021-07-19T01:39:34","slug":"nota-de-esclarecimento-luiz-alberto-santos-presidente-da-acmse-aos-as-leitores-as-da-tribuna-da-praia","status":"publish","type":"post","link":"https:\/\/tribunadapraia.com.br\/?p=2796","title":{"rendered":"Nota de esclarecimento: Luiz Alberto Santos, presidente da ACMSE, aos\/as leitores\/as da Tribuna da Praia"},"content":{"rendered":"<p>Muito triste, por\u00e9m compreens\u00edvel,\u00a0 quando temos a infelicidade, de ter acesso a este n\u00edvel de participa\u00e7\u00e3o social, triste realidade, por\u00e9m, preciso concordar com professor e comunicador Cloves de Barros, quando em uma das suas apresenta\u00e7\u00f5es, afirmou que a grandiosidade do verdadeiro mestre est\u00e1, em reconhecer sua pequenez diante da imensid\u00e3o do conhecimento, \u201creconhecer um erro \u00e9 fazer progresso na arte de raciocinar\u201d, ensinamento que n\u00e3o foi compartilhado pelo cr\u00edtico, Ant\u00f4nio Madeira em publica\u00e7\u00e3o na p\u00e1gina do \u201cTribunadapaia.com.br\u201d, quando da analise do Projeto de Lei 047 de 2021 de autoria do vereador pela cidade de Propri\u00e1, Ronnysson.<\/p>\n<p>A escrita do mesmo para os que desconhecem o assunto, parece gozar de credibilidade e sustenta\u00e7\u00e3o, por\u00e9m, n\u00e3o resiste ao mais simples n\u00edvel de questionamento, sua escrita apenas refor\u00e7a a m\u00e1xima de que: \u201ca ignor\u00e2ncia das coisas nos conduz fatalmente a exageros\u201d. Em decorr\u00eancia da postura adotada pelo cr\u00edtico, vale lembrar que a hist\u00f3ria nos revela v\u00e1rios exemplos de a\u00e7\u00f5es desastrosas, a exemplo: Cop\u00e9rnico, Giordano Bruno e o pr\u00f3prio Galileu que por pouco, n\u00e3o foi queimado vivo, quando reconheceu que a terra era redonda. Todos os exemplos, servem para exemplificar a linha de pensamento do Ant\u00f4nio Madeira que, talvez n\u00e3o tenha tido a inten\u00e7\u00e3o, quero crer, se tratar de ignor\u00e2ncia e n\u00e3o maldade. Este modelo de imposi\u00e7\u00e3o de narrativas, conseguiu no passado assassinar muitas personalidades e hoje assassina a reputa\u00e7\u00e3o do vereador Ronnysson perante a comunidade ribeirinha. Para felicidade de Ronnysson, hoje os carrascos n\u00e3o det\u00eam o mesmo poder.<\/p>\n<p>Como podemos observar no texto do cr\u00edtico, o mesmo mais uma vez confirma que: \u201co leigo tem solu\u00e7\u00f5es pr\u00f3prias para problemas alheios\u201d, basta que o leitor estude \u201ca lei dos crimes ambientais, lei da vida\u201d, citada pelo mesmo, para perceber o seu desconhecimento sobre o assunto, quero crer que o mesmo, n\u00e3o possa alegar ter sido um problema do corretor ou teclado. A lei que o mesmo desejava se reportar, acredito ser a lei 9605\/1998, esta sim, trata das quest\u00f5es e dos crimes ambientais, mas, pe\u00e7o desculpas se existir uma lei municipal, que seja reconhecida, como lei dos crimes ambientais e sancionada na mesma data que a citada pelo cr\u00edtico, lei 11.284, de 2 de mar\u00e7o de 2006. Que n\u00e3o verse sobre a gest\u00e3o das florestas p\u00fablicas para a produ\u00e7\u00e3o sustent\u00e1vel.<\/p>\n<p>A ignor\u00e2ncia pode ser considerada uma ben\u00e7\u00e3o, como dita por Leandro Karnal, quando o envolvido n\u00e3o disp\u00f5e de conhecimento sobre o objeto questionado, o que n\u00e3o \u00e9 o caso, deste que hora escreve estas poucas linhas, neste momento tenho a obriga\u00e7\u00e3o moral e intelectual de exigir do Sr\u00ba Ant\u00f4nio Madeira, uma nota de desculpa para com os galistas, como seria bastante elegante e uma prova de evolu\u00e7\u00e3o, se o mesmo agisse da mesma forma com o vereador Ronnysson, a quem o mesmo, sem ter a inten\u00e7\u00e3o, quero crer, assassinou sua reputa\u00e7\u00e3o, quando produziu uma nota t\u00e3o maldosa e preconceituosa. Basta se ater aos termos que o mesmo usa para se referir a fraternidade galista sergipana, \u201cra\u00e7a daninha\u201d, sim, esta \u00e9 a melhor e mais verdadeira express\u00e3o produzida pelo Ant\u00f4nio Madeira<\/p>\n<p>O Sr\u00ba Ant\u00f4nio Madeira, realmente n\u00e3o compreende nada sobre as peculiaridades desta esp\u00e9cie, muito menos a seguran\u00e7a jur\u00eddica, mas \u00e9 compreens\u00edvel, a leitura do mesmo foi sobre gest\u00e3o das florestas, se pelo menos tivesse lido o art. 225 e o inciso II. Iria descobrir que a nossa Constitui\u00e7\u00e3o Federal assegura a manuten\u00e7\u00e3o de todo patrim\u00f4nio gen\u00e9tico do nosso pa\u00eds. Eu poderia citar muitas outras fontes que asseguram a manuten\u00e7\u00e3o desta esp\u00e9cie a exemplo do art. 29, \u00a7 III da lei 9605\/1998 esta, que trata dos crimes ambientais. Por hora acho que j\u00e1 \u00e9 suficiente para que o p\u00fablico ribeirinho da cidade de Propri\u00e1, compreenda, que nem sempre uma escrita bonita ou boas inten\u00e7\u00f5es, exp\u00f5e a verdade.<\/p>\n<p>Em momento algum o vereador fala em seu projeto, sobre o combate entre estas aves belicosas por natureza, o Sr\u00ba Ant\u00f4nio n\u00e3o leu a justificativa do PL, se o tivesse feito, n\u00e3o cometeria t\u00e3o despaut\u00e9rio. Estou a cometer um erro grav\u00edssimo, quando me permito debater, com algu\u00e9m que adota a postura de um ativista pol\u00edtico, algu\u00e9m que aproveitou da oportunidade para ser visto. Como pode, algu\u00e9m acusar ou defender algo que ele desconhece totalmente? Me perdoe, as premissas apresentadas me levam a esta conclus\u00e3o. Como seria bem mais f\u00e1cil e compreens\u00edvel se pudesse dialogar com um Ec\u00f3logo ou um Bi\u00f3logo.<\/p>\n<p>N\u00e3o posso encerra esta minha participa\u00e7\u00e3o, sem antes agradecer ao administrador da p\u00e1gina, o professor e comunicador Claudomir pelo espa\u00e7o. O verdadeiro jornalismo bebe na fonte da \u00e9tica e da justi\u00e7a e permitir o contradit\u00f3rio \u00e9 um princ\u00edpio balizar na constru\u00e7\u00e3o do bom jornalismo, sem contar, com o elevado apre\u00e7o, para com os leitores, que ter\u00e3o acesso a informa\u00e7\u00f5es verdadeiras, em detrimento de ila\u00e7\u00f5es e premissas falsas.<\/p>\n<p>Atte.<\/p>\n<p>Luiz Alberto Santos<br \/>\nPresidente da ACMSE<\/p>\n","protected":false},"excerpt":{"rendered":"<p>Muito triste, por\u00e9m compreens\u00edvel,\u00a0 quando temos a infelicidade, de ter acesso a este n\u00edvel de participa\u00e7\u00e3o social, triste realidade, por\u00e9m, preciso concordar com professor e comunicador Cloves de Barros, quando em uma das suas apresenta\u00e7\u00f5es, afirmou que a grandiosidade do verdadeiro mestre est\u00e1, em reconhecer sua pequenez diante da imensid\u00e3o do conhecimento, \u201creconhecer um erro \u00e9 fazer progresso na arte de raciocinar\u201d, ensinamento que n\u00e3o foi compartilhado pelo cr\u00edtico, Ant\u00f4nio<\/p>\n","protected":false},"author":1,"featured_media":2797,"comment_status":"open","ping_status":"open","sticky":false,"template":"","format":"standard","meta":[],"categories":[18],"tags":[],"yoast_head":"<!-- This site is optimized with the Yoast SEO plugin v16.3 - https:\/\/yoast.com\/wordpress\/plugins\/seo\/ -->\n<title>Nota de esclarecimento: Luiz Alberto Santos, presidente da ACMSE, aos\/as leitores\/as da Tribuna da Praia - TRIBUNA DA PRAIA<\/title>\n<meta name=\"robots\" content=\"index, follow, max-snippet:-1, max-image-preview:large, max-video-preview:-1\" \/>\n<link rel=\"canonical\" href=\"https:\/\/tribunadapraia.com.br\/?p=2796\" \/>\n<meta property=\"og:locale\" content=\"pt_BR\" \/>\n<meta property=\"og:type\" content=\"article\" \/>\n<meta property=\"og:title\" content=\"Nota de esclarecimento: Luiz Alberto Santos, presidente da ACMSE, aos\/as leitores\/as da Tribuna da Praia - TRIBUNA DA PRAIA\" \/>\n<meta property=\"og:description\" content=\"Muito triste, por\u00e9m compreens\u00edvel,\u00a0 quando temos a infelicidade, de ter acesso a este n\u00edvel de participa\u00e7\u00e3o social, triste realidade, por\u00e9m, preciso concordar com professor e comunicador Cloves de Barros, quando em uma das suas apresenta\u00e7\u00f5es, afirmou que a grandiosidade do verdadeiro mestre est\u00e1, em reconhecer sua pequenez diante da imensid\u00e3o do conhecimento, \u201creconhecer um erro \u00e9 fazer progresso na arte de raciocinar\u201d, ensinamento que n\u00e3o foi compartilhado pelo cr\u00edtico, Ant\u00f4nio\" \/>\n<meta property=\"og:url\" content=\"https:\/\/tribunadapraia.com.br\/?p=2796\" \/>\n<meta property=\"og:site_name\" content=\"TRIBUNA DA PRAIA\" \/>\n<meta property=\"article:publisher\" content=\"https:\/\/www.facebook.com\/tribunadapraiaonline\/\" \/>\n<meta property=\"article:published_time\" content=\"2021-07-19T01:38:42+00:00\" \/>\n<meta property=\"article:modified_time\" content=\"2021-07-19T01:39:34+00:00\" \/>\n<meta property=\"og:image\" content=\"https:\/\/tribunadapraia.com.br\/wp-content\/uploads\/2021\/07\/nota.jpg\" \/>\n\t<meta property=\"og:image:width\" content=\"420\" \/>\n\t<meta property=\"og:image:height\" content=\"350\" \/>\n<meta name=\"twitter:card\" content=\"summary_large_image\" \/>\n<meta name=\"twitter:creator\" content=\"@Claudomir21\" \/>\n<meta name=\"twitter:site\" content=\"@Claudomir21\" \/>\n<meta name=\"twitter:label1\" content=\"Est. tempo de leitura\">\n\t<meta name=\"twitter:data1\" content=\"4 minutos\">\n<script type=\"application\/ld+json\" class=\"yoast-schema-graph\">{\"@context\":\"https:\/\/schema.org\",\"@graph\":[{\"@type\":\"Organization\",\"@id\":\"https:\/\/tribunadapraia.com.br\/#organization\",\"name\":\"Tribuna da Praia\",\"url\":\"https:\/\/tribunadapraia.com.br\/\",\"sameAs\":[\"https:\/\/www.facebook.com\/tribunadapraiaonline\/\",\"https:\/\/www.instagram.com\/claudomirtavares\/\",\"https:\/\/www.youtube.com\/channel\/UCwQf80nxiMzCefAyjbp53Rw\",\"https:\/\/twitter.com\/Claudomir21\"],\"logo\":{\"@type\":\"ImageObject\",\"@id\":\"https:\/\/tribunadapraia.com.br\/#logo\",\"inLanguage\":\"pt-BR\",\"url\":\"https:\/\/tribunadapraia.com.br\/wp-content\/uploads\/2020\/02\/logo.png\",\"contentUrl\":\"https:\/\/tribunadapraia.com.br\/wp-content\/uploads\/2020\/02\/logo.png\",\"width\":501,\"height\":121,\"caption\":\"Tribuna da Praia\"},\"image\":{\"@id\":\"https:\/\/tribunadapraia.com.br\/#logo\"}},{\"@type\":\"WebSite\",\"@id\":\"https:\/\/tribunadapraia.com.br\/#website\",\"url\":\"https:\/\/tribunadapraia.com.br\/\",\"name\":\"TRIBUNA DA PRAIA\",\"description\":\"O 1\\u00ba jornal do interior de Sergipe na internet\",\"publisher\":{\"@id\":\"https:\/\/tribunadapraia.com.br\/#organization\"},\"potentialAction\":[{\"@type\":\"SearchAction\",\"target\":\"https:\/\/tribunadapraia.com.br\/?s={search_term_string}\",\"query-input\":\"required name=search_term_string\"}],\"inLanguage\":\"pt-BR\"},{\"@type\":\"ImageObject\",\"@id\":\"https:\/\/tribunadapraia.com.br\/?p=2796#primaryimage\",\"inLanguage\":\"pt-BR\",\"url\":\"https:\/\/tribunadapraia.com.br\/wp-content\/uploads\/2021\/07\/nota.jpg\",\"contentUrl\":\"https:\/\/tribunadapraia.com.br\/wp-content\/uploads\/2021\/07\/nota.jpg\",\"width\":420,\"height\":350},{\"@type\":\"WebPage\",\"@id\":\"https:\/\/tribunadapraia.com.br\/?p=2796#webpage\",\"url\":\"https:\/\/tribunadapraia.com.br\/?p=2796\",\"name\":\"Nota de esclarecimento: Luiz Alberto Santos, presidente da ACMSE, aos\/as leitores\/as da Tribuna da Praia - TRIBUNA DA PRAIA\",\"isPartOf\":{\"@id\":\"https:\/\/tribunadapraia.com.br\/#website\"},\"primaryImageOfPage\":{\"@id\":\"https:\/\/tribunadapraia.com.br\/?p=2796#primaryimage\"},\"datePublished\":\"2021-07-19T01:38:42+00:00\",\"dateModified\":\"2021-07-19T01:39:34+00:00\",\"breadcrumb\":{\"@id\":\"https:\/\/tribunadapraia.com.br\/?p=2796#breadcrumb\"},\"inLanguage\":\"pt-BR\",\"potentialAction\":[{\"@type\":\"ReadAction\",\"target\":[\"https:\/\/tribunadapraia.com.br\/?p=2796\"]}]},{\"@type\":\"BreadcrumbList\",\"@id\":\"https:\/\/tribunadapraia.com.br\/?p=2796#breadcrumb\",\"itemListElement\":[{\"@type\":\"ListItem\",\"position\":1,\"item\":{\"@type\":\"WebPage\",\"@id\":\"https:\/\/tribunadapraia.com.br\/\",\"url\":\"https:\/\/tribunadapraia.com.br\/\",\"name\":\"In\\u00edcio\"}},{\"@type\":\"ListItem\",\"position\":2,\"item\":{\"@id\":\"https:\/\/tribunadapraia.com.br\/?p=2796#webpage\"}}]},{\"@type\":\"Article\",\"@id\":\"https:\/\/tribunadapraia.com.br\/?p=2796#article\",\"isPartOf\":{\"@id\":\"https:\/\/tribunadapraia.com.br\/?p=2796#webpage\"},\"author\":{\"@id\":\"https:\/\/tribunadapraia.com.br\/#\/schema\/person\/326b0a9f3163b479142c64eba4928de0\"},\"headline\":\"Nota de esclarecimento: Luiz Alberto Santos, presidente da ACMSE, aos\/as leitores\/as da Tribuna da Praia\",\"datePublished\":\"2021-07-19T01:38:42+00:00\",\"dateModified\":\"2021-07-19T01:39:34+00:00\",\"mainEntityOfPage\":{\"@id\":\"https:\/\/tribunadapraia.com.br\/?p=2796#webpage\"},\"wordCount\":906,\"commentCount\":0,\"publisher\":{\"@id\":\"https:\/\/tribunadapraia.com.br\/#organization\"},\"image\":{\"@id\":\"https:\/\/tribunadapraia.com.br\/?p=2796#primaryimage\"},\"thumbnailUrl\":\"https:\/\/tribunadapraia.com.br\/wp-content\/uploads\/2021\/07\/nota.jpg\",\"articleSection\":[\"Not\\u00edcias\"],\"inLanguage\":\"pt-BR\",\"potentialAction\":[{\"@type\":\"CommentAction\",\"name\":\"Comment\",\"target\":[\"https:\/\/tribunadapraia.com.br\/?p=2796#respond\"]}]},{\"@type\":\"Person\",\"@id\":\"https:\/\/tribunadapraia.com.br\/#\/schema\/person\/326b0a9f3163b479142c64eba4928de0\",\"name\":\"tribunadapraia\",\"image\":{\"@type\":\"ImageObject\",\"@id\":\"https:\/\/tribunadapraia.com.br\/#personlogo\",\"inLanguage\":\"pt-BR\",\"url\":\"https:\/\/secure.gravatar.com\/avatar\/38b019c74762496076b7355024a0dad9?s=96&d=identicon&r=g\",\"contentUrl\":\"https:\/\/secure.gravatar.com\/avatar\/38b019c74762496076b7355024a0dad9?s=96&d=identicon&r=g\",\"caption\":\"tribunadapraia\"}}]}<\/script>\n<!-- \/ Yoast SEO plugin. -->","wps_subtitle":"","_links":{"self":[{"href":"https:\/\/tribunadapraia.com.br\/index.php?rest_route=\/wp\/v2\/posts\/2796"}],"collection":[{"href":"https:\/\/tribunadapraia.com.br\/index.php?rest_route=\/wp\/v2\/posts"}],"about":[{"href":"https:\/\/tribunadapraia.com.br\/index.php?rest_route=\/wp\/v2\/types\/post"}],"author":[{"embeddable":true,"href":"https:\/\/tribunadapraia.com.br\/index.php?rest_route=\/wp\/v2\/users\/1"}],"replies":[{"embeddable":true,"href":"https:\/\/tribunadapraia.com.br\/index.php?rest_route=%2Fwp%2Fv2%2Fcomments&post=2796"}],"version-history":[{"count":1,"href":"https:\/\/tribunadapraia.com.br\/index.php?rest_route=\/wp\/v2\/posts\/2796\/revisions"}],"predecessor-version":[{"id":2798,"href":"https:\/\/tribunadapraia.com.br\/index.php?rest_route=\/wp\/v2\/posts\/2796\/revisions\/2798"}],"wp:featuredmedia":[{"embeddable":true,"href":"https:\/\/tribunadapraia.com.br\/index.php?rest_route=\/wp\/v2\/media\/2797"}],"wp:attachment":[{"href":"https:\/\/tribunadapraia.com.br\/index.php?rest_route=%2Fwp%2Fv2%2Fmedia&parent=2796"}],"wp:term":[{"taxonomy":"category","embeddable":true,"href":"https:\/\/tribunadapraia.com.br\/index.php?rest_route=%2Fwp%2Fv2%2Fcategories&post=2796"},{"taxonomy":"post_tag","embeddable":true,"href":"https:\/\/tribunadapraia.com.br\/index.php?rest_route=%2Fwp%2Fv2%2Ftags&post=2796"}],"curies":[{"name":"wp","href":"https:\/\/api.w.org\/{rel}","templated":true}]}}