{"id":2791,"date":"2021-07-17T14:57:58","date_gmt":"2021-07-17T17:57:58","guid":{"rendered":"https:\/\/tribunadapraia.com.br\/?p=2791"},"modified":"2021-07-17T15:14:47","modified_gmt":"2021-07-17T18:14:47","slug":"na-agenda-de-entrevistas-luiz-alberto-presidente-da-associacao-dos-criadores-e-preservadores-de-aves-da-raca-mura","status":"publish","type":"post","link":"https:\/\/tribunadapraia.com.br\/?p=2791","title":{"rendered":"Na Agenda de Entrevistas, LUIZ ALBERTO, presidente da Associa\u00e7\u00e3o dos Criadores e Preservadores de Aves da Ra\u00e7a Mura"},"content":{"rendered":"<p>Em resposta a mat\u00e9ria intitulada &#8220;URGENTE: Lei da Vergonha\/Ronnysson Souza (PSD) deveer\u00e1 ser vetada pelo prefeito Valberto Lima (MDB)&#8221;, publicada na manh\u00e3 deste s\u00e1bado aqui neste espa\u00e7o, o presidente da Associa\u00e7\u00e3o dos Criadores e Preservadores de Aves da Ra\u00e7a Mura, conhecidas como &#8220;aves de combate&#8221;, Luiz Alberto (foto), ser\u00e1 o entrevistado especial da pr\u00f3xima ter\u00e7a-feira (20) no programa REP\u00d3RTER ATALAINHA, ocasi\u00e3o em que o representante do segmento ir\u00e1 desmistificar de forma did\u00e1tica, dialogando com a popula\u00e7\u00e3o dirimindo d\u00favidas sobre o conte\u00fado do Projeto de Lei n\u00b0 47\/2021, de autoria do vereador Ronnyson Souza (PSD), aprovado recentemente na C\u00e2nara de Propri\u00e1.<\/p>\n<p>O programa ir\u00e1 ao ar a partir das 11 da manh\u00e3, na r\u00e1dio que h\u00e1 11 anos toca o seu cora\u00e7\u00e3o, com retransmiss\u00e3o em tempo real por este portal, ambos integrantes da RPCA Sergipe. Voc\u00ea pode interagir com a produ\u00e7\u00e3o do programa pelo WathsApp (79) 99973.6883.<\/p>\n<p>por Reda\u00e7\u00e3o | foto: Divulga\u00e7\u00e3o<\/p>\n","protected":false},"excerpt":{"rendered":"<p>Em resposta a mat\u00e9ria intitulada &#8220;URGENTE: Lei da Vergonha\/Ronnysson Souza (PSD) deveer\u00e1 ser vetada pelo prefeito Valberto Lima (MDB)&#8221;, publicada na manh\u00e3 deste s\u00e1bado aqui neste espa\u00e7o, o presidente da Associa\u00e7\u00e3o dos Criadores e Preservadores de Aves da Ra\u00e7a Mura, conhecidas como &#8220;aves de combate&#8221;, Luiz Alberto (foto), ser\u00e1 o entrevistado especial da pr\u00f3xima ter\u00e7a-feira (20) no programa REP\u00d3RTER ATALAINHA, ocasi\u00e3o em que o representante do segmento ir\u00e1 desmistificar de<\/p>\n","protected":false},"author":1,"featured_media":2792,"comment_status":"open","ping_status":"open","sticky":false,"template":"","format":"standard","meta":[],"categories":[18],"tags":[],"yoast_head":"<!-- This site is optimized with the Yoast SEO plugin v16.3 - https:\/\/yoast.com\/wordpress\/plugins\/seo\/ -->\n<title>Na Agenda de Entrevistas, LUIZ ALBERTO, presidente da Associa\u00e7\u00e3o dos Criadores e Preservadores de Aves da Ra\u00e7a Mura - TRIBUNA DA PRAIA<\/title>\n<meta name=\"robots\" content=\"index, follow, max-snippet:-1, max-image-preview:large, max-video-preview:-1\" \/>\n<link rel=\"canonical\" href=\"https:\/\/tribunadapraia.com.br\/?p=2791\" \/>\n<meta property=\"og:locale\" content=\"pt_BR\" \/>\n<meta property=\"og:type\" content=\"article\" \/>\n<meta property=\"og:title\" content=\"Na Agenda de Entrevistas, LUIZ ALBERTO, presidente da Associa\u00e7\u00e3o dos Criadores e Preservadores de Aves da Ra\u00e7a Mura - TRIBUNA DA PRAIA\" \/>\n<meta property=\"og:description\" content=\"Em resposta a mat\u00e9ria intitulada &#8220;URGENTE: Lei da Vergonha\/Ronnysson Souza (PSD) deveer\u00e1 ser vetada pelo prefeito Valberto Lima (MDB)&#8221;, publicada na manh\u00e3 deste s\u00e1bado aqui neste espa\u00e7o, o presidente da Associa\u00e7\u00e3o dos Criadores e Preservadores de Aves da Ra\u00e7a Mura, conhecidas como &#8220;aves de combate&#8221;, Luiz Alberto (foto), ser\u00e1 o entrevistado especial da pr\u00f3xima ter\u00e7a-feira (20) no programa REP\u00d3RTER ATALAINHA, ocasi\u00e3o em que o representante do segmento ir\u00e1 desmistificar de\" \/>\n<meta property=\"og:url\" content=\"https:\/\/tribunadapraia.com.br\/?p=2791\" \/>\n<meta property=\"og:site_name\" content=\"TRIBUNA DA PRAIA\" \/>\n<meta property=\"article:publisher\" content=\"https:\/\/www.facebook.com\/tribunadapraiaonline\/\" \/>\n<meta property=\"article:published_time\" content=\"2021-07-17T17:57:58+00:00\" \/>\n<meta property=\"article:modified_time\" content=\"2021-07-17T18:14:47+00:00\" \/>\n<meta property=\"og:image\" content=\"https:\/\/tribunadapraia.com.br\/wp-content\/uploads\/2021\/07\/IMG-20210717-WA0065.jpg\" \/>\n\t<meta property=\"og:image:width\" content=\"720\" \/>\n\t<meta property=\"og:image:height\" content=\"720\" \/>\n<meta name=\"twitter:card\" content=\"summary_large_image\" \/>\n<meta name=\"twitter:creator\" content=\"@Claudomir21\" \/>\n<meta name=\"twitter:site\" content=\"@Claudomir21\" \/>\n<meta name=\"twitter:label1\" content=\"Est. tempo de leitura\">\n\t<meta name=\"twitter:data1\" content=\"1 minuto\">\n<script type=\"application\/ld+json\" class=\"yoast-schema-graph\">{\"@context\":\"https:\/\/schema.org\",\"@graph\":[{\"@type\":\"Organization\",\"@id\":\"https:\/\/tribunadapraia.com.br\/#organization\",\"name\":\"Tribuna da Praia\",\"url\":\"https:\/\/tribunadapraia.com.br\/\",\"sameAs\":[\"https:\/\/www.facebook.com\/tribunadapraiaonline\/\",\"https:\/\/www.instagram.com\/claudomirtavares\/\",\"https:\/\/www.youtube.com\/channel\/UCwQf80nxiMzCefAyjbp53Rw\",\"https:\/\/twitter.com\/Claudomir21\"],\"logo\":{\"@type\":\"ImageObject\",\"@id\":\"https:\/\/tribunadapraia.com.br\/#logo\",\"inLanguage\":\"pt-BR\",\"url\":\"https:\/\/tribunadapraia.com.br\/wp-content\/uploads\/2020\/02\/logo.png\",\"contentUrl\":\"https:\/\/tribunadapraia.com.br\/wp-content\/uploads\/2020\/02\/logo.png\",\"width\":501,\"height\":121,\"caption\":\"Tribuna da Praia\"},\"image\":{\"@id\":\"https:\/\/tribunadapraia.com.br\/#logo\"}},{\"@type\":\"WebSite\",\"@id\":\"https:\/\/tribunadapraia.com.br\/#website\",\"url\":\"https:\/\/tribunadapraia.com.br\/\",\"name\":\"TRIBUNA DA PRAIA\",\"description\":\"O 1\\u00ba jornal do interior de Sergipe na internet\",\"publisher\":{\"@id\":\"https:\/\/tribunadapraia.com.br\/#organization\"},\"potentialAction\":[{\"@type\":\"SearchAction\",\"target\":\"https:\/\/tribunadapraia.com.br\/?s={search_term_string}\",\"query-input\":\"required name=search_term_string\"}],\"inLanguage\":\"pt-BR\"},{\"@type\":\"ImageObject\",\"@id\":\"https:\/\/tribunadapraia.com.br\/?p=2791#primaryimage\",\"inLanguage\":\"pt-BR\",\"url\":\"https:\/\/tribunadapraia.com.br\/wp-content\/uploads\/2021\/07\/IMG-20210717-WA0065.jpg\",\"contentUrl\":\"https:\/\/tribunadapraia.com.br\/wp-content\/uploads\/2021\/07\/IMG-20210717-WA0065.jpg\",\"width\":720,\"height\":720},{\"@type\":\"WebPage\",\"@id\":\"https:\/\/tribunadapraia.com.br\/?p=2791#webpage\",\"url\":\"https:\/\/tribunadapraia.com.br\/?p=2791\",\"name\":\"Na Agenda de Entrevistas, LUIZ ALBERTO, presidente da Associa\\u00e7\\u00e3o dos Criadores e Preservadores de Aves da Ra\\u00e7a Mura - TRIBUNA DA PRAIA\",\"isPartOf\":{\"@id\":\"https:\/\/tribunadapraia.com.br\/#website\"},\"primaryImageOfPage\":{\"@id\":\"https:\/\/tribunadapraia.com.br\/?p=2791#primaryimage\"},\"datePublished\":\"2021-07-17T17:57:58+00:00\",\"dateModified\":\"2021-07-17T18:14:47+00:00\",\"breadcrumb\":{\"@id\":\"https:\/\/tribunadapraia.com.br\/?p=2791#breadcrumb\"},\"inLanguage\":\"pt-BR\",\"potentialAction\":[{\"@type\":\"ReadAction\",\"target\":[\"https:\/\/tribunadapraia.com.br\/?p=2791\"]}]},{\"@type\":\"BreadcrumbList\",\"@id\":\"https:\/\/tribunadapraia.com.br\/?p=2791#breadcrumb\",\"itemListElement\":[{\"@type\":\"ListItem\",\"position\":1,\"item\":{\"@type\":\"WebPage\",\"@id\":\"https:\/\/tribunadapraia.com.br\/\",\"url\":\"https:\/\/tribunadapraia.com.br\/\",\"name\":\"In\\u00edcio\"}},{\"@type\":\"ListItem\",\"position\":2,\"item\":{\"@id\":\"https:\/\/tribunadapraia.com.br\/?p=2791#webpage\"}}]},{\"@type\":\"Article\",\"@id\":\"https:\/\/tribunadapraia.com.br\/?p=2791#article\",\"isPartOf\":{\"@id\":\"https:\/\/tribunadapraia.com.br\/?p=2791#webpage\"},\"author\":{\"@id\":\"https:\/\/tribunadapraia.com.br\/#\/schema\/person\/326b0a9f3163b479142c64eba4928de0\"},\"headline\":\"Na Agenda de Entrevistas, LUIZ ALBERTO, presidente da Associa\\u00e7\\u00e3o dos Criadores e Preservadores de Aves da Ra\\u00e7a Mura\",\"datePublished\":\"2021-07-17T17:57:58+00:00\",\"dateModified\":\"2021-07-17T18:14:47+00:00\",\"mainEntityOfPage\":{\"@id\":\"https:\/\/tribunadapraia.com.br\/?p=2791#webpage\"},\"wordCount\":185,\"commentCount\":0,\"publisher\":{\"@id\":\"https:\/\/tribunadapraia.com.br\/#organization\"},\"image\":{\"@id\":\"https:\/\/tribunadapraia.com.br\/?p=2791#primaryimage\"},\"thumbnailUrl\":\"https:\/\/tribunadapraia.com.br\/wp-content\/uploads\/2021\/07\/IMG-20210717-WA0065.jpg\",\"articleSection\":[\"Not\\u00edcias\"],\"inLanguage\":\"pt-BR\",\"potentialAction\":[{\"@type\":\"CommentAction\",\"name\":\"Comment\",\"target\":[\"https:\/\/tribunadapraia.com.br\/?p=2791#respond\"]}]},{\"@type\":\"Person\",\"@id\":\"https:\/\/tribunadapraia.com.br\/#\/schema\/person\/326b0a9f3163b479142c64eba4928de0\",\"name\":\"tribunadapraia\",\"image\":{\"@type\":\"ImageObject\",\"@id\":\"https:\/\/tribunadapraia.com.br\/#personlogo\",\"inLanguage\":\"pt-BR\",\"url\":\"https:\/\/secure.gravatar.com\/avatar\/38b019c74762496076b7355024a0dad9?s=96&d=identicon&r=g\",\"contentUrl\":\"https:\/\/secure.gravatar.com\/avatar\/38b019c74762496076b7355024a0dad9?s=96&d=identicon&r=g\",\"caption\":\"tribunadapraia\"}}]}<\/script>\n<!-- \/ Yoast SEO plugin. -->","wps_subtitle":"","_links":{"self":[{"href":"https:\/\/tribunadapraia.com.br\/index.php?rest_route=\/wp\/v2\/posts\/2791"}],"collection":[{"href":"https:\/\/tribunadapraia.com.br\/index.php?rest_route=\/wp\/v2\/posts"}],"about":[{"href":"https:\/\/tribunadapraia.com.br\/index.php?rest_route=\/wp\/v2\/types\/post"}],"author":[{"embeddable":true,"href":"https:\/\/tribunadapraia.com.br\/index.php?rest_route=\/wp\/v2\/users\/1"}],"replies":[{"embeddable":true,"href":"https:\/\/tribunadapraia.com.br\/index.php?rest_route=%2Fwp%2Fv2%2Fcomments&post=2791"}],"version-history":[{"count":3,"href":"https:\/\/tribunadapraia.com.br\/index.php?rest_route=\/wp\/v2\/posts\/2791\/revisions"}],"predecessor-version":[{"id":2795,"href":"https:\/\/tribunadapraia.com.br\/index.php?rest_route=\/wp\/v2\/posts\/2791\/revisions\/2795"}],"wp:featuredmedia":[{"embeddable":true,"href":"https:\/\/tribunadapraia.com.br\/index.php?rest_route=\/wp\/v2\/media\/2792"}],"wp:attachment":[{"href":"https:\/\/tribunadapraia.com.br\/index.php?rest_route=%2Fwp%2Fv2%2Fmedia&parent=2791"}],"wp:term":[{"taxonomy":"category","embeddable":true,"href":"https:\/\/tribunadapraia.com.br\/index.php?rest_route=%2Fwp%2Fv2%2Fcategories&post=2791"},{"taxonomy":"post_tag","embeddable":true,"href":"https:\/\/tribunadapraia.com.br\/index.php?rest_route=%2Fwp%2Fv2%2Ftags&post=2791"}],"curies":[{"name":"wp","href":"https:\/\/api.w.org\/{rel}","templated":true}]}}