{"id":2788,"date":"2021-07-17T10:21:59","date_gmt":"2021-07-17T13:21:59","guid":{"rendered":"https:\/\/tribunadapraia.com.br\/?p=2788"},"modified":"2021-07-17T10:23:19","modified_gmt":"2021-07-17T13:23:19","slug":"urgente-lei-da-vergonha-ronnysson-souza-psd-deveera-ser-vetada-pelo-prefeito-valberto-lima-mdb","status":"publish","type":"post","link":"https:\/\/tribunadapraia.com.br\/?p=2788","title":{"rendered":"URGENTE: Lei da Vergonha\/Ronnysson Souza (PSD) deveer\u00e1 ser vetada pelo prefeito Valberto Lima (MDB)"},"content":{"rendered":"<p>Eivada de irregularidades e em flagrante desconforme com a Lei dos Crimes Ambientais, a Lei da Vida (Lei n\u00ba 11.284, de 2 de mar\u00e7o de 2006), a &#8220;Lei da Vergonha&#8221; de autoria do vereador\/galista Ronnysson Souza (PSD) que legaliza as rinhas de galo combatente mura aprovada insanemente no &#8220;apagar das luzes&#8221; no encerramento dos trabalhos legislativos semestrais na C\u00e2mara Municipal de Propri\u00e1, dever\u00e1 inevitavelmente ser vetada pelo prefeito Valberto Lima (MDB).<\/p>\n<p>\u25a0 Quem \u00e9 irracional?<\/p>\n<p>A defesa da legaliza\u00e7\u00e3o de rinhas de galos de qualquer esp\u00e9cie, \u00e9 um ato criminoso e quem o faz deveria se imaginar em uma arena enfrentando um gladiador.<\/p>\n<p>S\u00e3o por conta de projetos tresloucados e dessa natureza que a atual composi\u00e7\u00e3o da &#8220;Casa do Povo&#8221; (sic) \u00e9 a pior, mais sofr\u00edvel e penosa desde 1997.<\/p>\n<p>\u25a0 Vergonha e deservi\u00e7o<\/p>\n<p>Indispens\u00e1vel revelar que estamos empenhados junto aos \u00f3rg\u00e3os, organismos, institui\u00e7\u00f5es, personalidades e atores sociais para derrubar este deservi\u00e7o que se prestou o vereador, &#8220;o novo (que) j\u00e1 nasce velho&#8221;, parafraseando a can\u00e7\u00e3o d&#8217;O Rappa. Outrossim, \u00e9 precisso frear esses integrantes da &#8220;ra\u00e7a daninha&#8221; que s\u00e3o os famigerados &#8220;galistas&#8221;, cuja pr\u00e1tica \u00e9 algo de prppor\u00e7\u00f5es abomin\u00e1veis.<\/p>\n<p>A Tribuna da Praia tentou um contato com o vereador, mas at\u00e9 o fechamento dessa mat\u00e9ria ainda n\u00e3o havia conseguido (o espa\u00e7o est\u00e1 aberto ao parlamentar).<\/p>\n<p>por Ant\u00f4nio Madeira | foto: Arquivo<\/p>\n","protected":false},"excerpt":{"rendered":"<p>Eivada de irregularidades e em flagrante desconforme com a Lei dos Crimes Ambientais, a Lei da Vida (Lei n\u00ba 11.284, de 2 de mar\u00e7o de 2006), a &#8220;Lei da Vergonha&#8221; de autoria do vereador\/galista Ronnysson Souza (PSD) que legaliza as rinhas de galo combatente mura aprovada insanemente no &#8220;apagar das luzes&#8221; no encerramento dos trabalhos legislativos semestrais na C\u00e2mara Municipal de Propri\u00e1, dever\u00e1 inevitavelmente ser vetada pelo prefeito Valberto Lima<\/p>\n","protected":false},"author":1,"featured_media":2789,"comment_status":"open","ping_status":"open","sticky":false,"template":"","format":"standard","meta":[],"categories":[18],"tags":[],"yoast_head":"<!-- This site is optimized with the Yoast SEO plugin v16.3 - https:\/\/yoast.com\/wordpress\/plugins\/seo\/ -->\n<title>URGENTE: Lei da Vergonha\/Ronnysson Souza (PSD) deveer\u00e1 ser vetada pelo prefeito Valberto Lima (MDB) - TRIBUNA DA PRAIA<\/title>\n<meta name=\"robots\" content=\"index, follow, max-snippet:-1, max-image-preview:large, max-video-preview:-1\" \/>\n<link rel=\"canonical\" href=\"https:\/\/tribunadapraia.com.br\/?p=2788\" \/>\n<meta property=\"og:locale\" content=\"pt_BR\" \/>\n<meta property=\"og:type\" content=\"article\" \/>\n<meta property=\"og:title\" content=\"URGENTE: Lei da Vergonha\/Ronnysson Souza (PSD) deveer\u00e1 ser vetada pelo prefeito Valberto Lima (MDB) - TRIBUNA DA PRAIA\" \/>\n<meta property=\"og:description\" content=\"Eivada de irregularidades e em flagrante desconforme com a Lei dos Crimes Ambientais, a Lei da Vida (Lei n\u00ba 11.284, de 2 de mar\u00e7o de 2006), a &#8220;Lei da Vergonha&#8221; de autoria do vereador\/galista Ronnysson Souza (PSD) que legaliza as rinhas de galo combatente mura aprovada insanemente no &#8220;apagar das luzes&#8221; no encerramento dos trabalhos legislativos semestrais na C\u00e2mara Municipal de Propri\u00e1, dever\u00e1 inevitavelmente ser vetada pelo prefeito Valberto Lima\" \/>\n<meta property=\"og:url\" content=\"https:\/\/tribunadapraia.com.br\/?p=2788\" \/>\n<meta property=\"og:site_name\" content=\"TRIBUNA DA PRAIA\" \/>\n<meta property=\"article:publisher\" content=\"https:\/\/www.facebook.com\/tribunadapraiaonline\/\" \/>\n<meta property=\"article:published_time\" content=\"2021-07-17T13:21:59+00:00\" \/>\n<meta property=\"article:modified_time\" content=\"2021-07-17T13:23:19+00:00\" \/>\n<meta property=\"og:image\" content=\"https:\/\/tribunadapraia.com.br\/wp-content\/uploads\/2021\/07\/bg1.png\" \/>\n\t<meta property=\"og:image:width\" content=\"559\" \/>\n\t<meta property=\"og:image:height\" content=\"651\" \/>\n<meta name=\"twitter:card\" content=\"summary_large_image\" \/>\n<meta name=\"twitter:creator\" content=\"@Claudomir21\" \/>\n<meta name=\"twitter:site\" content=\"@Claudomir21\" \/>\n<meta name=\"twitter:label1\" content=\"Est. tempo de leitura\">\n\t<meta name=\"twitter:data1\" content=\"1 minuto\">\n<script type=\"application\/ld+json\" class=\"yoast-schema-graph\">{\"@context\":\"https:\/\/schema.org\",\"@graph\":[{\"@type\":\"Organization\",\"@id\":\"https:\/\/tribunadapraia.com.br\/#organization\",\"name\":\"Tribuna da Praia\",\"url\":\"https:\/\/tribunadapraia.com.br\/\",\"sameAs\":[\"https:\/\/www.facebook.com\/tribunadapraiaonline\/\",\"https:\/\/www.instagram.com\/claudomirtavares\/\",\"https:\/\/www.youtube.com\/channel\/UCwQf80nxiMzCefAyjbp53Rw\",\"https:\/\/twitter.com\/Claudomir21\"],\"logo\":{\"@type\":\"ImageObject\",\"@id\":\"https:\/\/tribunadapraia.com.br\/#logo\",\"inLanguage\":\"pt-BR\",\"url\":\"https:\/\/tribunadapraia.com.br\/wp-content\/uploads\/2020\/02\/logo.png\",\"contentUrl\":\"https:\/\/tribunadapraia.com.br\/wp-content\/uploads\/2020\/02\/logo.png\",\"width\":501,\"height\":121,\"caption\":\"Tribuna da Praia\"},\"image\":{\"@id\":\"https:\/\/tribunadapraia.com.br\/#logo\"}},{\"@type\":\"WebSite\",\"@id\":\"https:\/\/tribunadapraia.com.br\/#website\",\"url\":\"https:\/\/tribunadapraia.com.br\/\",\"name\":\"TRIBUNA DA PRAIA\",\"description\":\"O 1\\u00ba jornal do interior de Sergipe na internet\",\"publisher\":{\"@id\":\"https:\/\/tribunadapraia.com.br\/#organization\"},\"potentialAction\":[{\"@type\":\"SearchAction\",\"target\":\"https:\/\/tribunadapraia.com.br\/?s={search_term_string}\",\"query-input\":\"required name=search_term_string\"}],\"inLanguage\":\"pt-BR\"},{\"@type\":\"ImageObject\",\"@id\":\"https:\/\/tribunadapraia.com.br\/?p=2788#primaryimage\",\"inLanguage\":\"pt-BR\",\"url\":\"https:\/\/tribunadapraia.com.br\/wp-content\/uploads\/2021\/07\/bg1.png\",\"contentUrl\":\"https:\/\/tribunadapraia.com.br\/wp-content\/uploads\/2021\/07\/bg1.png\",\"width\":559,\"height\":651},{\"@type\":\"WebPage\",\"@id\":\"https:\/\/tribunadapraia.com.br\/?p=2788#webpage\",\"url\":\"https:\/\/tribunadapraia.com.br\/?p=2788\",\"name\":\"URGENTE: Lei da Vergonha\/Ronnysson Souza (PSD) deveer\\u00e1 ser vetada pelo prefeito Valberto Lima (MDB) - TRIBUNA DA PRAIA\",\"isPartOf\":{\"@id\":\"https:\/\/tribunadapraia.com.br\/#website\"},\"primaryImageOfPage\":{\"@id\":\"https:\/\/tribunadapraia.com.br\/?p=2788#primaryimage\"},\"datePublished\":\"2021-07-17T13:21:59+00:00\",\"dateModified\":\"2021-07-17T13:23:19+00:00\",\"breadcrumb\":{\"@id\":\"https:\/\/tribunadapraia.com.br\/?p=2788#breadcrumb\"},\"inLanguage\":\"pt-BR\",\"potentialAction\":[{\"@type\":\"ReadAction\",\"target\":[\"https:\/\/tribunadapraia.com.br\/?p=2788\"]}]},{\"@type\":\"BreadcrumbList\",\"@id\":\"https:\/\/tribunadapraia.com.br\/?p=2788#breadcrumb\",\"itemListElement\":[{\"@type\":\"ListItem\",\"position\":1,\"item\":{\"@type\":\"WebPage\",\"@id\":\"https:\/\/tribunadapraia.com.br\/\",\"url\":\"https:\/\/tribunadapraia.com.br\/\",\"name\":\"In\\u00edcio\"}},{\"@type\":\"ListItem\",\"position\":2,\"item\":{\"@id\":\"https:\/\/tribunadapraia.com.br\/?p=2788#webpage\"}}]},{\"@type\":\"Article\",\"@id\":\"https:\/\/tribunadapraia.com.br\/?p=2788#article\",\"isPartOf\":{\"@id\":\"https:\/\/tribunadapraia.com.br\/?p=2788#webpage\"},\"author\":{\"@id\":\"https:\/\/tribunadapraia.com.br\/#\/schema\/person\/326b0a9f3163b479142c64eba4928de0\"},\"headline\":\"URGENTE: Lei da Vergonha\/Ronnysson Souza (PSD) deveer\\u00e1 ser vetada pelo prefeito Valberto Lima (MDB)\",\"datePublished\":\"2021-07-17T13:21:59+00:00\",\"dateModified\":\"2021-07-17T13:23:19+00:00\",\"mainEntityOfPage\":{\"@id\":\"https:\/\/tribunadapraia.com.br\/?p=2788#webpage\"},\"wordCount\":247,\"commentCount\":0,\"publisher\":{\"@id\":\"https:\/\/tribunadapraia.com.br\/#organization\"},\"image\":{\"@id\":\"https:\/\/tribunadapraia.com.br\/?p=2788#primaryimage\"},\"thumbnailUrl\":\"https:\/\/tribunadapraia.com.br\/wp-content\/uploads\/2021\/07\/bg1.png\",\"articleSection\":[\"Not\\u00edcias\"],\"inLanguage\":\"pt-BR\",\"potentialAction\":[{\"@type\":\"CommentAction\",\"name\":\"Comment\",\"target\":[\"https:\/\/tribunadapraia.com.br\/?p=2788#respond\"]}]},{\"@type\":\"Person\",\"@id\":\"https:\/\/tribunadapraia.com.br\/#\/schema\/person\/326b0a9f3163b479142c64eba4928de0\",\"name\":\"tribunadapraia\",\"image\":{\"@type\":\"ImageObject\",\"@id\":\"https:\/\/tribunadapraia.com.br\/#personlogo\",\"inLanguage\":\"pt-BR\",\"url\":\"https:\/\/secure.gravatar.com\/avatar\/38b019c74762496076b7355024a0dad9?s=96&d=identicon&r=g\",\"contentUrl\":\"https:\/\/secure.gravatar.com\/avatar\/38b019c74762496076b7355024a0dad9?s=96&d=identicon&r=g\",\"caption\":\"tribunadapraia\"}}]}<\/script>\n<!-- \/ Yoast SEO plugin. -->","wps_subtitle":"","_links":{"self":[{"href":"https:\/\/tribunadapraia.com.br\/index.php?rest_route=\/wp\/v2\/posts\/2788"}],"collection":[{"href":"https:\/\/tribunadapraia.com.br\/index.php?rest_route=\/wp\/v2\/posts"}],"about":[{"href":"https:\/\/tribunadapraia.com.br\/index.php?rest_route=\/wp\/v2\/types\/post"}],"author":[{"embeddable":true,"href":"https:\/\/tribunadapraia.com.br\/index.php?rest_route=\/wp\/v2\/users\/1"}],"replies":[{"embeddable":true,"href":"https:\/\/tribunadapraia.com.br\/index.php?rest_route=%2Fwp%2Fv2%2Fcomments&post=2788"}],"version-history":[{"count":1,"href":"https:\/\/tribunadapraia.com.br\/index.php?rest_route=\/wp\/v2\/posts\/2788\/revisions"}],"predecessor-version":[{"id":2790,"href":"https:\/\/tribunadapraia.com.br\/index.php?rest_route=\/wp\/v2\/posts\/2788\/revisions\/2790"}],"wp:featuredmedia":[{"embeddable":true,"href":"https:\/\/tribunadapraia.com.br\/index.php?rest_route=\/wp\/v2\/media\/2789"}],"wp:attachment":[{"href":"https:\/\/tribunadapraia.com.br\/index.php?rest_route=%2Fwp%2Fv2%2Fmedia&parent=2788"}],"wp:term":[{"taxonomy":"category","embeddable":true,"href":"https:\/\/tribunadapraia.com.br\/index.php?rest_route=%2Fwp%2Fv2%2Fcategories&post=2788"},{"taxonomy":"post_tag","embeddable":true,"href":"https:\/\/tribunadapraia.com.br\/index.php?rest_route=%2Fwp%2Fv2%2Ftags&post=2788"}],"curies":[{"name":"wp","href":"https:\/\/api.w.org\/{rel}","templated":true}]}}