{"id":2785,"date":"2021-07-15T23:02:27","date_gmt":"2021-07-16T02:02:27","guid":{"rendered":"https:\/\/tribunadapraia.com.br\/?p=2785"},"modified":"2021-07-15T23:03:17","modified_gmt":"2021-07-16T02:03:17","slug":"violencia-letalidade-policial-bate-recorde-e-mortes-de-negros-chegam-a-78-do-total-mostra-relatorio","status":"publish","type":"post","link":"https:\/\/tribunadapraia.com.br\/?p=2785","title":{"rendered":"VIOL\u00caNCIA: Letalidade policial bate recorde e mortes de negros chegam a 78% do total, mostra relat\u00f3rio"},"content":{"rendered":"<p>Anu\u00e1rio de seguran\u00e7a p\u00fablica aponta que viol\u00eancia sexual subiu 14,1% e estupros tiveram 60.460 novos casos<\/p>\n<p>Foto: Fl\u00e1via Albuquerque\u00a0Ag\u00eancia Brasil<\/p>\n<p>V\u00edtimas de mortes violentas no Brasil s\u00e3o, em sua maioria, homens (91,3%), negras (76,2%) e jovens (54,3%) &#8211; Ag\u00eancia Brasil<\/p>\n<p>O n\u00famero de mortes violentas intencionais chegou a 50.033 em 2020, o que representa um aumento de 4% em rela\u00e7\u00e3o a 2019. Pelo menos 78% dessas mortes foram causadas com o emprego de arma de fogo.<br \/>\nAs v\u00edtimas, em sua maioria, s\u00e3o homens (91,3%), negras (76,2%) e jovens (54,3%), de acordo com dados da 15\u00aa edi\u00e7\u00e3o do Anu\u00e1rio Brasileiro de Seguran\u00e7a P\u00fablica, elaborado pelo F\u00f3rum Brasileiro de Seguran\u00e7a P\u00fablica (FBSP), divulgado nesta quinta-feira\u00a0(15), em S\u00e3o Paulo.<br \/>\nLeia tamb\u00e9m:\u00a0Rio de Janeiro tem 15 das 50 cidades brasileiras em que a pol\u00edcia mais matou em 2020<br \/>\nOs dados mostram, ainda, que em 2020 foram mortas em interven\u00e7\u00f5es policiais 6.416 pessoas, 0,3% a mais do que no ano anterior.<br \/>\nDentre elas,\u00a078,9% eram negras, 76,2% tinham entre 12 e 29 anos e 98,4% eram homens. J\u00e1 os policiais assassinados chegaram a 194, dos quais 72% morreram no hor\u00e1rio de folga. A covid-19 tirou a vida de 472 policiais.<br \/>\nSegundo o anu\u00e1rio, houve alta de 0,7% no total de feminic\u00eddios em 2020, que atingiram 1.350, vitimando principalmente pessoas entre 18 e 44 anos (74,7%), negras (61,8 %) e assassinadas com o uso de arma branca (55,1%). A maioria (81,%) foi morta pelo companheiro ou ex-companheiro e 8,3% por outros parentes.<br \/>\nO estudo diz, ainda, que em 2020 houve um chamado de viol\u00eancia dom\u00e9stica por minuto, e eles foram feitos principalmente por mulheres negras (61,8 %), entre 18 e 44 anos (74,7%).<br \/>\n:: RJ: lei que obriga o uso de microc\u00e2meras em uniformes de policiais \u00e9 sancionada ::<br \/>\nForam 694.131 liga\u00e7\u00f5es de viol\u00eancia dom\u00e9stica utilizando o 190, o que representa aumento de 16,3% na compara\u00e7\u00e3o com 2019.<br \/>\nO n\u00famero de Medidas Protetivas urgentes concedidas pelos tribunais de justi\u00e7a totalizou 294.440 (+3,6%) e os registros de les\u00e3o corporal dolosa por viol\u00eancia dom\u00e9stica somaram 230.160 (-7,4%).<br \/>\nA viol\u00eancia sexual aumentou 14,1% com o n\u00famero de estupros chegando a 60.460 novos casos, dos quais 86,9% eram mulheres e que foram abusadas por um conhecido (85,2%).<br \/>\nA viol\u00eancia foi cometida contra 60,6% de pessoas com at\u00e9 13 anos. A pesquisa mostra, tamb\u00e9m, que 73,7% dessas v\u00edtimas eram vulner\u00e1veis ou incapazes de consentir o ato.<br \/>\nArmas<br \/>\nSegundo a apura\u00e7\u00e3o do F\u00f3rum Brasileiro de Seguran\u00e7a P\u00fablica, em um ano houve aumento de 108,4% na autoriza\u00e7\u00e3o de importa\u00e7\u00e3o de armas longas. Os registros de arma de fogo ativos no Sistema Nacional de Armas (Sinarm), da Pol\u00edcia Federal, chegaram a 1.279.491, o que representa alta de 100,6% desde 2017.<br \/>\nJ\u00e1 os registros de Ca\u00e7adores, Atiradores e Colecionadores \u00a0acusaram eleva\u00e7\u00e3o de 29,6%, com 561.331 anota\u00e7\u00f5es. No Sinarm, foram contabilizadas 186.071 novas armas em 2020, uma eleva\u00e7\u00e3o de 97,1% em um ano.<\/p>\n<p>Com informa\u00e7\u00f5es da\u00a0Ag\u00eancia Brasil<\/p>\n","protected":false},"excerpt":{"rendered":"<p>Anu\u00e1rio de seguran\u00e7a p\u00fablica aponta que viol\u00eancia sexual subiu 14,1% e estupros tiveram 60.460 novos casos Foto: Fl\u00e1via Albuquerque\u00a0Ag\u00eancia Brasil V\u00edtimas de mortes violentas no Brasil s\u00e3o, em sua maioria, homens (91,3%), negras (76,2%) e jovens (54,3%) &#8211; Ag\u00eancia Brasil O n\u00famero de mortes violentas intencionais chegou a 50.033 em 2020, o que representa um aumento de 4% em rela\u00e7\u00e3o a 2019. Pelo menos 78% dessas mortes foram causadas com<\/p>\n","protected":false},"author":1,"featured_media":2786,"comment_status":"open","ping_status":"open","sticky":false,"template":"","format":"standard","meta":[],"categories":[18],"tags":[],"yoast_head":"<!-- This site is optimized with the Yoast SEO plugin v16.3 - https:\/\/yoast.com\/wordpress\/plugins\/seo\/ -->\n<title>VIOL\u00caNCIA: Letalidade policial bate recorde e mortes de negros chegam a 78% do total, mostra relat\u00f3rio - TRIBUNA DA PRAIA<\/title>\n<meta name=\"robots\" content=\"index, follow, max-snippet:-1, max-image-preview:large, max-video-preview:-1\" \/>\n<link rel=\"canonical\" href=\"https:\/\/tribunadapraia.com.br\/?p=2785\" \/>\n<meta property=\"og:locale\" content=\"pt_BR\" \/>\n<meta property=\"og:type\" content=\"article\" \/>\n<meta property=\"og:title\" content=\"VIOL\u00caNCIA: Letalidade policial bate recorde e mortes de negros chegam a 78% do total, mostra relat\u00f3rio - TRIBUNA DA PRAIA\" \/>\n<meta property=\"og:description\" content=\"Anu\u00e1rio de seguran\u00e7a p\u00fablica aponta que viol\u00eancia sexual subiu 14,1% e estupros tiveram 60.460 novos casos Foto: Fl\u00e1via Albuquerque\u00a0Ag\u00eancia Brasil V\u00edtimas de mortes violentas no Brasil s\u00e3o, em sua maioria, homens (91,3%), negras (76,2%) e jovens (54,3%) &#8211; Ag\u00eancia Brasil O n\u00famero de mortes violentas intencionais chegou a 50.033 em 2020, o que representa um aumento de 4% em rela\u00e7\u00e3o a 2019. Pelo menos 78% dessas mortes foram causadas com\" \/>\n<meta property=\"og:url\" content=\"https:\/\/tribunadapraia.com.br\/?p=2785\" \/>\n<meta property=\"og:site_name\" content=\"TRIBUNA DA PRAIA\" \/>\n<meta property=\"article:publisher\" content=\"https:\/\/www.facebook.com\/tribunadapraiaonline\/\" \/>\n<meta property=\"article:published_time\" content=\"2021-07-16T02:02:27+00:00\" \/>\n<meta property=\"article:modified_time\" content=\"2021-07-16T02:03:17+00:00\" \/>\n<meta property=\"og:image\" content=\"https:\/\/tribunadapraia.com.br\/wp-content\/uploads\/2021\/07\/image_processing20210715-28340-5rgk6n.jpeg\" \/>\n\t<meta property=\"og:image:width\" content=\"780\" \/>\n\t<meta property=\"og:image:height\" content=\"490\" \/>\n<meta name=\"twitter:card\" content=\"summary_large_image\" \/>\n<meta name=\"twitter:creator\" content=\"@Claudomir21\" \/>\n<meta name=\"twitter:site\" content=\"@Claudomir21\" \/>\n<meta name=\"twitter:label1\" content=\"Est. tempo de leitura\">\n\t<meta name=\"twitter:data1\" content=\"3 minutos\">\n<script type=\"application\/ld+json\" class=\"yoast-schema-graph\">{\"@context\":\"https:\/\/schema.org\",\"@graph\":[{\"@type\":\"Organization\",\"@id\":\"https:\/\/tribunadapraia.com.br\/#organization\",\"name\":\"Tribuna da Praia\",\"url\":\"https:\/\/tribunadapraia.com.br\/\",\"sameAs\":[\"https:\/\/www.facebook.com\/tribunadapraiaonline\/\",\"https:\/\/www.instagram.com\/claudomirtavares\/\",\"https:\/\/www.youtube.com\/channel\/UCwQf80nxiMzCefAyjbp53Rw\",\"https:\/\/twitter.com\/Claudomir21\"],\"logo\":{\"@type\":\"ImageObject\",\"@id\":\"https:\/\/tribunadapraia.com.br\/#logo\",\"inLanguage\":\"pt-BR\",\"url\":\"https:\/\/tribunadapraia.com.br\/wp-content\/uploads\/2020\/02\/logo.png\",\"contentUrl\":\"https:\/\/tribunadapraia.com.br\/wp-content\/uploads\/2020\/02\/logo.png\",\"width\":501,\"height\":121,\"caption\":\"Tribuna da Praia\"},\"image\":{\"@id\":\"https:\/\/tribunadapraia.com.br\/#logo\"}},{\"@type\":\"WebSite\",\"@id\":\"https:\/\/tribunadapraia.com.br\/#website\",\"url\":\"https:\/\/tribunadapraia.com.br\/\",\"name\":\"TRIBUNA DA PRAIA\",\"description\":\"O 1\\u00ba jornal do interior de Sergipe na internet\",\"publisher\":{\"@id\":\"https:\/\/tribunadapraia.com.br\/#organization\"},\"potentialAction\":[{\"@type\":\"SearchAction\",\"target\":\"https:\/\/tribunadapraia.com.br\/?s={search_term_string}\",\"query-input\":\"required name=search_term_string\"}],\"inLanguage\":\"pt-BR\"},{\"@type\":\"ImageObject\",\"@id\":\"https:\/\/tribunadapraia.com.br\/?p=2785#primaryimage\",\"inLanguage\":\"pt-BR\",\"url\":\"https:\/\/tribunadapraia.com.br\/wp-content\/uploads\/2021\/07\/image_processing20210715-28340-5rgk6n.jpeg\",\"contentUrl\":\"https:\/\/tribunadapraia.com.br\/wp-content\/uploads\/2021\/07\/image_processing20210715-28340-5rgk6n.jpeg\",\"width\":780,\"height\":490},{\"@type\":\"WebPage\",\"@id\":\"https:\/\/tribunadapraia.com.br\/?p=2785#webpage\",\"url\":\"https:\/\/tribunadapraia.com.br\/?p=2785\",\"name\":\"VIOL\\u00caNCIA: Letalidade policial bate recorde e mortes de negros chegam a 78% do total, mostra relat\\u00f3rio - TRIBUNA DA PRAIA\",\"isPartOf\":{\"@id\":\"https:\/\/tribunadapraia.com.br\/#website\"},\"primaryImageOfPage\":{\"@id\":\"https:\/\/tribunadapraia.com.br\/?p=2785#primaryimage\"},\"datePublished\":\"2021-07-16T02:02:27+00:00\",\"dateModified\":\"2021-07-16T02:03:17+00:00\",\"breadcrumb\":{\"@id\":\"https:\/\/tribunadapraia.com.br\/?p=2785#breadcrumb\"},\"inLanguage\":\"pt-BR\",\"potentialAction\":[{\"@type\":\"ReadAction\",\"target\":[\"https:\/\/tribunadapraia.com.br\/?p=2785\"]}]},{\"@type\":\"BreadcrumbList\",\"@id\":\"https:\/\/tribunadapraia.com.br\/?p=2785#breadcrumb\",\"itemListElement\":[{\"@type\":\"ListItem\",\"position\":1,\"item\":{\"@type\":\"WebPage\",\"@id\":\"https:\/\/tribunadapraia.com.br\/\",\"url\":\"https:\/\/tribunadapraia.com.br\/\",\"name\":\"In\\u00edcio\"}},{\"@type\":\"ListItem\",\"position\":2,\"item\":{\"@id\":\"https:\/\/tribunadapraia.com.br\/?p=2785#webpage\"}}]},{\"@type\":\"Article\",\"@id\":\"https:\/\/tribunadapraia.com.br\/?p=2785#article\",\"isPartOf\":{\"@id\":\"https:\/\/tribunadapraia.com.br\/?p=2785#webpage\"},\"author\":{\"@id\":\"https:\/\/tribunadapraia.com.br\/#\/schema\/person\/326b0a9f3163b479142c64eba4928de0\"},\"headline\":\"VIOL\\u00caNCIA: Letalidade policial bate recorde e mortes de negros chegam a 78% do total, mostra relat\\u00f3rio\",\"datePublished\":\"2021-07-16T02:02:27+00:00\",\"dateModified\":\"2021-07-16T02:03:17+00:00\",\"mainEntityOfPage\":{\"@id\":\"https:\/\/tribunadapraia.com.br\/?p=2785#webpage\"},\"wordCount\":488,\"commentCount\":0,\"publisher\":{\"@id\":\"https:\/\/tribunadapraia.com.br\/#organization\"},\"image\":{\"@id\":\"https:\/\/tribunadapraia.com.br\/?p=2785#primaryimage\"},\"thumbnailUrl\":\"https:\/\/tribunadapraia.com.br\/wp-content\/uploads\/2021\/07\/image_processing20210715-28340-5rgk6n.jpeg\",\"articleSection\":[\"Not\\u00edcias\"],\"inLanguage\":\"pt-BR\",\"potentialAction\":[{\"@type\":\"CommentAction\",\"name\":\"Comment\",\"target\":[\"https:\/\/tribunadapraia.com.br\/?p=2785#respond\"]}]},{\"@type\":\"Person\",\"@id\":\"https:\/\/tribunadapraia.com.br\/#\/schema\/person\/326b0a9f3163b479142c64eba4928de0\",\"name\":\"tribunadapraia\",\"image\":{\"@type\":\"ImageObject\",\"@id\":\"https:\/\/tribunadapraia.com.br\/#personlogo\",\"inLanguage\":\"pt-BR\",\"url\":\"https:\/\/secure.gravatar.com\/avatar\/38b019c74762496076b7355024a0dad9?s=96&d=identicon&r=g\",\"contentUrl\":\"https:\/\/secure.gravatar.com\/avatar\/38b019c74762496076b7355024a0dad9?s=96&d=identicon&r=g\",\"caption\":\"tribunadapraia\"}}]}<\/script>\n<!-- \/ Yoast SEO plugin. -->","wps_subtitle":"","_links":{"self":[{"href":"https:\/\/tribunadapraia.com.br\/index.php?rest_route=\/wp\/v2\/posts\/2785"}],"collection":[{"href":"https:\/\/tribunadapraia.com.br\/index.php?rest_route=\/wp\/v2\/posts"}],"about":[{"href":"https:\/\/tribunadapraia.com.br\/index.php?rest_route=\/wp\/v2\/types\/post"}],"author":[{"embeddable":true,"href":"https:\/\/tribunadapraia.com.br\/index.php?rest_route=\/wp\/v2\/users\/1"}],"replies":[{"embeddable":true,"href":"https:\/\/tribunadapraia.com.br\/index.php?rest_route=%2Fwp%2Fv2%2Fcomments&post=2785"}],"version-history":[{"count":1,"href":"https:\/\/tribunadapraia.com.br\/index.php?rest_route=\/wp\/v2\/posts\/2785\/revisions"}],"predecessor-version":[{"id":2787,"href":"https:\/\/tribunadapraia.com.br\/index.php?rest_route=\/wp\/v2\/posts\/2785\/revisions\/2787"}],"wp:featuredmedia":[{"embeddable":true,"href":"https:\/\/tribunadapraia.com.br\/index.php?rest_route=\/wp\/v2\/media\/2786"}],"wp:attachment":[{"href":"https:\/\/tribunadapraia.com.br\/index.php?rest_route=%2Fwp%2Fv2%2Fmedia&parent=2785"}],"wp:term":[{"taxonomy":"category","embeddable":true,"href":"https:\/\/tribunadapraia.com.br\/index.php?rest_route=%2Fwp%2Fv2%2Fcategories&post=2785"},{"taxonomy":"post_tag","embeddable":true,"href":"https:\/\/tribunadapraia.com.br\/index.php?rest_route=%2Fwp%2Fv2%2Ftags&post=2785"}],"curies":[{"name":"wp","href":"https:\/\/api.w.org\/{rel}","templated":true}]}}