{"id":2764,"date":"2021-07-08T10:50:13","date_gmt":"2021-07-08T13:50:13","guid":{"rendered":"https:\/\/tribunadapraia.com.br\/?p=2764"},"modified":"2021-07-08T11:03:03","modified_gmt":"2021-07-08T14:03:03","slug":"ha-38-anos-a-trajetoria-da-tribuna-da-praia-patrimonio-da-imprensa-sergipana-parte-1","status":"publish","type":"post","link":"https:\/\/tribunadapraia.com.br\/?p=2764","title":{"rendered":"H\u00e1 38 ANOS, a trajet\u00f3ria da TRIBUNA DA PRAIA, patrim\u00f4nio da imprensa sergipana &#8211; Parte 1"},"content":{"rendered":"<p>1983 &#8211; A Grande Seca no NORDESTE mobilizou brasileiros em uma corrente de solidariedade pelos flagelaros Em Pirambu estudantes do Amaral Lenos, a Pirambu Pesca e a Prefeitura se fizeram presentes arrecadando e levando alimento para nossos irm\u00e3os no Sert\u00e3o Sergipano.<\/p>\n<p>Quando nascemos? Resultante de um projeto pedag\u00f3gico da vision\u00e1ria professora Josefina Oliveira (disciplina Edufa\u00e7\u00e3o Art\u00edstica) era lan\u00e7ado em 23 de agosto de 1983 na Escola de 1\u00b0 Grau Jos\u00e9 Amaral Lemos (ber\u00e7o cultural de Pirambu) o jornal estudantil O CLARIM, n\u00facleo embrionario da Tribuna da Praia tendo \u00e0 frente o estudante Claudomir Tavares (7\u00aa S\u00e9rie)<\/p>\n<p>por Cedoc\/RPCA Sergipe<\/p>\n<!--[if lt IE 9]><script>document.createElement('audio');<\/script><![endif]-->\n<audio class=\"wp-audio-shortcode\" id=\"audio-2764-1\" preload=\"none\" style=\"width: 100%;\" controls=\"controls\"><source type=\"audio\/mpeg\" src=\"https:\/\/tribunadapraia.com.br\/wp-content\/uploads\/2021\/07\/Chega-de-Magoa-Criacao-Coletiva.mp3?_=1\" \/><a href=\"https:\/\/tribunadapraia.com.br\/wp-content\/uploads\/2021\/07\/Chega-de-Magoa-Criacao-Coletiva.mp3\">https:\/\/tribunadapraia.com.br\/wp-content\/uploads\/2021\/07\/Chega-de-Magoa-Criacao-Coletiva.mp3<\/a><\/audio>\n","protected":false},"excerpt":{"rendered":"<p>1983 &#8211; A Grande Seca no NORDESTE mobilizou brasileiros em uma corrente de solidariedade pelos flagelaros Em Pirambu estudantes do Amaral Lenos, a Pirambu Pesca e a Prefeitura se fizeram presentes arrecadando e levando alimento para nossos irm\u00e3os no Sert\u00e3o Sergipano. Quando nascemos? Resultante de um projeto pedag\u00f3gico da vision\u00e1ria professora Josefina Oliveira (disciplina Edufa\u00e7\u00e3o Art\u00edstica) era lan\u00e7ado em 23 de agosto de 1983 na Escola de 1\u00b0 Grau Jos\u00e9<\/p>\n","protected":false},"author":3,"featured_media":2765,"comment_status":"open","ping_status":"open","sticky":false,"template":"","format":"standard","meta":[],"categories":[18],"tags":[],"yoast_head":"<!-- This site is optimized with the Yoast SEO plugin v16.3 - https:\/\/yoast.com\/wordpress\/plugins\/seo\/ -->\n<title>H\u00e1 38 ANOS, a trajet\u00f3ria da TRIBUNA DA PRAIA, patrim\u00f4nio da imprensa sergipana - Parte 1 - TRIBUNA DA PRAIA<\/title>\n<meta name=\"robots\" content=\"index, follow, max-snippet:-1, max-image-preview:large, max-video-preview:-1\" \/>\n<link rel=\"canonical\" href=\"https:\/\/tribunadapraia.com.br\/?p=2764\" \/>\n<meta property=\"og:locale\" content=\"pt_BR\" \/>\n<meta property=\"og:type\" content=\"article\" \/>\n<meta property=\"og:title\" content=\"H\u00e1 38 ANOS, a trajet\u00f3ria da TRIBUNA DA PRAIA, patrim\u00f4nio da imprensa sergipana - Parte 1 - TRIBUNA DA PRAIA\" \/>\n<meta property=\"og:description\" content=\"1983 &#8211; A Grande Seca no NORDESTE mobilizou brasileiros em uma corrente de solidariedade pelos flagelaros Em Pirambu estudantes do Amaral Lenos, a Pirambu Pesca e a Prefeitura se fizeram presentes arrecadando e levando alimento para nossos irm\u00e3os no Sert\u00e3o Sergipano. Quando nascemos? Resultante de um projeto pedag\u00f3gico da vision\u00e1ria professora Josefina Oliveira (disciplina Edufa\u00e7\u00e3o Art\u00edstica) era lan\u00e7ado em 23 de agosto de 1983 na Escola de 1\u00b0 Grau Jos\u00e9\" \/>\n<meta property=\"og:url\" content=\"https:\/\/tribunadapraia.com.br\/?p=2764\" \/>\n<meta property=\"og:site_name\" content=\"TRIBUNA DA PRAIA\" \/>\n<meta property=\"article:publisher\" content=\"https:\/\/www.facebook.com\/tribunadapraiaonline\/\" \/>\n<meta property=\"article:published_time\" content=\"2021-07-08T13:50:13+00:00\" \/>\n<meta property=\"article:modified_time\" content=\"2021-07-08T14:03:03+00:00\" \/>\n<meta property=\"og:image\" content=\"https:\/\/tribunadapraia.com.br\/wp-content\/uploads\/2021\/07\/19891526545_a465ba293f_b-2.jpg\" \/>\n\t<meta property=\"og:image:width\" content=\"350\" \/>\n\t<meta property=\"og:image:height\" content=\"522\" \/>\n<meta name=\"twitter:card\" content=\"summary_large_image\" \/>\n<meta name=\"twitter:creator\" content=\"@Claudomir21\" \/>\n<meta name=\"twitter:site\" content=\"@Claudomir21\" \/>\n<meta name=\"twitter:label1\" content=\"Est. tempo de leitura\">\n\t<meta name=\"twitter:data1\" content=\"1 minuto\">\n<script type=\"application\/ld+json\" class=\"yoast-schema-graph\">{\"@context\":\"https:\/\/schema.org\",\"@graph\":[{\"@type\":\"Organization\",\"@id\":\"https:\/\/tribunadapraia.com.br\/#organization\",\"name\":\"Tribuna da Praia\",\"url\":\"https:\/\/tribunadapraia.com.br\/\",\"sameAs\":[\"https:\/\/www.facebook.com\/tribunadapraiaonline\/\",\"https:\/\/www.instagram.com\/claudomirtavares\/\",\"https:\/\/www.youtube.com\/channel\/UCwQf80nxiMzCefAyjbp53Rw\",\"https:\/\/twitter.com\/Claudomir21\"],\"logo\":{\"@type\":\"ImageObject\",\"@id\":\"https:\/\/tribunadapraia.com.br\/#logo\",\"inLanguage\":\"pt-BR\",\"url\":\"https:\/\/tribunadapraia.com.br\/wp-content\/uploads\/2020\/02\/logo.png\",\"contentUrl\":\"https:\/\/tribunadapraia.com.br\/wp-content\/uploads\/2020\/02\/logo.png\",\"width\":501,\"height\":121,\"caption\":\"Tribuna da Praia\"},\"image\":{\"@id\":\"https:\/\/tribunadapraia.com.br\/#logo\"}},{\"@type\":\"WebSite\",\"@id\":\"https:\/\/tribunadapraia.com.br\/#website\",\"url\":\"https:\/\/tribunadapraia.com.br\/\",\"name\":\"TRIBUNA DA PRAIA\",\"description\":\"O 1\\u00ba jornal do interior de Sergipe na internet\",\"publisher\":{\"@id\":\"https:\/\/tribunadapraia.com.br\/#organization\"},\"potentialAction\":[{\"@type\":\"SearchAction\",\"target\":\"https:\/\/tribunadapraia.com.br\/?s={search_term_string}\",\"query-input\":\"required name=search_term_string\"}],\"inLanguage\":\"pt-BR\"},{\"@type\":\"ImageObject\",\"@id\":\"https:\/\/tribunadapraia.com.br\/?p=2764#primaryimage\",\"inLanguage\":\"pt-BR\",\"url\":\"https:\/\/tribunadapraia.com.br\/wp-content\/uploads\/2021\/07\/19891526545_a465ba293f_b-2.jpg\",\"contentUrl\":\"https:\/\/tribunadapraia.com.br\/wp-content\/uploads\/2021\/07\/19891526545_a465ba293f_b-2.jpg\",\"width\":350,\"height\":522},{\"@type\":\"WebPage\",\"@id\":\"https:\/\/tribunadapraia.com.br\/?p=2764#webpage\",\"url\":\"https:\/\/tribunadapraia.com.br\/?p=2764\",\"name\":\"H\\u00e1 38 ANOS, a trajet\\u00f3ria da TRIBUNA DA PRAIA, patrim\\u00f4nio da imprensa sergipana - Parte 1 - TRIBUNA DA PRAIA\",\"isPartOf\":{\"@id\":\"https:\/\/tribunadapraia.com.br\/#website\"},\"primaryImageOfPage\":{\"@id\":\"https:\/\/tribunadapraia.com.br\/?p=2764#primaryimage\"},\"datePublished\":\"2021-07-08T13:50:13+00:00\",\"dateModified\":\"2021-07-08T14:03:03+00:00\",\"breadcrumb\":{\"@id\":\"https:\/\/tribunadapraia.com.br\/?p=2764#breadcrumb\"},\"inLanguage\":\"pt-BR\",\"potentialAction\":[{\"@type\":\"ReadAction\",\"target\":[\"https:\/\/tribunadapraia.com.br\/?p=2764\"]}]},{\"@type\":\"BreadcrumbList\",\"@id\":\"https:\/\/tribunadapraia.com.br\/?p=2764#breadcrumb\",\"itemListElement\":[{\"@type\":\"ListItem\",\"position\":1,\"item\":{\"@type\":\"WebPage\",\"@id\":\"https:\/\/tribunadapraia.com.br\/\",\"url\":\"https:\/\/tribunadapraia.com.br\/\",\"name\":\"In\\u00edcio\"}},{\"@type\":\"ListItem\",\"position\":2,\"item\":{\"@id\":\"https:\/\/tribunadapraia.com.br\/?p=2764#webpage\"}}]},{\"@type\":\"Article\",\"@id\":\"https:\/\/tribunadapraia.com.br\/?p=2764#article\",\"isPartOf\":{\"@id\":\"https:\/\/tribunadapraia.com.br\/?p=2764#webpage\"},\"author\":{\"@id\":\"https:\/\/tribunadapraia.com.br\/#\/schema\/person\/099fbbf59acc5895c0d7d52b4fc46c97\"},\"headline\":\"H\\u00e1 38 ANOS, a trajet\\u00f3ria da TRIBUNA DA PRAIA, patrim\\u00f4nio da imprensa sergipana &#8211; Parte 1\",\"datePublished\":\"2021-07-08T13:50:13+00:00\",\"dateModified\":\"2021-07-08T14:03:03+00:00\",\"mainEntityOfPage\":{\"@id\":\"https:\/\/tribunadapraia.com.br\/?p=2764#webpage\"},\"wordCount\":131,\"commentCount\":1,\"publisher\":{\"@id\":\"https:\/\/tribunadapraia.com.br\/#organization\"},\"image\":{\"@id\":\"https:\/\/tribunadapraia.com.br\/?p=2764#primaryimage\"},\"thumbnailUrl\":\"https:\/\/tribunadapraia.com.br\/wp-content\/uploads\/2021\/07\/19891526545_a465ba293f_b-2.jpg\",\"articleSection\":[\"Not\\u00edcias\"],\"inLanguage\":\"pt-BR\",\"potentialAction\":[{\"@type\":\"CommentAction\",\"name\":\"Comment\",\"target\":[\"https:\/\/tribunadapraia.com.br\/?p=2764#respond\"]}]},{\"@type\":\"Person\",\"@id\":\"https:\/\/tribunadapraia.com.br\/#\/schema\/person\/099fbbf59acc5895c0d7d52b4fc46c97\",\"name\":\"Reda\\u00e7\\u00e3o\",\"image\":{\"@type\":\"ImageObject\",\"@id\":\"https:\/\/tribunadapraia.com.br\/#personlogo\",\"inLanguage\":\"pt-BR\",\"url\":\"https:\/\/secure.gravatar.com\/avatar\/91c8b91d2bfd7784eac5c3e055361f64?s=96&d=identicon&r=g\",\"contentUrl\":\"https:\/\/secure.gravatar.com\/avatar\/91c8b91d2bfd7784eac5c3e055361f64?s=96&d=identicon&r=g\",\"caption\":\"Reda\\u00e7\\u00e3o\"}}]}<\/script>\n<!-- \/ Yoast SEO plugin. -->","wps_subtitle":"","_links":{"self":[{"href":"https:\/\/tribunadapraia.com.br\/index.php?rest_route=\/wp\/v2\/posts\/2764"}],"collection":[{"href":"https:\/\/tribunadapraia.com.br\/index.php?rest_route=\/wp\/v2\/posts"}],"about":[{"href":"https:\/\/tribunadapraia.com.br\/index.php?rest_route=\/wp\/v2\/types\/post"}],"author":[{"embeddable":true,"href":"https:\/\/tribunadapraia.com.br\/index.php?rest_route=\/wp\/v2\/users\/3"}],"replies":[{"embeddable":true,"href":"https:\/\/tribunadapraia.com.br\/index.php?rest_route=%2Fwp%2Fv2%2Fcomments&post=2764"}],"version-history":[{"count":3,"href":"https:\/\/tribunadapraia.com.br\/index.php?rest_route=\/wp\/v2\/posts\/2764\/revisions"}],"predecessor-version":[{"id":2771,"href":"https:\/\/tribunadapraia.com.br\/index.php?rest_route=\/wp\/v2\/posts\/2764\/revisions\/2771"}],"wp:featuredmedia":[{"embeddable":true,"href":"https:\/\/tribunadapraia.com.br\/index.php?rest_route=\/wp\/v2\/media\/2765"}],"wp:attachment":[{"href":"https:\/\/tribunadapraia.com.br\/index.php?rest_route=%2Fwp%2Fv2%2Fmedia&parent=2764"}],"wp:term":[{"taxonomy":"category","embeddable":true,"href":"https:\/\/tribunadapraia.com.br\/index.php?rest_route=%2Fwp%2Fv2%2Fcategories&post=2764"},{"taxonomy":"post_tag","embeddable":true,"href":"https:\/\/tribunadapraia.com.br\/index.php?rest_route=%2Fwp%2Fv2%2Ftags&post=2764"}],"curies":[{"name":"wp","href":"https:\/\/api.w.org\/{rel}","templated":true}]}}