{"id":2741,"date":"2021-07-05T08:16:30","date_gmt":"2021-07-05T11:16:30","guid":{"rendered":"https:\/\/tribunadapraia.com.br\/?p=2741"},"modified":"2021-07-05T08:17:45","modified_gmt":"2021-07-05T11:17:45","slug":"aviso-barra-dos-coqueiros-vacina-hoje-com-a-1a-dose-pessoas-com-42-anos","status":"publish","type":"post","link":"https:\/\/tribunadapraia.com.br\/?p=2741","title":{"rendered":"AVISO: Barra dos Coqueiros vacina hoje com a 1\u00aa dose pessoas com 42 anos"},"content":{"rendered":"<p>A Prefeitura de Barra dos Coqueiros, atrav\u00e9s da Secretaria de Sa\u00fade, informa que estar\u00e1 dando continuidade ao Plano de Operacionaliza\u00e7\u00e3o da Campanha de Vacina\u00e7\u00e3o contra a COVID-19, aplicando a 1\u00aa dose para a popula\u00e7\u00e3o em geral, sem comorbidade, seguindo o cronograma abaixo:<\/p>\n<p>05\/07 (Segunda-feira) \u2013 42 anos<br \/>\n06\/07 (ter\u00e7a-feira) \u2013 41 anos<br \/>\n07\/07 (quarta-feira) \u2013 40 anos<\/p>\n<p>Ressaltamos que continuaremos vacinando as gestantes e puerperas, sem comorbidades, maiores de 18 anos, bem como, as pessoas que j\u00e1 receberam a primeira dose. Verifiquem seu cart\u00e3o de vacina para ver se j\u00e1 est\u00e1 na \u00e9poca de receber a \u201cSEGUNDA DOSE\u201d, pois ela \u00e9 de grande import\u00e2ncia para aumentar sua prote\u00e7\u00e3o.<\/p>\n<p>&#8211; OBSERVA\u00c7\u00c3O: No ato da vacina\u00e7\u00e3o \u00e9 preciso apresentar comprovante de resid\u00eancia, cart\u00e3o do SUS e Carteira de Identidade.<\/p>\n<p>Mesmo recebendo as duas doses de vacina, o uso de mascara, higieniza\u00e7\u00e3o das m\u00e3os e manter o distanciamento f\u00edsico s\u00e3o medidas importantes para a preven\u00e7\u00e3o do v\u00edrus. Informamos ainda que a medida que recebermos vacinas, diminuiremos a faixa et\u00e1ria.<\/p>\n<p>com inforna\u00e7\u00f5es da Secon\/Barra dis Coqueiros<\/p>\n","protected":false},"excerpt":{"rendered":"<p>A Prefeitura de Barra dos Coqueiros, atrav\u00e9s da Secretaria de Sa\u00fade, informa que estar\u00e1 dando continuidade ao Plano de Operacionaliza\u00e7\u00e3o da Campanha de Vacina\u00e7\u00e3o contra a COVID-19, aplicando a 1\u00aa dose para a popula\u00e7\u00e3o em geral, sem comorbidade, seguindo o cronograma abaixo: 05\/07 (Segunda-feira) \u2013 42 anos 06\/07 (ter\u00e7a-feira) \u2013 41 anos 07\/07 (quarta-feira) \u2013 40 anos Ressaltamos que continuaremos vacinando as gestantes e puerperas, sem comorbidades, maiores de 18<\/p>\n","protected":false},"author":1,"featured_media":2727,"comment_status":"open","ping_status":"open","sticky":false,"template":"","format":"standard","meta":[],"categories":[18],"tags":[],"yoast_head":"<!-- This site is optimized with the Yoast SEO plugin v16.3 - https:\/\/yoast.com\/wordpress\/plugins\/seo\/ -->\n<title>AVISO: Barra dos Coqueiros vacina hoje com a 1\u00aa dose pessoas com 42 anos - TRIBUNA DA PRAIA<\/title>\n<meta name=\"robots\" content=\"index, follow, max-snippet:-1, max-image-preview:large, max-video-preview:-1\" \/>\n<link rel=\"canonical\" href=\"https:\/\/tribunadapraia.com.br\/?p=2741\" \/>\n<meta property=\"og:locale\" content=\"pt_BR\" \/>\n<meta property=\"og:type\" content=\"article\" \/>\n<meta property=\"og:title\" content=\"AVISO: Barra dos Coqueiros vacina hoje com a 1\u00aa dose pessoas com 42 anos - TRIBUNA DA PRAIA\" \/>\n<meta property=\"og:description\" content=\"A Prefeitura de Barra dos Coqueiros, atrav\u00e9s da Secretaria de Sa\u00fade, informa que estar\u00e1 dando continuidade ao Plano de Operacionaliza\u00e7\u00e3o da Campanha de Vacina\u00e7\u00e3o contra a COVID-19, aplicando a 1\u00aa dose para a popula\u00e7\u00e3o em geral, sem comorbidade, seguindo o cronograma abaixo: 05\/07 (Segunda-feira) \u2013 42 anos 06\/07 (ter\u00e7a-feira) \u2013 41 anos 07\/07 (quarta-feira) \u2013 40 anos Ressaltamos que continuaremos vacinando as gestantes e puerperas, sem comorbidades, maiores de 18\" \/>\n<meta property=\"og:url\" content=\"https:\/\/tribunadapraia.com.br\/?p=2741\" \/>\n<meta property=\"og:site_name\" content=\"TRIBUNA DA PRAIA\" \/>\n<meta property=\"article:publisher\" content=\"https:\/\/www.facebook.com\/tribunadapraiaonline\/\" \/>\n<meta property=\"article:published_time\" content=\"2021-07-05T11:16:30+00:00\" \/>\n<meta property=\"article:modified_time\" content=\"2021-07-05T11:17:45+00:00\" \/>\n<meta property=\"og:image\" content=\"https:\/\/tribunadapraia.com.br\/wp-content\/uploads\/2021\/06\/TBPq619P-1.png\" \/>\n\t<meta property=\"og:image:width\" content=\"680\" \/>\n\t<meta property=\"og:image:height\" content=\"453\" \/>\n<meta name=\"twitter:card\" content=\"summary_large_image\" \/>\n<meta name=\"twitter:creator\" content=\"@Claudomir21\" \/>\n<meta name=\"twitter:site\" content=\"@Claudomir21\" \/>\n<meta name=\"twitter:label1\" content=\"Est. tempo de leitura\">\n\t<meta name=\"twitter:data1\" content=\"1 minuto\">\n<script type=\"application\/ld+json\" class=\"yoast-schema-graph\">{\"@context\":\"https:\/\/schema.org\",\"@graph\":[{\"@type\":\"Organization\",\"@id\":\"https:\/\/tribunadapraia.com.br\/#organization\",\"name\":\"Tribuna da Praia\",\"url\":\"https:\/\/tribunadapraia.com.br\/\",\"sameAs\":[\"https:\/\/www.facebook.com\/tribunadapraiaonline\/\",\"https:\/\/www.instagram.com\/claudomirtavares\/\",\"https:\/\/www.youtube.com\/channel\/UCwQf80nxiMzCefAyjbp53Rw\",\"https:\/\/twitter.com\/Claudomir21\"],\"logo\":{\"@type\":\"ImageObject\",\"@id\":\"https:\/\/tribunadapraia.com.br\/#logo\",\"inLanguage\":\"pt-BR\",\"url\":\"https:\/\/tribunadapraia.com.br\/wp-content\/uploads\/2020\/02\/logo.png\",\"contentUrl\":\"https:\/\/tribunadapraia.com.br\/wp-content\/uploads\/2020\/02\/logo.png\",\"width\":501,\"height\":121,\"caption\":\"Tribuna da Praia\"},\"image\":{\"@id\":\"https:\/\/tribunadapraia.com.br\/#logo\"}},{\"@type\":\"WebSite\",\"@id\":\"https:\/\/tribunadapraia.com.br\/#website\",\"url\":\"https:\/\/tribunadapraia.com.br\/\",\"name\":\"TRIBUNA DA PRAIA\",\"description\":\"O 1\\u00ba jornal do interior de Sergipe na internet\",\"publisher\":{\"@id\":\"https:\/\/tribunadapraia.com.br\/#organization\"},\"potentialAction\":[{\"@type\":\"SearchAction\",\"target\":\"https:\/\/tribunadapraia.com.br\/?s={search_term_string}\",\"query-input\":\"required name=search_term_string\"}],\"inLanguage\":\"pt-BR\"},{\"@type\":\"ImageObject\",\"@id\":\"https:\/\/tribunadapraia.com.br\/?p=2741#primaryimage\",\"inLanguage\":\"pt-BR\",\"url\":\"https:\/\/tribunadapraia.com.br\/wp-content\/uploads\/2021\/06\/TBPq619P-1.png\",\"contentUrl\":\"https:\/\/tribunadapraia.com.br\/wp-content\/uploads\/2021\/06\/TBPq619P-1.png\",\"width\":680,\"height\":453},{\"@type\":\"WebPage\",\"@id\":\"https:\/\/tribunadapraia.com.br\/?p=2741#webpage\",\"url\":\"https:\/\/tribunadapraia.com.br\/?p=2741\",\"name\":\"AVISO: Barra dos Coqueiros vacina hoje com a 1\\u00aa dose pessoas com 42 anos - TRIBUNA DA PRAIA\",\"isPartOf\":{\"@id\":\"https:\/\/tribunadapraia.com.br\/#website\"},\"primaryImageOfPage\":{\"@id\":\"https:\/\/tribunadapraia.com.br\/?p=2741#primaryimage\"},\"datePublished\":\"2021-07-05T11:16:30+00:00\",\"dateModified\":\"2021-07-05T11:17:45+00:00\",\"breadcrumb\":{\"@id\":\"https:\/\/tribunadapraia.com.br\/?p=2741#breadcrumb\"},\"inLanguage\":\"pt-BR\",\"potentialAction\":[{\"@type\":\"ReadAction\",\"target\":[\"https:\/\/tribunadapraia.com.br\/?p=2741\"]}]},{\"@type\":\"BreadcrumbList\",\"@id\":\"https:\/\/tribunadapraia.com.br\/?p=2741#breadcrumb\",\"itemListElement\":[{\"@type\":\"ListItem\",\"position\":1,\"item\":{\"@type\":\"WebPage\",\"@id\":\"https:\/\/tribunadapraia.com.br\/\",\"url\":\"https:\/\/tribunadapraia.com.br\/\",\"name\":\"In\\u00edcio\"}},{\"@type\":\"ListItem\",\"position\":2,\"item\":{\"@id\":\"https:\/\/tribunadapraia.com.br\/?p=2741#webpage\"}}]},{\"@type\":\"Article\",\"@id\":\"https:\/\/tribunadapraia.com.br\/?p=2741#article\",\"isPartOf\":{\"@id\":\"https:\/\/tribunadapraia.com.br\/?p=2741#webpage\"},\"author\":{\"@id\":\"https:\/\/tribunadapraia.com.br\/#\/schema\/person\/326b0a9f3163b479142c64eba4928de0\"},\"headline\":\"AVISO: Barra dos Coqueiros vacina hoje com a 1\\u00aa dose pessoas com 42 anos\",\"datePublished\":\"2021-07-05T11:16:30+00:00\",\"dateModified\":\"2021-07-05T11:17:45+00:00\",\"mainEntityOfPage\":{\"@id\":\"https:\/\/tribunadapraia.com.br\/?p=2741#webpage\"},\"wordCount\":193,\"commentCount\":0,\"publisher\":{\"@id\":\"https:\/\/tribunadapraia.com.br\/#organization\"},\"image\":{\"@id\":\"https:\/\/tribunadapraia.com.br\/?p=2741#primaryimage\"},\"thumbnailUrl\":\"https:\/\/tribunadapraia.com.br\/wp-content\/uploads\/2021\/06\/TBPq619P-1.png\",\"articleSection\":[\"Not\\u00edcias\"],\"inLanguage\":\"pt-BR\",\"potentialAction\":[{\"@type\":\"CommentAction\",\"name\":\"Comment\",\"target\":[\"https:\/\/tribunadapraia.com.br\/?p=2741#respond\"]}]},{\"@type\":\"Person\",\"@id\":\"https:\/\/tribunadapraia.com.br\/#\/schema\/person\/326b0a9f3163b479142c64eba4928de0\",\"name\":\"tribunadapraia\",\"image\":{\"@type\":\"ImageObject\",\"@id\":\"https:\/\/tribunadapraia.com.br\/#personlogo\",\"inLanguage\":\"pt-BR\",\"url\":\"https:\/\/secure.gravatar.com\/avatar\/38b019c74762496076b7355024a0dad9?s=96&d=identicon&r=g\",\"contentUrl\":\"https:\/\/secure.gravatar.com\/avatar\/38b019c74762496076b7355024a0dad9?s=96&d=identicon&r=g\",\"caption\":\"tribunadapraia\"}}]}<\/script>\n<!-- \/ Yoast SEO plugin. -->","wps_subtitle":"","_links":{"self":[{"href":"https:\/\/tribunadapraia.com.br\/index.php?rest_route=\/wp\/v2\/posts\/2741"}],"collection":[{"href":"https:\/\/tribunadapraia.com.br\/index.php?rest_route=\/wp\/v2\/posts"}],"about":[{"href":"https:\/\/tribunadapraia.com.br\/index.php?rest_route=\/wp\/v2\/types\/post"}],"author":[{"embeddable":true,"href":"https:\/\/tribunadapraia.com.br\/index.php?rest_route=\/wp\/v2\/users\/1"}],"replies":[{"embeddable":true,"href":"https:\/\/tribunadapraia.com.br\/index.php?rest_route=%2Fwp%2Fv2%2Fcomments&post=2741"}],"version-history":[{"count":1,"href":"https:\/\/tribunadapraia.com.br\/index.php?rest_route=\/wp\/v2\/posts\/2741\/revisions"}],"predecessor-version":[{"id":2742,"href":"https:\/\/tribunadapraia.com.br\/index.php?rest_route=\/wp\/v2\/posts\/2741\/revisions\/2742"}],"wp:featuredmedia":[{"embeddable":true,"href":"https:\/\/tribunadapraia.com.br\/index.php?rest_route=\/wp\/v2\/media\/2727"}],"wp:attachment":[{"href":"https:\/\/tribunadapraia.com.br\/index.php?rest_route=%2Fwp%2Fv2%2Fmedia&parent=2741"}],"wp:term":[{"taxonomy":"category","embeddable":true,"href":"https:\/\/tribunadapraia.com.br\/index.php?rest_route=%2Fwp%2Fv2%2Fcategories&post=2741"},{"taxonomy":"post_tag","embeddable":true,"href":"https:\/\/tribunadapraia.com.br\/index.php?rest_route=%2Fwp%2Fv2%2Ftags&post=2741"}],"curies":[{"name":"wp","href":"https:\/\/api.w.org\/{rel}","templated":true}]}}