{"id":2726,"date":"2021-06-29T08:46:41","date_gmt":"2021-06-29T11:46:41","guid":{"rendered":"https:\/\/tribunadapraia.com.br\/?p=2726"},"modified":"2021-06-29T08:47:25","modified_gmt":"2021-06-29T11:47:25","slug":"aviso-suspensa-aplicacao-da-1a-dose-de-vacina-contra-a-covid-19-para-populacao-de-44-anos-acima-em-barra-dos-coqueiros","status":"publish","type":"post","link":"https:\/\/tribunadapraia.com.br\/?p=2726","title":{"rendered":"AVISO: Suspensa aplica\u00e7\u00e3o da 1\u00aa dose de Vacina contra a COVID-19 para popula\u00e7\u00e3o de 44 anos acima em Barra dos Coqueiros"},"content":{"rendered":"<p>A Secretaria de Sa\u00fade informa que est\u00e1 suspensa a aplica\u00e7\u00e3o da 1\u00aa dose de Vacina contra a COVID-19 para a popula\u00e7\u00e3o de 44 anos acima. Retonaremos a aplica\u00e7\u00e3o da mesma no dia 30 de junho, quarta-feira, para as Gestantes e Puerperas, sem comorbidades, maiores de 18 anos. Ressaltamos que assim que recebermos novas doses, retornaremos a vacina\u00e7\u00e3o da popula\u00e7\u00e3o por faixa et\u00e1ria, dando seguimento ao Plano Municipal de Operacionaliza\u00e7\u00e3o da Campanha de Vacina\u00e7\u00e3o Contra a COVID-19.<\/p>\n<p>&#8211; OBSERVA\u00c7\u00c3O:<br \/>\nPrecisa apresentar comprovante de Resid\u00eancia, Cart\u00e3o do SUS e Carteira de Identidade;<br \/>\nMesmo recebendo as duas doses de vacina, o uso de mascara, higieniza\u00e7\u00e3o das m\u00e3os e manter o distanciamento social s\u00e3o medidas importantes para a preven\u00e7\u00e3o do v\u00edrus.<\/p>\n<p>\u201cSolicitamos que as pessoas que j\u00e1 receberam a primeira dose, verifiquem seu cart\u00e3o de Vacina para ver se j\u00e1 est\u00e1 na \u00e9poca de receber a Segunda Dose, pois ela \u00e9 de grande import\u00e2ncia para aumentar sua Prote\u00e7\u00e3o\u201d.<\/p>\n<p>com informa\u00e7\u00f5es da Secom\/Barra dos Coqueiros<\/p>\n","protected":false},"excerpt":{"rendered":"<p>A Secretaria de Sa\u00fade informa que est\u00e1 suspensa a aplica\u00e7\u00e3o da 1\u00aa dose de Vacina contra a COVID-19 para a popula\u00e7\u00e3o de 44 anos acima. Retonaremos a aplica\u00e7\u00e3o da mesma no dia 30 de junho, quarta-feira, para as Gestantes e Puerperas, sem comorbidades, maiores de 18 anos. Ressaltamos que assim que recebermos novas doses, retornaremos a vacina\u00e7\u00e3o da popula\u00e7\u00e3o por faixa et\u00e1ria, dando seguimento ao Plano Municipal de Operacionaliza\u00e7\u00e3o da<\/p>\n","protected":false},"author":1,"featured_media":2727,"comment_status":"open","ping_status":"open","sticky":false,"template":"","format":"standard","meta":[],"categories":[18],"tags":[],"yoast_head":"<!-- This site is optimized with the Yoast SEO plugin v16.3 - https:\/\/yoast.com\/wordpress\/plugins\/seo\/ -->\n<title>AVISO: Suspensa aplica\u00e7\u00e3o da 1\u00aa dose de Vacina contra a COVID-19 para popula\u00e7\u00e3o de 44 anos acima em Barra dos Coqueiros - TRIBUNA DA PRAIA<\/title>\n<meta name=\"robots\" content=\"index, follow, max-snippet:-1, max-image-preview:large, max-video-preview:-1\" \/>\n<link rel=\"canonical\" href=\"https:\/\/tribunadapraia.com.br\/?p=2726\" \/>\n<meta property=\"og:locale\" content=\"pt_BR\" \/>\n<meta property=\"og:type\" content=\"article\" \/>\n<meta property=\"og:title\" content=\"AVISO: Suspensa aplica\u00e7\u00e3o da 1\u00aa dose de Vacina contra a COVID-19 para popula\u00e7\u00e3o de 44 anos acima em Barra dos Coqueiros - TRIBUNA DA PRAIA\" \/>\n<meta property=\"og:description\" content=\"A Secretaria de Sa\u00fade informa que est\u00e1 suspensa a aplica\u00e7\u00e3o da 1\u00aa dose de Vacina contra a COVID-19 para a popula\u00e7\u00e3o de 44 anos acima. Retonaremos a aplica\u00e7\u00e3o da mesma no dia 30 de junho, quarta-feira, para as Gestantes e Puerperas, sem comorbidades, maiores de 18 anos. Ressaltamos que assim que recebermos novas doses, retornaremos a vacina\u00e7\u00e3o da popula\u00e7\u00e3o por faixa et\u00e1ria, dando seguimento ao Plano Municipal de Operacionaliza\u00e7\u00e3o da\" \/>\n<meta property=\"og:url\" content=\"https:\/\/tribunadapraia.com.br\/?p=2726\" \/>\n<meta property=\"og:site_name\" content=\"TRIBUNA DA PRAIA\" \/>\n<meta property=\"article:publisher\" content=\"https:\/\/www.facebook.com\/tribunadapraiaonline\/\" \/>\n<meta property=\"article:published_time\" content=\"2021-06-29T11:46:41+00:00\" \/>\n<meta property=\"article:modified_time\" content=\"2021-06-29T11:47:25+00:00\" \/>\n<meta property=\"og:image\" content=\"https:\/\/tribunadapraia.com.br\/wp-content\/uploads\/2021\/06\/TBPq619P-1.png\" \/>\n\t<meta property=\"og:image:width\" content=\"680\" \/>\n\t<meta property=\"og:image:height\" content=\"453\" \/>\n<meta name=\"twitter:card\" content=\"summary_large_image\" \/>\n<meta name=\"twitter:creator\" content=\"@Claudomir21\" \/>\n<meta name=\"twitter:site\" content=\"@Claudomir21\" \/>\n<meta name=\"twitter:label1\" content=\"Est. tempo de leitura\">\n\t<meta name=\"twitter:data1\" content=\"1 minuto\">\n<script type=\"application\/ld+json\" class=\"yoast-schema-graph\">{\"@context\":\"https:\/\/schema.org\",\"@graph\":[{\"@type\":\"Organization\",\"@id\":\"https:\/\/tribunadapraia.com.br\/#organization\",\"name\":\"Tribuna da Praia\",\"url\":\"https:\/\/tribunadapraia.com.br\/\",\"sameAs\":[\"https:\/\/www.facebook.com\/tribunadapraiaonline\/\",\"https:\/\/www.instagram.com\/claudomirtavares\/\",\"https:\/\/www.youtube.com\/channel\/UCwQf80nxiMzCefAyjbp53Rw\",\"https:\/\/twitter.com\/Claudomir21\"],\"logo\":{\"@type\":\"ImageObject\",\"@id\":\"https:\/\/tribunadapraia.com.br\/#logo\",\"inLanguage\":\"pt-BR\",\"url\":\"https:\/\/tribunadapraia.com.br\/wp-content\/uploads\/2020\/02\/logo.png\",\"contentUrl\":\"https:\/\/tribunadapraia.com.br\/wp-content\/uploads\/2020\/02\/logo.png\",\"width\":501,\"height\":121,\"caption\":\"Tribuna da Praia\"},\"image\":{\"@id\":\"https:\/\/tribunadapraia.com.br\/#logo\"}},{\"@type\":\"WebSite\",\"@id\":\"https:\/\/tribunadapraia.com.br\/#website\",\"url\":\"https:\/\/tribunadapraia.com.br\/\",\"name\":\"TRIBUNA DA PRAIA\",\"description\":\"O 1\\u00ba jornal do interior de Sergipe na internet\",\"publisher\":{\"@id\":\"https:\/\/tribunadapraia.com.br\/#organization\"},\"potentialAction\":[{\"@type\":\"SearchAction\",\"target\":\"https:\/\/tribunadapraia.com.br\/?s={search_term_string}\",\"query-input\":\"required name=search_term_string\"}],\"inLanguage\":\"pt-BR\"},{\"@type\":\"ImageObject\",\"@id\":\"https:\/\/tribunadapraia.com.br\/?p=2726#primaryimage\",\"inLanguage\":\"pt-BR\",\"url\":\"https:\/\/tribunadapraia.com.br\/wp-content\/uploads\/2021\/06\/TBPq619P-1.png\",\"contentUrl\":\"https:\/\/tribunadapraia.com.br\/wp-content\/uploads\/2021\/06\/TBPq619P-1.png\",\"width\":680,\"height\":453},{\"@type\":\"WebPage\",\"@id\":\"https:\/\/tribunadapraia.com.br\/?p=2726#webpage\",\"url\":\"https:\/\/tribunadapraia.com.br\/?p=2726\",\"name\":\"AVISO: Suspensa aplica\\u00e7\\u00e3o da 1\\u00aa dose de Vacina contra a COVID-19 para popula\\u00e7\\u00e3o de 44 anos acima em Barra dos Coqueiros - TRIBUNA DA PRAIA\",\"isPartOf\":{\"@id\":\"https:\/\/tribunadapraia.com.br\/#website\"},\"primaryImageOfPage\":{\"@id\":\"https:\/\/tribunadapraia.com.br\/?p=2726#primaryimage\"},\"datePublished\":\"2021-06-29T11:46:41+00:00\",\"dateModified\":\"2021-06-29T11:47:25+00:00\",\"breadcrumb\":{\"@id\":\"https:\/\/tribunadapraia.com.br\/?p=2726#breadcrumb\"},\"inLanguage\":\"pt-BR\",\"potentialAction\":[{\"@type\":\"ReadAction\",\"target\":[\"https:\/\/tribunadapraia.com.br\/?p=2726\"]}]},{\"@type\":\"BreadcrumbList\",\"@id\":\"https:\/\/tribunadapraia.com.br\/?p=2726#breadcrumb\",\"itemListElement\":[{\"@type\":\"ListItem\",\"position\":1,\"item\":{\"@type\":\"WebPage\",\"@id\":\"https:\/\/tribunadapraia.com.br\/\",\"url\":\"https:\/\/tribunadapraia.com.br\/\",\"name\":\"In\\u00edcio\"}},{\"@type\":\"ListItem\",\"position\":2,\"item\":{\"@id\":\"https:\/\/tribunadapraia.com.br\/?p=2726#webpage\"}}]},{\"@type\":\"Article\",\"@id\":\"https:\/\/tribunadapraia.com.br\/?p=2726#article\",\"isPartOf\":{\"@id\":\"https:\/\/tribunadapraia.com.br\/?p=2726#webpage\"},\"author\":{\"@id\":\"https:\/\/tribunadapraia.com.br\/#\/schema\/person\/326b0a9f3163b479142c64eba4928de0\"},\"headline\":\"AVISO: Suspensa aplica\\u00e7\\u00e3o da 1\\u00aa dose de Vacina contra a COVID-19 para popula\\u00e7\\u00e3o de 44 anos acima em Barra dos Coqueiros\",\"datePublished\":\"2021-06-29T11:46:41+00:00\",\"dateModified\":\"2021-06-29T11:47:25+00:00\",\"mainEntityOfPage\":{\"@id\":\"https:\/\/tribunadapraia.com.br\/?p=2726#webpage\"},\"wordCount\":198,\"commentCount\":0,\"publisher\":{\"@id\":\"https:\/\/tribunadapraia.com.br\/#organization\"},\"image\":{\"@id\":\"https:\/\/tribunadapraia.com.br\/?p=2726#primaryimage\"},\"thumbnailUrl\":\"https:\/\/tribunadapraia.com.br\/wp-content\/uploads\/2021\/06\/TBPq619P-1.png\",\"articleSection\":[\"Not\\u00edcias\"],\"inLanguage\":\"pt-BR\",\"potentialAction\":[{\"@type\":\"CommentAction\",\"name\":\"Comment\",\"target\":[\"https:\/\/tribunadapraia.com.br\/?p=2726#respond\"]}]},{\"@type\":\"Person\",\"@id\":\"https:\/\/tribunadapraia.com.br\/#\/schema\/person\/326b0a9f3163b479142c64eba4928de0\",\"name\":\"tribunadapraia\",\"image\":{\"@type\":\"ImageObject\",\"@id\":\"https:\/\/tribunadapraia.com.br\/#personlogo\",\"inLanguage\":\"pt-BR\",\"url\":\"https:\/\/secure.gravatar.com\/avatar\/38b019c74762496076b7355024a0dad9?s=96&d=identicon&r=g\",\"contentUrl\":\"https:\/\/secure.gravatar.com\/avatar\/38b019c74762496076b7355024a0dad9?s=96&d=identicon&r=g\",\"caption\":\"tribunadapraia\"}}]}<\/script>\n<!-- \/ Yoast SEO plugin. -->","wps_subtitle":"","_links":{"self":[{"href":"https:\/\/tribunadapraia.com.br\/index.php?rest_route=\/wp\/v2\/posts\/2726"}],"collection":[{"href":"https:\/\/tribunadapraia.com.br\/index.php?rest_route=\/wp\/v2\/posts"}],"about":[{"href":"https:\/\/tribunadapraia.com.br\/index.php?rest_route=\/wp\/v2\/types\/post"}],"author":[{"embeddable":true,"href":"https:\/\/tribunadapraia.com.br\/index.php?rest_route=\/wp\/v2\/users\/1"}],"replies":[{"embeddable":true,"href":"https:\/\/tribunadapraia.com.br\/index.php?rest_route=%2Fwp%2Fv2%2Fcomments&post=2726"}],"version-history":[{"count":1,"href":"https:\/\/tribunadapraia.com.br\/index.php?rest_route=\/wp\/v2\/posts\/2726\/revisions"}],"predecessor-version":[{"id":2728,"href":"https:\/\/tribunadapraia.com.br\/index.php?rest_route=\/wp\/v2\/posts\/2726\/revisions\/2728"}],"wp:featuredmedia":[{"embeddable":true,"href":"https:\/\/tribunadapraia.com.br\/index.php?rest_route=\/wp\/v2\/media\/2727"}],"wp:attachment":[{"href":"https:\/\/tribunadapraia.com.br\/index.php?rest_route=%2Fwp%2Fv2%2Fmedia&parent=2726"}],"wp:term":[{"taxonomy":"category","embeddable":true,"href":"https:\/\/tribunadapraia.com.br\/index.php?rest_route=%2Fwp%2Fv2%2Fcategories&post=2726"},{"taxonomy":"post_tag","embeddable":true,"href":"https:\/\/tribunadapraia.com.br\/index.php?rest_route=%2Fwp%2Fv2%2Ftags&post=2726"}],"curies":[{"name":"wp","href":"https:\/\/api.w.org\/{rel}","templated":true}]}}