{"id":2716,"date":"2021-06-25T07:47:38","date_gmt":"2021-06-25T10:47:38","guid":{"rendered":"https:\/\/tribunadapraia.com.br\/?p=2716"},"modified":"2021-06-25T07:48:29","modified_gmt":"2021-06-25T10:48:29","slug":"mpe-se-instaurou-procedimento-extrajudicial-para-apurar-denuncia-de-ccumulo-ilegal-de-cargos-na-prefeitura-de-prioria","status":"publish","type":"post","link":"https:\/\/tribunadapraia.com.br\/?p=2716","title":{"rendered":"MPE\/SE instaurou procedimento extrajudicial para apurar den\u00fancia de cc\u00famulo ilegal de cargos na Prefeitura de Priori\u00e1"},"content":{"rendered":"<p>A 1\u00aa Promotoria de Justi\u00e7a de Propri\u00e1-SE instaurou um procedimento extrajudicial n\u00ba 35.21.01.0019 para apurar uma den\u00fancia de ac\u00famulo ilegal de cargos p\u00fablicos por parte da Assessora de Comunica\u00e7\u00e3o da Prefeitura Municipal de Propri\u00e1\/SE, a Sra. Josineide dos Santos, conhecida no munic\u00edpio ribeirinho por Josi Marques.<\/p>\n<p>De acordo com a den\u00fancia enviada ao Minist\u00e9rio P\u00fablico, a assessora de comunica\u00e7\u00e3o do prefeito Dr. Valberto de Oliveira Lima (MDB) est\u00e1 acumulando de forma ilegal 03 (tr\u00eas) cargos p\u00fablicos, sendo 01 (um) de Coordenadora Geral de Governo na Prefeitura de Propri\u00e1\/SE e 02 (dois) cargos de Professora (Portugu\u00eas e Reda\u00e7\u00e3o) na Secretaria de Estado da Educa\u00e7\u00e3o de Sergipe, e ainda recebendo integralmente todos os proventos dos 03 (tr\u00eas) cargos p\u00fablicos, sem que haja compatibilidade de hor\u00e1rio de trabalho nesses 03 (tr\u00eas) empregos.<\/p>\n<p>Ainda segundo a den\u00fancia, Josi Marques recebeu a t\u00edtulo de remunera\u00e7\u00e3o, somando-se os 03 (tr\u00eas) cargos p\u00fablicos na Prefeitura de Propri\u00e1 e na Secretaria de Estado da Educa\u00e7\u00e3o, a quantia de R$ 17.379,98 (dezessete mil e trezentos e setenta e nove reais, noventa centavos) no m\u00eas de janeiro deste ano, e R$ 17.506,63 (dezessete mil e quinhentos e seis reais e sessenta e tr\u00eas centavos) no m\u00eas de fevereiro do corrente ano.<\/p>\n<p>Importante lembrar que a Constitui\u00e7\u00e3o Federal de 1988, no seu art. 37, inciso XVI, pro\u00edbe a possibilidade de ac\u00famulo de cargos por servidores p\u00fablicos, excetuando-se, quando houver compatibilidade de hor\u00e1rios, e nas hip\u00f3teses de serem 02 (dois) cargos de professor; 01 (um) cargo de professor com outro t\u00e9cnico ou cient\u00edfico; ou 02 (dois) cargos ou empregos privativos de profissionais de sa\u00fade, com profiss\u00f5es regulamentadas.<\/p>\n<p>Outra situa\u00e7\u00e3o agravante na conduta da investigada, segundo a den\u00fancia, \u00e9 o fato de que a professora Josi Marques, desde que assumiu o cargo de Coordenadora Geral de Governo na Prefeitura de Propri\u00e1, n\u00e3o vem cumprindo a exig\u00eancia sobre a disponibilidade de hor\u00e1rio de trabalho para cumprimento da carga hor\u00e1ria de 40 (quarenta) horas dentro da escola, prevista pelo Programa Estadual de Ensino em Tempo Integral da Secretaria de Estado da Educa\u00e7\u00e3o, e ainda, recebendo, em seus vencimentos uma Gratifica\u00e7\u00e3o por Atividade de Tempo Integral \u2013 GATI, no percentual de 100% sobre o vencimento b\u00e1sico em cada um dos seus 02 (dois) cargos de professora do Estado.<\/p>\n<p>O Promotor Dr. Edyleno \u00cdtalo Santos Sodr\u00e9 expediu um of\u00edcio para o Prefeito de Propri\u00e1, Dr. Valberto de Oliveira Lima (MDB), e tamb\u00e9m para o Secret\u00e1rio de Estado da Educa\u00e7\u00e3o, Prof. Dr. Josu\u00e9 Modesto dos Passos Subrinho, solicitando informa\u00e7\u00f5es sobre os requisitos para ocupa\u00e7\u00e3o do cargo, carga hor\u00e1ria, controle de ponto e contracheque da servidora, solicitando ainda que seja informado ao \u00d3rg\u00e3o Ministerial quais as medidas adotadas pela Administra\u00e7\u00e3o P\u00fablica para evitar perpetua\u00e7\u00e3o do ato indevido.<\/p>\n<p>Caso seja comprovado ind\u00edcios de irregularidade na conduta da denunciada, o Minist\u00e9rio P\u00fablico poder\u00e1 ingressar com uma A\u00e7\u00e3o Civil P\u00fablica por Ato de Improbidade Administrativa em face de Josi Marques, que poder\u00e1 ser condenada a perda da fun\u00e7\u00e3o p\u00fablica, a suspens\u00e3o dos direitos pol\u00edticos, ao ressarcimento dos danos ao er\u00e1rio p\u00fablico, entre outras san\u00e7\u00f5es previstas pela Lei n\u00ba 8.429\/1992.<\/p>\n<p>Com informa\u00e7\u00f5es do NE Not\u00edcias em 24 de maio de 2021<\/p>\n","protected":false},"excerpt":{"rendered":"<p>A 1\u00aa Promotoria de Justi\u00e7a de Propri\u00e1-SE instaurou um procedimento extrajudicial n\u00ba 35.21.01.0019 para apurar uma den\u00fancia de ac\u00famulo ilegal de cargos p\u00fablicos por parte da Assessora de Comunica\u00e7\u00e3o da Prefeitura Municipal de Propri\u00e1\/SE, a Sra. Josineide dos Santos, conhecida no munic\u00edpio ribeirinho por Josi Marques. De acordo com a den\u00fancia enviada ao Minist\u00e9rio P\u00fablico, a assessora de comunica\u00e7\u00e3o do prefeito Dr. Valberto de Oliveira Lima (MDB) est\u00e1 acumulando de<\/p>\n","protected":false},"author":1,"featured_media":2717,"comment_status":"open","ping_status":"open","sticky":false,"template":"","format":"standard","meta":[],"categories":[18],"tags":[],"yoast_head":"<!-- This site is optimized with the Yoast SEO plugin v16.3 - https:\/\/yoast.com\/wordpress\/plugins\/seo\/ -->\n<title>MPE\/SE instaurou procedimento extrajudicial para apurar den\u00fancia de cc\u00famulo ilegal de cargos na Prefeitura de Priori\u00e1 - TRIBUNA DA PRAIA<\/title>\n<meta name=\"robots\" content=\"index, follow, max-snippet:-1, max-image-preview:large, max-video-preview:-1\" \/>\n<link rel=\"canonical\" href=\"https:\/\/tribunadapraia.com.br\/?p=2716\" \/>\n<meta property=\"og:locale\" content=\"pt_BR\" \/>\n<meta property=\"og:type\" content=\"article\" \/>\n<meta property=\"og:title\" content=\"MPE\/SE instaurou procedimento extrajudicial para apurar den\u00fancia de cc\u00famulo ilegal de cargos na Prefeitura de Priori\u00e1 - TRIBUNA DA PRAIA\" \/>\n<meta property=\"og:description\" content=\"A 1\u00aa Promotoria de Justi\u00e7a de Propri\u00e1-SE instaurou um procedimento extrajudicial n\u00ba 35.21.01.0019 para apurar uma den\u00fancia de ac\u00famulo ilegal de cargos p\u00fablicos por parte da Assessora de Comunica\u00e7\u00e3o da Prefeitura Municipal de Propri\u00e1\/SE, a Sra. Josineide dos Santos, conhecida no munic\u00edpio ribeirinho por Josi Marques. De acordo com a den\u00fancia enviada ao Minist\u00e9rio P\u00fablico, a assessora de comunica\u00e7\u00e3o do prefeito Dr. Valberto de Oliveira Lima (MDB) est\u00e1 acumulando de\" \/>\n<meta property=\"og:url\" content=\"https:\/\/tribunadapraia.com.br\/?p=2716\" \/>\n<meta property=\"og:site_name\" content=\"TRIBUNA DA PRAIA\" \/>\n<meta property=\"article:publisher\" content=\"https:\/\/www.facebook.com\/tribunadapraiaonline\/\" \/>\n<meta property=\"article:published_time\" content=\"2021-06-25T10:47:38+00:00\" \/>\n<meta property=\"article:modified_time\" content=\"2021-06-25T10:48:29+00:00\" \/>\n<meta property=\"og:image\" content=\"https:\/\/tribunadapraia.com.br\/wp-content\/uploads\/2021\/06\/IMG-20210625-WA0002.jpg\" \/>\n\t<meta property=\"og:image:width\" content=\"768\" \/>\n\t<meta property=\"og:image:height\" content=\"512\" \/>\n<meta name=\"twitter:card\" content=\"summary_large_image\" \/>\n<meta name=\"twitter:creator\" content=\"@Claudomir21\" \/>\n<meta name=\"twitter:site\" content=\"@Claudomir21\" \/>\n<meta name=\"twitter:label1\" content=\"Est. tempo de leitura\">\n\t<meta name=\"twitter:data1\" content=\"3 minutos\">\n<script type=\"application\/ld+json\" class=\"yoast-schema-graph\">{\"@context\":\"https:\/\/schema.org\",\"@graph\":[{\"@type\":\"Organization\",\"@id\":\"https:\/\/tribunadapraia.com.br\/#organization\",\"name\":\"Tribuna da Praia\",\"url\":\"https:\/\/tribunadapraia.com.br\/\",\"sameAs\":[\"https:\/\/www.facebook.com\/tribunadapraiaonline\/\",\"https:\/\/www.instagram.com\/claudomirtavares\/\",\"https:\/\/www.youtube.com\/channel\/UCwQf80nxiMzCefAyjbp53Rw\",\"https:\/\/twitter.com\/Claudomir21\"],\"logo\":{\"@type\":\"ImageObject\",\"@id\":\"https:\/\/tribunadapraia.com.br\/#logo\",\"inLanguage\":\"pt-BR\",\"url\":\"https:\/\/tribunadapraia.com.br\/wp-content\/uploads\/2020\/02\/logo.png\",\"contentUrl\":\"https:\/\/tribunadapraia.com.br\/wp-content\/uploads\/2020\/02\/logo.png\",\"width\":501,\"height\":121,\"caption\":\"Tribuna da Praia\"},\"image\":{\"@id\":\"https:\/\/tribunadapraia.com.br\/#logo\"}},{\"@type\":\"WebSite\",\"@id\":\"https:\/\/tribunadapraia.com.br\/#website\",\"url\":\"https:\/\/tribunadapraia.com.br\/\",\"name\":\"TRIBUNA DA PRAIA\",\"description\":\"O 1\\u00ba jornal do interior de Sergipe na internet\",\"publisher\":{\"@id\":\"https:\/\/tribunadapraia.com.br\/#organization\"},\"potentialAction\":[{\"@type\":\"SearchAction\",\"target\":\"https:\/\/tribunadapraia.com.br\/?s={search_term_string}\",\"query-input\":\"required name=search_term_string\"}],\"inLanguage\":\"pt-BR\"},{\"@type\":\"ImageObject\",\"@id\":\"https:\/\/tribunadapraia.com.br\/?p=2716#primaryimage\",\"inLanguage\":\"pt-BR\",\"url\":\"https:\/\/tribunadapraia.com.br\/wp-content\/uploads\/2021\/06\/IMG-20210625-WA0002.jpg\",\"contentUrl\":\"https:\/\/tribunadapraia.com.br\/wp-content\/uploads\/2021\/06\/IMG-20210625-WA0002.jpg\",\"width\":768,\"height\":512},{\"@type\":\"WebPage\",\"@id\":\"https:\/\/tribunadapraia.com.br\/?p=2716#webpage\",\"url\":\"https:\/\/tribunadapraia.com.br\/?p=2716\",\"name\":\"MPE\/SE instaurou procedimento extrajudicial para apurar den\\u00fancia de cc\\u00famulo ilegal de cargos na Prefeitura de Priori\\u00e1 - TRIBUNA DA PRAIA\",\"isPartOf\":{\"@id\":\"https:\/\/tribunadapraia.com.br\/#website\"},\"primaryImageOfPage\":{\"@id\":\"https:\/\/tribunadapraia.com.br\/?p=2716#primaryimage\"},\"datePublished\":\"2021-06-25T10:47:38+00:00\",\"dateModified\":\"2021-06-25T10:48:29+00:00\",\"breadcrumb\":{\"@id\":\"https:\/\/tribunadapraia.com.br\/?p=2716#breadcrumb\"},\"inLanguage\":\"pt-BR\",\"potentialAction\":[{\"@type\":\"ReadAction\",\"target\":[\"https:\/\/tribunadapraia.com.br\/?p=2716\"]}]},{\"@type\":\"BreadcrumbList\",\"@id\":\"https:\/\/tribunadapraia.com.br\/?p=2716#breadcrumb\",\"itemListElement\":[{\"@type\":\"ListItem\",\"position\":1,\"item\":{\"@type\":\"WebPage\",\"@id\":\"https:\/\/tribunadapraia.com.br\/\",\"url\":\"https:\/\/tribunadapraia.com.br\/\",\"name\":\"In\\u00edcio\"}},{\"@type\":\"ListItem\",\"position\":2,\"item\":{\"@id\":\"https:\/\/tribunadapraia.com.br\/?p=2716#webpage\"}}]},{\"@type\":\"Article\",\"@id\":\"https:\/\/tribunadapraia.com.br\/?p=2716#article\",\"isPartOf\":{\"@id\":\"https:\/\/tribunadapraia.com.br\/?p=2716#webpage\"},\"author\":{\"@id\":\"https:\/\/tribunadapraia.com.br\/#\/schema\/person\/326b0a9f3163b479142c64eba4928de0\"},\"headline\":\"MPE\/SE instaurou procedimento extrajudicial para apurar den\\u00fancia de cc\\u00famulo ilegal de cargos na Prefeitura de Priori\\u00e1\",\"datePublished\":\"2021-06-25T10:47:38+00:00\",\"dateModified\":\"2021-06-25T10:48:29+00:00\",\"mainEntityOfPage\":{\"@id\":\"https:\/\/tribunadapraia.com.br\/?p=2716#webpage\"},\"wordCount\":589,\"commentCount\":0,\"publisher\":{\"@id\":\"https:\/\/tribunadapraia.com.br\/#organization\"},\"image\":{\"@id\":\"https:\/\/tribunadapraia.com.br\/?p=2716#primaryimage\"},\"thumbnailUrl\":\"https:\/\/tribunadapraia.com.br\/wp-content\/uploads\/2021\/06\/IMG-20210625-WA0002.jpg\",\"articleSection\":[\"Not\\u00edcias\"],\"inLanguage\":\"pt-BR\",\"potentialAction\":[{\"@type\":\"CommentAction\",\"name\":\"Comment\",\"target\":[\"https:\/\/tribunadapraia.com.br\/?p=2716#respond\"]}]},{\"@type\":\"Person\",\"@id\":\"https:\/\/tribunadapraia.com.br\/#\/schema\/person\/326b0a9f3163b479142c64eba4928de0\",\"name\":\"tribunadapraia\",\"image\":{\"@type\":\"ImageObject\",\"@id\":\"https:\/\/tribunadapraia.com.br\/#personlogo\",\"inLanguage\":\"pt-BR\",\"url\":\"https:\/\/secure.gravatar.com\/avatar\/38b019c74762496076b7355024a0dad9?s=96&d=identicon&r=g\",\"contentUrl\":\"https:\/\/secure.gravatar.com\/avatar\/38b019c74762496076b7355024a0dad9?s=96&d=identicon&r=g\",\"caption\":\"tribunadapraia\"}}]}<\/script>\n<!-- \/ Yoast SEO plugin. -->","wps_subtitle":"","_links":{"self":[{"href":"https:\/\/tribunadapraia.com.br\/index.php?rest_route=\/wp\/v2\/posts\/2716"}],"collection":[{"href":"https:\/\/tribunadapraia.com.br\/index.php?rest_route=\/wp\/v2\/posts"}],"about":[{"href":"https:\/\/tribunadapraia.com.br\/index.php?rest_route=\/wp\/v2\/types\/post"}],"author":[{"embeddable":true,"href":"https:\/\/tribunadapraia.com.br\/index.php?rest_route=\/wp\/v2\/users\/1"}],"replies":[{"embeddable":true,"href":"https:\/\/tribunadapraia.com.br\/index.php?rest_route=%2Fwp%2Fv2%2Fcomments&post=2716"}],"version-history":[{"count":1,"href":"https:\/\/tribunadapraia.com.br\/index.php?rest_route=\/wp\/v2\/posts\/2716\/revisions"}],"predecessor-version":[{"id":2718,"href":"https:\/\/tribunadapraia.com.br\/index.php?rest_route=\/wp\/v2\/posts\/2716\/revisions\/2718"}],"wp:featuredmedia":[{"embeddable":true,"href":"https:\/\/tribunadapraia.com.br\/index.php?rest_route=\/wp\/v2\/media\/2717"}],"wp:attachment":[{"href":"https:\/\/tribunadapraia.com.br\/index.php?rest_route=%2Fwp%2Fv2%2Fmedia&parent=2716"}],"wp:term":[{"taxonomy":"category","embeddable":true,"href":"https:\/\/tribunadapraia.com.br\/index.php?rest_route=%2Fwp%2Fv2%2Fcategories&post=2716"},{"taxonomy":"post_tag","embeddable":true,"href":"https:\/\/tribunadapraia.com.br\/index.php?rest_route=%2Fwp%2Fv2%2Ftags&post=2716"}],"curies":[{"name":"wp","href":"https:\/\/api.w.org\/{rel}","templated":true}]}}