{"id":2710,"date":"2021-06-25T07:08:11","date_gmt":"2021-06-25T10:08:11","guid":{"rendered":"https:\/\/tribunadapraia.com.br\/?p=2710"},"modified":"2021-06-25T07:15:28","modified_gmt":"2021-06-25T10:15:28","slug":"em-propria-no-baixo-sao-francisco-servidores-municipais-filiados-ao-sindserv-estao-na-bronca-com-a-atual-gestao-sindical-classificada-por-estes-como-chapa-beanca","status":"publish","type":"post","link":"https:\/\/tribunadapraia.com.br\/?p=2710","title":{"rendered":"Em PROPRI\u00c1, no Baixo S\u00e3o Francisco, servidores municipais filiados ao SINDSERV, est\u00e3o na bronca com a atual gest\u00e3o sindical classificada por estes como chapa branca"},"content":{"rendered":"<!--[if lt IE 9]><script>document.createElement('audio');<\/script><![endif]-->\n<audio class=\"wp-audio-shortcode\" id=\"audio-2710-1\" preload=\"none\" style=\"width: 100%;\" controls=\"controls\"><source type=\"audio\/mpeg\" src=\"https:\/\/tribunadapraia.com.br\/wp-content\/uploads\/2021\/06\/CLAUDOMIR-TAVARES-21-JUN-2021.mp3?_=1\" \/><a href=\"https:\/\/tribunadapraia.com.br\/wp-content\/uploads\/2021\/06\/CLAUDOMIR-TAVARES-21-JUN-2021.mp3\">https:\/\/tribunadapraia.com.br\/wp-content\/uploads\/2021\/06\/CLAUDOMIR-TAVARES-21-JUN-2021.mp3<\/a><\/audio>\n<p>Confiram a primeira participa\u00e7\u00e3o do correspondente Claudomir Tavares no Jornal da Familia, edi\u00e7\u00e3o de segunda-feira, 21, na R\u00e1dio Jornal FM 91,3, apresentado de segunda a sexta, das 17 \u00e0s 19 horas por Boby Junior com coment\u00e1rios do Capit\u00e3o Samuel e produ\u00e7\u00e3o de Elder Santos.<\/p>\n<p>por Reda\u00e7\u00e3o<\/p>\n<audio class=\"wp-audio-shortcode\" id=\"audio-2710-2\" preload=\"none\" style=\"width: 100%;\" controls=\"controls\"><source type=\"audio\/mpeg\" src=\"https:\/\/tribunadapraia.com.br\/wp-content\/uploads\/2021\/06\/CARIMBO-CLAUDOMIR-TAVARES.mp3?_=2\" \/><a href=\"https:\/\/tribunadapraia.com.br\/wp-content\/uploads\/2021\/06\/CARIMBO-CLAUDOMIR-TAVARES.mp3\">https:\/\/tribunadapraia.com.br\/wp-content\/uploads\/2021\/06\/CARIMBO-CLAUDOMIR-TAVARES.mp3<\/a><\/audio>\n","protected":false},"excerpt":{"rendered":"<p>Confiram a primeira participa\u00e7\u00e3o do correspondente Claudomir Tavares no Jornal da Familia, edi\u00e7\u00e3o de segunda-feira, 21, na R\u00e1dio Jornal FM 91,3, apresentado de segunda a sexta, das 17 \u00e0s 19 horas por Boby Junior com coment\u00e1rios do Capit\u00e3o Samuel e produ\u00e7\u00e3o de Elder Santos. por Reda\u00e7\u00e3o<\/p>\n","protected":false},"author":1,"featured_media":2711,"comment_status":"open","ping_status":"open","sticky":false,"template":"","format":"standard","meta":[],"categories":[18],"tags":[],"yoast_head":"<!-- This site is optimized with the Yoast SEO plugin v16.3 - https:\/\/yoast.com\/wordpress\/plugins\/seo\/ -->\n<title>Em PROPRI\u00c1, no Baixo S\u00e3o Francisco, servidores municipais filiados ao SINDSERV, est\u00e3o na bronca com a atual gest\u00e3o sindical classificada por estes como chapa branca - TRIBUNA DA PRAIA<\/title>\n<meta name=\"robots\" content=\"index, follow, max-snippet:-1, max-image-preview:large, max-video-preview:-1\" \/>\n<link rel=\"canonical\" href=\"https:\/\/tribunadapraia.com.br\/?p=2710\" \/>\n<meta property=\"og:locale\" content=\"pt_BR\" \/>\n<meta property=\"og:type\" content=\"article\" \/>\n<meta property=\"og:title\" content=\"Em PROPRI\u00c1, no Baixo S\u00e3o Francisco, servidores municipais filiados ao SINDSERV, est\u00e3o na bronca com a atual gest\u00e3o sindical classificada por estes como chapa branca - TRIBUNA DA PRAIA\" \/>\n<meta property=\"og:description\" content=\"Confiram a primeira participa\u00e7\u00e3o do correspondente Claudomir Tavares no Jornal da Familia, edi\u00e7\u00e3o de segunda-feira, 21, na R\u00e1dio Jornal FM 91,3, apresentado de segunda a sexta, das 17 \u00e0s 19 horas por Boby Junior com coment\u00e1rios do Capit\u00e3o Samuel e produ\u00e7\u00e3o de Elder Santos. por Reda\u00e7\u00e3o\" \/>\n<meta property=\"og:url\" content=\"https:\/\/tribunadapraia.com.br\/?p=2710\" \/>\n<meta property=\"og:site_name\" content=\"TRIBUNA DA PRAIA\" \/>\n<meta property=\"article:publisher\" content=\"https:\/\/www.facebook.com\/tribunadapraiaonline\/\" \/>\n<meta property=\"article:published_time\" content=\"2021-06-25T10:08:11+00:00\" \/>\n<meta property=\"article:modified_time\" content=\"2021-06-25T10:15:28+00:00\" \/>\n<meta property=\"og:image\" content=\"https:\/\/tribunadapraia.com.br\/wp-content\/uploads\/2021\/06\/IMG-20210625-WA0001.jpg\" \/>\n\t<meta property=\"og:image:width\" content=\"1024\" \/>\n\t<meta property=\"og:image:height\" content=\"1024\" \/>\n<meta name=\"twitter:card\" content=\"summary_large_image\" \/>\n<meta name=\"twitter:creator\" content=\"@Claudomir21\" \/>\n<meta name=\"twitter:site\" content=\"@Claudomir21\" \/>\n<meta name=\"twitter:label1\" content=\"Est. tempo de leitura\">\n\t<meta name=\"twitter:data1\" content=\"1 minuto\">\n<script type=\"application\/ld+json\" class=\"yoast-schema-graph\">{\"@context\":\"https:\/\/schema.org\",\"@graph\":[{\"@type\":\"Organization\",\"@id\":\"https:\/\/tribunadapraia.com.br\/#organization\",\"name\":\"Tribuna da Praia\",\"url\":\"https:\/\/tribunadapraia.com.br\/\",\"sameAs\":[\"https:\/\/www.facebook.com\/tribunadapraiaonline\/\",\"https:\/\/www.instagram.com\/claudomirtavares\/\",\"https:\/\/www.youtube.com\/channel\/UCwQf80nxiMzCefAyjbp53Rw\",\"https:\/\/twitter.com\/Claudomir21\"],\"logo\":{\"@type\":\"ImageObject\",\"@id\":\"https:\/\/tribunadapraia.com.br\/#logo\",\"inLanguage\":\"pt-BR\",\"url\":\"https:\/\/tribunadapraia.com.br\/wp-content\/uploads\/2020\/02\/logo.png\",\"contentUrl\":\"https:\/\/tribunadapraia.com.br\/wp-content\/uploads\/2020\/02\/logo.png\",\"width\":501,\"height\":121,\"caption\":\"Tribuna da Praia\"},\"image\":{\"@id\":\"https:\/\/tribunadapraia.com.br\/#logo\"}},{\"@type\":\"WebSite\",\"@id\":\"https:\/\/tribunadapraia.com.br\/#website\",\"url\":\"https:\/\/tribunadapraia.com.br\/\",\"name\":\"TRIBUNA DA PRAIA\",\"description\":\"O 1\\u00ba jornal do interior de Sergipe na internet\",\"publisher\":{\"@id\":\"https:\/\/tribunadapraia.com.br\/#organization\"},\"potentialAction\":[{\"@type\":\"SearchAction\",\"target\":\"https:\/\/tribunadapraia.com.br\/?s={search_term_string}\",\"query-input\":\"required name=search_term_string\"}],\"inLanguage\":\"pt-BR\"},{\"@type\":\"ImageObject\",\"@id\":\"https:\/\/tribunadapraia.com.br\/?p=2710#primaryimage\",\"inLanguage\":\"pt-BR\",\"url\":\"https:\/\/tribunadapraia.com.br\/wp-content\/uploads\/2021\/06\/IMG-20210625-WA0001.jpg\",\"contentUrl\":\"https:\/\/tribunadapraia.com.br\/wp-content\/uploads\/2021\/06\/IMG-20210625-WA0001.jpg\",\"width\":1024,\"height\":1024},{\"@type\":\"WebPage\",\"@id\":\"https:\/\/tribunadapraia.com.br\/?p=2710#webpage\",\"url\":\"https:\/\/tribunadapraia.com.br\/?p=2710\",\"name\":\"Em PROPRI\\u00c1, no Baixo S\\u00e3o Francisco, servidores municipais filiados ao SINDSERV, est\\u00e3o na bronca com a atual gest\\u00e3o sindical classificada por estes como chapa branca - TRIBUNA DA PRAIA\",\"isPartOf\":{\"@id\":\"https:\/\/tribunadapraia.com.br\/#website\"},\"primaryImageOfPage\":{\"@id\":\"https:\/\/tribunadapraia.com.br\/?p=2710#primaryimage\"},\"datePublished\":\"2021-06-25T10:08:11+00:00\",\"dateModified\":\"2021-06-25T10:15:28+00:00\",\"breadcrumb\":{\"@id\":\"https:\/\/tribunadapraia.com.br\/?p=2710#breadcrumb\"},\"inLanguage\":\"pt-BR\",\"potentialAction\":[{\"@type\":\"ReadAction\",\"target\":[\"https:\/\/tribunadapraia.com.br\/?p=2710\"]}]},{\"@type\":\"BreadcrumbList\",\"@id\":\"https:\/\/tribunadapraia.com.br\/?p=2710#breadcrumb\",\"itemListElement\":[{\"@type\":\"ListItem\",\"position\":1,\"item\":{\"@type\":\"WebPage\",\"@id\":\"https:\/\/tribunadapraia.com.br\/\",\"url\":\"https:\/\/tribunadapraia.com.br\/\",\"name\":\"In\\u00edcio\"}},{\"@type\":\"ListItem\",\"position\":2,\"item\":{\"@id\":\"https:\/\/tribunadapraia.com.br\/?p=2710#webpage\"}}]},{\"@type\":\"Article\",\"@id\":\"https:\/\/tribunadapraia.com.br\/?p=2710#article\",\"isPartOf\":{\"@id\":\"https:\/\/tribunadapraia.com.br\/?p=2710#webpage\"},\"author\":{\"@id\":\"https:\/\/tribunadapraia.com.br\/#\/schema\/person\/326b0a9f3163b479142c64eba4928de0\"},\"headline\":\"Em PROPRI\\u00c1, no Baixo S\\u00e3o Francisco, servidores municipais filiados ao SINDSERV, est\\u00e3o na bronca com a atual gest\\u00e3o sindical classificada por estes como chapa branca\",\"datePublished\":\"2021-06-25T10:08:11+00:00\",\"dateModified\":\"2021-06-25T10:15:28+00:00\",\"mainEntityOfPage\":{\"@id\":\"https:\/\/tribunadapraia.com.br\/?p=2710#webpage\"},\"wordCount\":100,\"commentCount\":0,\"publisher\":{\"@id\":\"https:\/\/tribunadapraia.com.br\/#organization\"},\"image\":{\"@id\":\"https:\/\/tribunadapraia.com.br\/?p=2710#primaryimage\"},\"thumbnailUrl\":\"https:\/\/tribunadapraia.com.br\/wp-content\/uploads\/2021\/06\/IMG-20210625-WA0001.jpg\",\"articleSection\":[\"Not\\u00edcias\"],\"inLanguage\":\"pt-BR\",\"potentialAction\":[{\"@type\":\"CommentAction\",\"name\":\"Comment\",\"target\":[\"https:\/\/tribunadapraia.com.br\/?p=2710#respond\"]}]},{\"@type\":\"Person\",\"@id\":\"https:\/\/tribunadapraia.com.br\/#\/schema\/person\/326b0a9f3163b479142c64eba4928de0\",\"name\":\"tribunadapraia\",\"image\":{\"@type\":\"ImageObject\",\"@id\":\"https:\/\/tribunadapraia.com.br\/#personlogo\",\"inLanguage\":\"pt-BR\",\"url\":\"https:\/\/secure.gravatar.com\/avatar\/38b019c74762496076b7355024a0dad9?s=96&d=identicon&r=g\",\"contentUrl\":\"https:\/\/secure.gravatar.com\/avatar\/38b019c74762496076b7355024a0dad9?s=96&d=identicon&r=g\",\"caption\":\"tribunadapraia\"}}]}<\/script>\n<!-- \/ Yoast SEO plugin. -->","wps_subtitle":"","_links":{"self":[{"href":"https:\/\/tribunadapraia.com.br\/index.php?rest_route=\/wp\/v2\/posts\/2710"}],"collection":[{"href":"https:\/\/tribunadapraia.com.br\/index.php?rest_route=\/wp\/v2\/posts"}],"about":[{"href":"https:\/\/tribunadapraia.com.br\/index.php?rest_route=\/wp\/v2\/types\/post"}],"author":[{"embeddable":true,"href":"https:\/\/tribunadapraia.com.br\/index.php?rest_route=\/wp\/v2\/users\/1"}],"replies":[{"embeddable":true,"href":"https:\/\/tribunadapraia.com.br\/index.php?rest_route=%2Fwp%2Fv2%2Fcomments&post=2710"}],"version-history":[{"count":2,"href":"https:\/\/tribunadapraia.com.br\/index.php?rest_route=\/wp\/v2\/posts\/2710\/revisions"}],"predecessor-version":[{"id":2715,"href":"https:\/\/tribunadapraia.com.br\/index.php?rest_route=\/wp\/v2\/posts\/2710\/revisions\/2715"}],"wp:featuredmedia":[{"embeddable":true,"href":"https:\/\/tribunadapraia.com.br\/index.php?rest_route=\/wp\/v2\/media\/2711"}],"wp:attachment":[{"href":"https:\/\/tribunadapraia.com.br\/index.php?rest_route=%2Fwp%2Fv2%2Fmedia&parent=2710"}],"wp:term":[{"taxonomy":"category","embeddable":true,"href":"https:\/\/tribunadapraia.com.br\/index.php?rest_route=%2Fwp%2Fv2%2Fcategories&post=2710"},{"taxonomy":"post_tag","embeddable":true,"href":"https:\/\/tribunadapraia.com.br\/index.php?rest_route=%2Fwp%2Fv2%2Ftags&post=2710"}],"curies":[{"name":"wp","href":"https:\/\/api.w.org\/{rel}","templated":true}]}}