{"id":2696,"date":"2021-06-24T14:38:08","date_gmt":"2021-06-24T17:38:08","guid":{"rendered":"https:\/\/tribunadapraia.com.br\/?p=2696"},"modified":"2021-06-24T14:42:49","modified_gmt":"2021-06-24T17:42:49","slug":"ai-que-saudade-me-da","status":"publish","type":"post","link":"https:\/\/tribunadapraia.com.br\/?p=2696","title":{"rendered":"Ai que saudade me d\u00e1 &#8230;"},"content":{"rendered":"<!--[if lt IE 9]><script>document.createElement('audio');<\/script><![endif]-->\n<audio class=\"wp-audio-shortcode\" id=\"audio-2696-1\" preload=\"none\" style=\"width: 100%;\" controls=\"controls\"><source type=\"audio\/mpeg\" src=\"https:\/\/tribunadapraia.com.br\/wp-content\/uploads\/2021\/06\/Como-surgiu-a-festa-junina.mp3?_=1\" \/><a href=\"https:\/\/tribunadapraia.com.br\/wp-content\/uploads\/2021\/06\/Como-surgiu-a-festa-junina.mp3\">https:\/\/tribunadapraia.com.br\/wp-content\/uploads\/2021\/06\/Como-surgiu-a-festa-junina.mp3<\/a><\/audio>\n<p>Lembran\u00e7as do &#8220;meu&#8221; (nosso) S\u00e3o Jo\u00e3o<\/p>\n<p>A saudade \u00e9 grande, ela cresce dentro de n\u00f3s.<br \/>\nMas na esperan\u00e7a o acalento, a festa esta viva &#8230; sempre.<\/p>\n<p>J\u00e1 faz tanto tempo,<br \/>\nTempo &#8230; que se guardou no tempo<br \/>\nNa mente, na alma, &#8230; no cora\u00e7\u00e3o.<\/p>\n<p>Do milho do S\u00e3o Jos\u00e9, colhido em S\u00e3o Jo\u00e3o &#8230; a canjiga, o mungunz\u00e1 &#8211; danados de bom.<\/p>\n<p>O Ciclo Junino da fogueira, dos fogos, das dan\u00e7as &#8211; quadrilha, do forr\u00f3 na ilha, do casamento for\u00e7ado? Maturo sabido da gota ou da p\u00eaga.<\/p>\n<p>Os filhos de Luzia (nos permitam) saudavam Tonho, Jo\u00e3o, &#8220;Pedo&#8221;, a trilogia que ainda inclui Z\u00e9. Nem precisava ser cat\u00f3lico ,<br \/>\na festa celebra-va o universo cultural.<\/p>\n<p>Porto Grande, Canal de S\u00e3o Sebasti\u00e3o, Touro, Jatob\u00e1, Capu\u00e3, Olhos d&#8217;\u00c1gua, Atalaia, &#8230; Barra dos Coqueiros, ilhados por sonhos , de magia, de muita certeza&#8230;<\/p>\n<p>&#8230; no amanh\u00e3 que se faz hoje.<\/p>\n<p>Viva S\u00e3o Jo\u00e3o!<\/p>\n<p>Pomonga, 24\/06\/2021!<\/p>\n<p>ClaudOmir Herzog<\/p>\n","protected":false},"excerpt":{"rendered":"<p>Lembran\u00e7as do &#8220;meu&#8221; (nosso) S\u00e3o Jo\u00e3o A saudade \u00e9 grande, ela cresce dentro de n\u00f3s. Mas na esperan\u00e7a o acalento, a festa esta viva &#8230; sempre. J\u00e1 faz tanto tempo, Tempo &#8230; que se guardou no tempo Na mente, na alma, &#8230; no cora\u00e7\u00e3o. Do milho do S\u00e3o Jos\u00e9, colhido em S\u00e3o Jo\u00e3o &#8230; a canjiga, o mungunz\u00e1 &#8211; danados de bom. O Ciclo Junino da fogueira, dos fogos, das<\/p>\n","protected":false},"author":3,"featured_media":2697,"comment_status":"open","ping_status":"open","sticky":false,"template":"","format":"standard","meta":[],"categories":[18],"tags":[],"yoast_head":"<!-- This site is optimized with the Yoast SEO plugin v16.3 - https:\/\/yoast.com\/wordpress\/plugins\/seo\/ -->\n<title>Ai que saudade me d\u00e1 ... - TRIBUNA DA PRAIA<\/title>\n<meta name=\"robots\" content=\"index, follow, max-snippet:-1, max-image-preview:large, max-video-preview:-1\" \/>\n<link rel=\"canonical\" href=\"https:\/\/tribunadapraia.com.br\/?p=2696\" \/>\n<meta property=\"og:locale\" content=\"pt_BR\" \/>\n<meta property=\"og:type\" content=\"article\" \/>\n<meta property=\"og:title\" content=\"Ai que saudade me d\u00e1 ... - TRIBUNA DA PRAIA\" \/>\n<meta property=\"og:description\" content=\"Lembran\u00e7as do &#8220;meu&#8221; (nosso) S\u00e3o Jo\u00e3o A saudade \u00e9 grande, ela cresce dentro de n\u00f3s. Mas na esperan\u00e7a o acalento, a festa esta viva &#8230; sempre. J\u00e1 faz tanto tempo, Tempo &#8230; que se guardou no tempo Na mente, na alma, &#8230; no cora\u00e7\u00e3o. Do milho do S\u00e3o Jos\u00e9, colhido em S\u00e3o Jo\u00e3o &#8230; a canjiga, o mungunz\u00e1 &#8211; danados de bom. O Ciclo Junino da fogueira, dos fogos, das\" \/>\n<meta property=\"og:url\" content=\"https:\/\/tribunadapraia.com.br\/?p=2696\" \/>\n<meta property=\"og:site_name\" content=\"TRIBUNA DA PRAIA\" \/>\n<meta property=\"article:publisher\" content=\"https:\/\/www.facebook.com\/tribunadapraiaonline\/\" \/>\n<meta property=\"article:published_time\" content=\"2021-06-24T17:38:08+00:00\" \/>\n<meta property=\"article:modified_time\" content=\"2021-06-24T17:42:49+00:00\" \/>\n<meta property=\"og:image\" content=\"https:\/\/tribunadapraia.com.br\/wp-content\/uploads\/2021\/06\/IMG-20210624-WA0030.jpg\" \/>\n\t<meta property=\"og:image:width\" content=\"550\" \/>\n\t<meta property=\"og:image:height\" content=\"550\" \/>\n<meta name=\"twitter:card\" content=\"summary_large_image\" \/>\n<meta name=\"twitter:creator\" content=\"@Claudomir21\" \/>\n<meta name=\"twitter:site\" content=\"@Claudomir21\" \/>\n<meta name=\"twitter:label1\" content=\"Est. tempo de leitura\">\n\t<meta name=\"twitter:data1\" content=\"1 minuto\">\n<script type=\"application\/ld+json\" class=\"yoast-schema-graph\">{\"@context\":\"https:\/\/schema.org\",\"@graph\":[{\"@type\":\"Organization\",\"@id\":\"https:\/\/tribunadapraia.com.br\/#organization\",\"name\":\"Tribuna da Praia\",\"url\":\"https:\/\/tribunadapraia.com.br\/\",\"sameAs\":[\"https:\/\/www.facebook.com\/tribunadapraiaonline\/\",\"https:\/\/www.instagram.com\/claudomirtavares\/\",\"https:\/\/www.youtube.com\/channel\/UCwQf80nxiMzCefAyjbp53Rw\",\"https:\/\/twitter.com\/Claudomir21\"],\"logo\":{\"@type\":\"ImageObject\",\"@id\":\"https:\/\/tribunadapraia.com.br\/#logo\",\"inLanguage\":\"pt-BR\",\"url\":\"https:\/\/tribunadapraia.com.br\/wp-content\/uploads\/2020\/02\/logo.png\",\"contentUrl\":\"https:\/\/tribunadapraia.com.br\/wp-content\/uploads\/2020\/02\/logo.png\",\"width\":501,\"height\":121,\"caption\":\"Tribuna da Praia\"},\"image\":{\"@id\":\"https:\/\/tribunadapraia.com.br\/#logo\"}},{\"@type\":\"WebSite\",\"@id\":\"https:\/\/tribunadapraia.com.br\/#website\",\"url\":\"https:\/\/tribunadapraia.com.br\/\",\"name\":\"TRIBUNA DA PRAIA\",\"description\":\"O 1\\u00ba jornal do interior de Sergipe na internet\",\"publisher\":{\"@id\":\"https:\/\/tribunadapraia.com.br\/#organization\"},\"potentialAction\":[{\"@type\":\"SearchAction\",\"target\":\"https:\/\/tribunadapraia.com.br\/?s={search_term_string}\",\"query-input\":\"required name=search_term_string\"}],\"inLanguage\":\"pt-BR\"},{\"@type\":\"ImageObject\",\"@id\":\"https:\/\/tribunadapraia.com.br\/?p=2696#primaryimage\",\"inLanguage\":\"pt-BR\",\"url\":\"https:\/\/tribunadapraia.com.br\/wp-content\/uploads\/2021\/06\/IMG-20210624-WA0030.jpg\",\"contentUrl\":\"https:\/\/tribunadapraia.com.br\/wp-content\/uploads\/2021\/06\/IMG-20210624-WA0030.jpg\",\"width\":550,\"height\":550},{\"@type\":\"WebPage\",\"@id\":\"https:\/\/tribunadapraia.com.br\/?p=2696#webpage\",\"url\":\"https:\/\/tribunadapraia.com.br\/?p=2696\",\"name\":\"Ai que saudade me d\\u00e1 ... - TRIBUNA DA PRAIA\",\"isPartOf\":{\"@id\":\"https:\/\/tribunadapraia.com.br\/#website\"},\"primaryImageOfPage\":{\"@id\":\"https:\/\/tribunadapraia.com.br\/?p=2696#primaryimage\"},\"datePublished\":\"2021-06-24T17:38:08+00:00\",\"dateModified\":\"2021-06-24T17:42:49+00:00\",\"breadcrumb\":{\"@id\":\"https:\/\/tribunadapraia.com.br\/?p=2696#breadcrumb\"},\"inLanguage\":\"pt-BR\",\"potentialAction\":[{\"@type\":\"ReadAction\",\"target\":[\"https:\/\/tribunadapraia.com.br\/?p=2696\"]}]},{\"@type\":\"BreadcrumbList\",\"@id\":\"https:\/\/tribunadapraia.com.br\/?p=2696#breadcrumb\",\"itemListElement\":[{\"@type\":\"ListItem\",\"position\":1,\"item\":{\"@type\":\"WebPage\",\"@id\":\"https:\/\/tribunadapraia.com.br\/\",\"url\":\"https:\/\/tribunadapraia.com.br\/\",\"name\":\"In\\u00edcio\"}},{\"@type\":\"ListItem\",\"position\":2,\"item\":{\"@id\":\"https:\/\/tribunadapraia.com.br\/?p=2696#webpage\"}}]},{\"@type\":\"Article\",\"@id\":\"https:\/\/tribunadapraia.com.br\/?p=2696#article\",\"isPartOf\":{\"@id\":\"https:\/\/tribunadapraia.com.br\/?p=2696#webpage\"},\"author\":{\"@id\":\"https:\/\/tribunadapraia.com.br\/#\/schema\/person\/099fbbf59acc5895c0d7d52b4fc46c97\"},\"headline\":\"Ai que saudade me d\\u00e1 &#8230;\",\"datePublished\":\"2021-06-24T17:38:08+00:00\",\"dateModified\":\"2021-06-24T17:42:49+00:00\",\"mainEntityOfPage\":{\"@id\":\"https:\/\/tribunadapraia.com.br\/?p=2696#webpage\"},\"wordCount\":178,\"commentCount\":0,\"publisher\":{\"@id\":\"https:\/\/tribunadapraia.com.br\/#organization\"},\"image\":{\"@id\":\"https:\/\/tribunadapraia.com.br\/?p=2696#primaryimage\"},\"thumbnailUrl\":\"https:\/\/tribunadapraia.com.br\/wp-content\/uploads\/2021\/06\/IMG-20210624-WA0030.jpg\",\"articleSection\":[\"Not\\u00edcias\"],\"inLanguage\":\"pt-BR\",\"potentialAction\":[{\"@type\":\"CommentAction\",\"name\":\"Comment\",\"target\":[\"https:\/\/tribunadapraia.com.br\/?p=2696#respond\"]}]},{\"@type\":\"Person\",\"@id\":\"https:\/\/tribunadapraia.com.br\/#\/schema\/person\/099fbbf59acc5895c0d7d52b4fc46c97\",\"name\":\"Reda\\u00e7\\u00e3o\",\"image\":{\"@type\":\"ImageObject\",\"@id\":\"https:\/\/tribunadapraia.com.br\/#personlogo\",\"inLanguage\":\"pt-BR\",\"url\":\"https:\/\/secure.gravatar.com\/avatar\/91c8b91d2bfd7784eac5c3e055361f64?s=96&d=identicon&r=g\",\"contentUrl\":\"https:\/\/secure.gravatar.com\/avatar\/91c8b91d2bfd7784eac5c3e055361f64?s=96&d=identicon&r=g\",\"caption\":\"Reda\\u00e7\\u00e3o\"}}]}<\/script>\n<!-- \/ Yoast SEO plugin. -->","wps_subtitle":"","_links":{"self":[{"href":"https:\/\/tribunadapraia.com.br\/index.php?rest_route=\/wp\/v2\/posts\/2696"}],"collection":[{"href":"https:\/\/tribunadapraia.com.br\/index.php?rest_route=\/wp\/v2\/posts"}],"about":[{"href":"https:\/\/tribunadapraia.com.br\/index.php?rest_route=\/wp\/v2\/types\/post"}],"author":[{"embeddable":true,"href":"https:\/\/tribunadapraia.com.br\/index.php?rest_route=\/wp\/v2\/users\/3"}],"replies":[{"embeddable":true,"href":"https:\/\/tribunadapraia.com.br\/index.php?rest_route=%2Fwp%2Fv2%2Fcomments&post=2696"}],"version-history":[{"count":3,"href":"https:\/\/tribunadapraia.com.br\/index.php?rest_route=\/wp\/v2\/posts\/2696\/revisions"}],"predecessor-version":[{"id":2701,"href":"https:\/\/tribunadapraia.com.br\/index.php?rest_route=\/wp\/v2\/posts\/2696\/revisions\/2701"}],"wp:featuredmedia":[{"embeddable":true,"href":"https:\/\/tribunadapraia.com.br\/index.php?rest_route=\/wp\/v2\/media\/2697"}],"wp:attachment":[{"href":"https:\/\/tribunadapraia.com.br\/index.php?rest_route=%2Fwp%2Fv2%2Fmedia&parent=2696"}],"wp:term":[{"taxonomy":"category","embeddable":true,"href":"https:\/\/tribunadapraia.com.br\/index.php?rest_route=%2Fwp%2Fv2%2Fcategories&post=2696"},{"taxonomy":"post_tag","embeddable":true,"href":"https:\/\/tribunadapraia.com.br\/index.php?rest_route=%2Fwp%2Fv2%2Ftags&post=2696"}],"curies":[{"name":"wp","href":"https:\/\/api.w.org\/{rel}","templated":true}]}}