{"id":2692,"date":"2021-06-21T08:31:13","date_gmt":"2021-06-21T11:31:13","guid":{"rendered":"https:\/\/tribunadapraia.com.br\/?p=2692"},"modified":"2021-06-21T08:32:07","modified_gmt":"2021-06-21T11:32:07","slug":"amanha-22-prefeitura-ufs-e-ses-realizam-testagem-em-massa-contra-o-covid-19-em-barra-dos-coqueuros","status":"publish","type":"post","link":"https:\/\/tribunadapraia.com.br\/?p=2692","title":{"rendered":"Amanh\u00e3, 22: Prefeitura, UFS e SES realizam testagem em massa contra o Covid-19 em Barra dos Coqueuros"},"content":{"rendered":"<p>A Prefeitura Municipal de Barra dos Coqueiros, atrav\u00e9s da Secretaria Municipal de Sa\u00fade em parceria com a Universidade Federal de Sergipe \u2013 UFS e Secretaria Estadual de Sa\u00fade \u2013 SES, realizar\u00e1 nesta ter\u00e7a-feira, 22 de junho, na Quadra de Esporte do Col\u00e9gio Jo\u00e3o Cruz, situado na Av. Moises Gomes, das 08:00hs as 11:00hs, amplia\u00e7\u00e3o da Testagem em Massa para COVID-19, com teste de Ant\u00edgeno, com resultado em 20 minutos, pois al\u00e9m de detectar os casos positivos e orientar o isolamento social, a a\u00e7\u00e3o visa descobrir a Incid\u00eancia do v\u00edrus em nosso munic\u00edpio. Portanto, voc\u00ea que est\u00e1 apresentando sintomas gripais ou n\u00e3o compare\u00e7a para realizar seu exame, pois quanto mais r\u00e1pido descobrimos a doen\u00e7a, evitaremos a transmiss\u00e3o, bem como, o agravamento da mesma.<br \/>\n\u00c9 necess\u00e1rio apresentar RG, cart\u00e3o do SUS ou CPF.<\/p>\n<p>Precisamos continuar fazendo nossa parte: usando a m\u00e1scara, higienizando as m\u00e3os e respeitando o distanciamento social para que possamos vencer a pandemia do Coronavirus.<\/p>\n<p>Por Secom\/Barra dos Coqueuros | Foto: Arquivo<\/p>\n","protected":false},"excerpt":{"rendered":"<p>A Prefeitura Municipal de Barra dos Coqueiros, atrav\u00e9s da Secretaria Municipal de Sa\u00fade em parceria com a Universidade Federal de Sergipe \u2013 UFS e Secretaria Estadual de Sa\u00fade \u2013 SES, realizar\u00e1 nesta ter\u00e7a-feira, 22 de junho, na Quadra de Esporte do Col\u00e9gio Jo\u00e3o Cruz, situado na Av. Moises Gomes, das 08:00hs as 11:00hs, amplia\u00e7\u00e3o da Testagem em Massa para COVID-19, com teste de Ant\u00edgeno, com resultado em 20 minutos, pois<\/p>\n","protected":false},"author":1,"featured_media":2693,"comment_status":"open","ping_status":"open","sticky":false,"template":"","format":"standard","meta":[],"categories":[18],"tags":[],"yoast_head":"<!-- This site is optimized with the Yoast SEO plugin v16.3 - https:\/\/yoast.com\/wordpress\/plugins\/seo\/ -->\n<title>Amanh\u00e3, 22: Prefeitura, UFS e SES realizam testagem em massa contra o Covid-19 em Barra dos Coqueuros - TRIBUNA DA PRAIA<\/title>\n<meta name=\"robots\" content=\"index, follow, max-snippet:-1, max-image-preview:large, max-video-preview:-1\" \/>\n<link rel=\"canonical\" href=\"https:\/\/tribunadapraia.com.br\/?p=2692\" \/>\n<meta property=\"og:locale\" content=\"pt_BR\" \/>\n<meta property=\"og:type\" content=\"article\" \/>\n<meta property=\"og:title\" content=\"Amanh\u00e3, 22: Prefeitura, UFS e SES realizam testagem em massa contra o Covid-19 em Barra dos Coqueuros - TRIBUNA DA PRAIA\" \/>\n<meta property=\"og:description\" content=\"A Prefeitura Municipal de Barra dos Coqueiros, atrav\u00e9s da Secretaria Municipal de Sa\u00fade em parceria com a Universidade Federal de Sergipe \u2013 UFS e Secretaria Estadual de Sa\u00fade \u2013 SES, realizar\u00e1 nesta ter\u00e7a-feira, 22 de junho, na Quadra de Esporte do Col\u00e9gio Jo\u00e3o Cruz, situado na Av. Moises Gomes, das 08:00hs as 11:00hs, amplia\u00e7\u00e3o da Testagem em Massa para COVID-19, com teste de Ant\u00edgeno, com resultado em 20 minutos, pois\" \/>\n<meta property=\"og:url\" content=\"https:\/\/tribunadapraia.com.br\/?p=2692\" \/>\n<meta property=\"og:site_name\" content=\"TRIBUNA DA PRAIA\" \/>\n<meta property=\"article:publisher\" content=\"https:\/\/www.facebook.com\/tribunadapraiaonline\/\" \/>\n<meta property=\"article:published_time\" content=\"2021-06-21T11:31:13+00:00\" \/>\n<meta property=\"article:modified_time\" content=\"2021-06-21T11:32:07+00:00\" \/>\n<meta property=\"og:image\" content=\"https:\/\/tribunadapraia.com.br\/wp-content\/uploads\/2021\/06\/IMG-20210621-WA0011.jpg\" \/>\n\t<meta property=\"og:image:width\" content=\"580\" \/>\n\t<meta property=\"og:image:height\" content=\"386\" \/>\n<meta name=\"twitter:card\" content=\"summary_large_image\" \/>\n<meta name=\"twitter:creator\" content=\"@Claudomir21\" \/>\n<meta name=\"twitter:site\" content=\"@Claudomir21\" \/>\n<meta name=\"twitter:label1\" content=\"Est. tempo de leitura\">\n\t<meta name=\"twitter:data1\" content=\"1 minuto\">\n<script type=\"application\/ld+json\" class=\"yoast-schema-graph\">{\"@context\":\"https:\/\/schema.org\",\"@graph\":[{\"@type\":\"Organization\",\"@id\":\"https:\/\/tribunadapraia.com.br\/#organization\",\"name\":\"Tribuna da Praia\",\"url\":\"https:\/\/tribunadapraia.com.br\/\",\"sameAs\":[\"https:\/\/www.facebook.com\/tribunadapraiaonline\/\",\"https:\/\/www.instagram.com\/claudomirtavares\/\",\"https:\/\/www.youtube.com\/channel\/UCwQf80nxiMzCefAyjbp53Rw\",\"https:\/\/twitter.com\/Claudomir21\"],\"logo\":{\"@type\":\"ImageObject\",\"@id\":\"https:\/\/tribunadapraia.com.br\/#logo\",\"inLanguage\":\"pt-BR\",\"url\":\"https:\/\/tribunadapraia.com.br\/wp-content\/uploads\/2020\/02\/logo.png\",\"contentUrl\":\"https:\/\/tribunadapraia.com.br\/wp-content\/uploads\/2020\/02\/logo.png\",\"width\":501,\"height\":121,\"caption\":\"Tribuna da Praia\"},\"image\":{\"@id\":\"https:\/\/tribunadapraia.com.br\/#logo\"}},{\"@type\":\"WebSite\",\"@id\":\"https:\/\/tribunadapraia.com.br\/#website\",\"url\":\"https:\/\/tribunadapraia.com.br\/\",\"name\":\"TRIBUNA DA PRAIA\",\"description\":\"O 1\\u00ba jornal do interior de Sergipe na internet\",\"publisher\":{\"@id\":\"https:\/\/tribunadapraia.com.br\/#organization\"},\"potentialAction\":[{\"@type\":\"SearchAction\",\"target\":\"https:\/\/tribunadapraia.com.br\/?s={search_term_string}\",\"query-input\":\"required name=search_term_string\"}],\"inLanguage\":\"pt-BR\"},{\"@type\":\"ImageObject\",\"@id\":\"https:\/\/tribunadapraia.com.br\/?p=2692#primaryimage\",\"inLanguage\":\"pt-BR\",\"url\":\"https:\/\/tribunadapraia.com.br\/wp-content\/uploads\/2021\/06\/IMG-20210621-WA0011.jpg\",\"contentUrl\":\"https:\/\/tribunadapraia.com.br\/wp-content\/uploads\/2021\/06\/IMG-20210621-WA0011.jpg\",\"width\":580,\"height\":386},{\"@type\":\"WebPage\",\"@id\":\"https:\/\/tribunadapraia.com.br\/?p=2692#webpage\",\"url\":\"https:\/\/tribunadapraia.com.br\/?p=2692\",\"name\":\"Amanh\\u00e3, 22: Prefeitura, UFS e SES realizam testagem em massa contra o Covid-19 em Barra dos Coqueuros - TRIBUNA DA PRAIA\",\"isPartOf\":{\"@id\":\"https:\/\/tribunadapraia.com.br\/#website\"},\"primaryImageOfPage\":{\"@id\":\"https:\/\/tribunadapraia.com.br\/?p=2692#primaryimage\"},\"datePublished\":\"2021-06-21T11:31:13+00:00\",\"dateModified\":\"2021-06-21T11:32:07+00:00\",\"breadcrumb\":{\"@id\":\"https:\/\/tribunadapraia.com.br\/?p=2692#breadcrumb\"},\"inLanguage\":\"pt-BR\",\"potentialAction\":[{\"@type\":\"ReadAction\",\"target\":[\"https:\/\/tribunadapraia.com.br\/?p=2692\"]}]},{\"@type\":\"BreadcrumbList\",\"@id\":\"https:\/\/tribunadapraia.com.br\/?p=2692#breadcrumb\",\"itemListElement\":[{\"@type\":\"ListItem\",\"position\":1,\"item\":{\"@type\":\"WebPage\",\"@id\":\"https:\/\/tribunadapraia.com.br\/\",\"url\":\"https:\/\/tribunadapraia.com.br\/\",\"name\":\"In\\u00edcio\"}},{\"@type\":\"ListItem\",\"position\":2,\"item\":{\"@id\":\"https:\/\/tribunadapraia.com.br\/?p=2692#webpage\"}}]},{\"@type\":\"Article\",\"@id\":\"https:\/\/tribunadapraia.com.br\/?p=2692#article\",\"isPartOf\":{\"@id\":\"https:\/\/tribunadapraia.com.br\/?p=2692#webpage\"},\"author\":{\"@id\":\"https:\/\/tribunadapraia.com.br\/#\/schema\/person\/326b0a9f3163b479142c64eba4928de0\"},\"headline\":\"Amanh\\u00e3, 22: Prefeitura, UFS e SES realizam testagem em massa contra o Covid-19 em Barra dos Coqueuros\",\"datePublished\":\"2021-06-21T11:31:13+00:00\",\"dateModified\":\"2021-06-21T11:32:07+00:00\",\"mainEntityOfPage\":{\"@id\":\"https:\/\/tribunadapraia.com.br\/?p=2692#webpage\"},\"wordCount\":195,\"commentCount\":0,\"publisher\":{\"@id\":\"https:\/\/tribunadapraia.com.br\/#organization\"},\"image\":{\"@id\":\"https:\/\/tribunadapraia.com.br\/?p=2692#primaryimage\"},\"thumbnailUrl\":\"https:\/\/tribunadapraia.com.br\/wp-content\/uploads\/2021\/06\/IMG-20210621-WA0011.jpg\",\"articleSection\":[\"Not\\u00edcias\"],\"inLanguage\":\"pt-BR\",\"potentialAction\":[{\"@type\":\"CommentAction\",\"name\":\"Comment\",\"target\":[\"https:\/\/tribunadapraia.com.br\/?p=2692#respond\"]}]},{\"@type\":\"Person\",\"@id\":\"https:\/\/tribunadapraia.com.br\/#\/schema\/person\/326b0a9f3163b479142c64eba4928de0\",\"name\":\"tribunadapraia\",\"image\":{\"@type\":\"ImageObject\",\"@id\":\"https:\/\/tribunadapraia.com.br\/#personlogo\",\"inLanguage\":\"pt-BR\",\"url\":\"https:\/\/secure.gravatar.com\/avatar\/38b019c74762496076b7355024a0dad9?s=96&d=identicon&r=g\",\"contentUrl\":\"https:\/\/secure.gravatar.com\/avatar\/38b019c74762496076b7355024a0dad9?s=96&d=identicon&r=g\",\"caption\":\"tribunadapraia\"}}]}<\/script>\n<!-- \/ Yoast SEO plugin. -->","wps_subtitle":"","_links":{"self":[{"href":"https:\/\/tribunadapraia.com.br\/index.php?rest_route=\/wp\/v2\/posts\/2692"}],"collection":[{"href":"https:\/\/tribunadapraia.com.br\/index.php?rest_route=\/wp\/v2\/posts"}],"about":[{"href":"https:\/\/tribunadapraia.com.br\/index.php?rest_route=\/wp\/v2\/types\/post"}],"author":[{"embeddable":true,"href":"https:\/\/tribunadapraia.com.br\/index.php?rest_route=\/wp\/v2\/users\/1"}],"replies":[{"embeddable":true,"href":"https:\/\/tribunadapraia.com.br\/index.php?rest_route=%2Fwp%2Fv2%2Fcomments&post=2692"}],"version-history":[{"count":1,"href":"https:\/\/tribunadapraia.com.br\/index.php?rest_route=\/wp\/v2\/posts\/2692\/revisions"}],"predecessor-version":[{"id":2694,"href":"https:\/\/tribunadapraia.com.br\/index.php?rest_route=\/wp\/v2\/posts\/2692\/revisions\/2694"}],"wp:featuredmedia":[{"embeddable":true,"href":"https:\/\/tribunadapraia.com.br\/index.php?rest_route=\/wp\/v2\/media\/2693"}],"wp:attachment":[{"href":"https:\/\/tribunadapraia.com.br\/index.php?rest_route=%2Fwp%2Fv2%2Fmedia&parent=2692"}],"wp:term":[{"taxonomy":"category","embeddable":true,"href":"https:\/\/tribunadapraia.com.br\/index.php?rest_route=%2Fwp%2Fv2%2Fcategories&post=2692"},{"taxonomy":"post_tag","embeddable":true,"href":"https:\/\/tribunadapraia.com.br\/index.php?rest_route=%2Fwp%2Fv2%2Ftags&post=2692"}],"curies":[{"name":"wp","href":"https:\/\/api.w.org\/{rel}","templated":true}]}}