{"id":2689,"date":"2021-06-20T03:35:22","date_gmt":"2021-06-20T06:35:22","guid":{"rendered":"https:\/\/tribunadapraia.com.br\/?p=2689"},"modified":"2021-06-20T03:35:22","modified_gmt":"2021-06-20T06:35:22","slug":"onibus-e-lotacao-para-a-avenida-mangabeira-em-barra-dos-coqueiros","status":"publish","type":"post","link":"https:\/\/tribunadapraia.com.br\/?p=2689","title":{"rendered":"\u00d4nibus e lota\u00e7\u00e3o para a Avenida Mangabeira, em Barra dos Coqueiros"},"content":{"rendered":"<p>Localizado no Bairro Tropical, em Barra dos Coqueiros, na Grande Aracaju, a Avenida Mangabeira (extens\u00e3o de 1,6 km a partir do entroncamento com a Rodovia Barra\/Praia da Costa) n\u00e3o disp\u00f5e do servi\u00e7o de transporte p\u00fablico (\u00f4nibus coletivo e taxi lota\u00e7\u00e3o), dificultando o acesso dos moradores ao centro da cidade (distante 3,5 km) ou a capital, Aracaju.<\/p>\n<p>O deslocamento para quem n\u00e3o disp\u00f5e de ve\u00edculo pr\u00f3prio (carro ou moto), \u00e9 feito por aplicativo, taxi bandeira ou moto-taxi) pesando no or\u00e7amento dos atuais (ou futuros) 2,5 a 3 mil moradores (cerca de 600 fam\u00edlias) que j\u00e1 habitam \u00e0s unidades daquela comunidade em ascendente expans\u00e3o (dados informais).<\/p>\n<p>Esperamos que este apelo chegue a SMTT\/BC e ao DER\/Seinfra, que ouvindo a popula\u00e7\u00e3o e constatada a demanda e tem jurisdi\u00e7\u00e3o na regula\u00e7\u00e3o e defini\u00e7\u00e3o das respectivas linhas municipais e suburbanas.<\/p>\n<p>Indispens\u00e1vel dizer da import\u00e2ncia do empenho do deputado estarual Adailton Martins (PSD), barracoqueirense e funcion\u00e1rio do \u00f3rg\u00e3o estadual acima citado, do prefeito Alberto Macedo (MDB) e da C\u00e2mara de Vereadores.<\/p>\n<p>por ClaudOmir Herzog<\/p>\n","protected":false},"excerpt":{"rendered":"<p>Localizado no Bairro Tropical, em Barra dos Coqueiros, na Grande Aracaju, a Avenida Mangabeira (extens\u00e3o de 1,6 km a partir do entroncamento com a Rodovia Barra\/Praia da Costa) n\u00e3o disp\u00f5e do servi\u00e7o de transporte p\u00fablico (\u00f4nibus coletivo e taxi lota\u00e7\u00e3o), dificultando o acesso dos moradores ao centro da cidade (distante 3,5 km) ou a capital, Aracaju. O deslocamento para quem n\u00e3o disp\u00f5e de ve\u00edculo pr\u00f3prio (carro ou moto), \u00e9 feito<\/p>\n","protected":false},"author":3,"featured_media":2690,"comment_status":"open","ping_status":"open","sticky":false,"template":"","format":"standard","meta":[],"categories":[18],"tags":[],"yoast_head":"<!-- This site is optimized with the Yoast SEO plugin v16.3 - https:\/\/yoast.com\/wordpress\/plugins\/seo\/ -->\n<title>\u00d4nibus e lota\u00e7\u00e3o para a Avenida Mangabeira, em Barra dos Coqueiros - TRIBUNA DA PRAIA<\/title>\n<meta name=\"robots\" content=\"index, follow, max-snippet:-1, max-image-preview:large, max-video-preview:-1\" \/>\n<link rel=\"canonical\" href=\"https:\/\/tribunadapraia.com.br\/?p=2689\" \/>\n<meta property=\"og:locale\" content=\"pt_BR\" \/>\n<meta property=\"og:type\" content=\"article\" \/>\n<meta property=\"og:title\" content=\"\u00d4nibus e lota\u00e7\u00e3o para a Avenida Mangabeira, em Barra dos Coqueiros - TRIBUNA DA PRAIA\" \/>\n<meta property=\"og:description\" content=\"Localizado no Bairro Tropical, em Barra dos Coqueiros, na Grande Aracaju, a Avenida Mangabeira (extens\u00e3o de 1,6 km a partir do entroncamento com a Rodovia Barra\/Praia da Costa) n\u00e3o disp\u00f5e do servi\u00e7o de transporte p\u00fablico (\u00f4nibus coletivo e taxi lota\u00e7\u00e3o), dificultando o acesso dos moradores ao centro da cidade (distante 3,5 km) ou a capital, Aracaju. O deslocamento para quem n\u00e3o disp\u00f5e de ve\u00edculo pr\u00f3prio (carro ou moto), \u00e9 feito\" \/>\n<meta property=\"og:url\" content=\"https:\/\/tribunadapraia.com.br\/?p=2689\" \/>\n<meta property=\"og:site_name\" content=\"TRIBUNA DA PRAIA\" \/>\n<meta property=\"article:publisher\" content=\"https:\/\/www.facebook.com\/tribunadapraiaonline\/\" \/>\n<meta property=\"article:published_time\" content=\"2021-06-20T06:35:22+00:00\" \/>\n<meta property=\"og:image\" content=\"https:\/\/tribunadapraia.com.br\/wp-content\/uploads\/2021\/06\/IMG-20210620-WA0015.jpg\" \/>\n\t<meta property=\"og:image:width\" content=\"870\" \/>\n\t<meta property=\"og:image:height\" content=\"479\" \/>\n<meta name=\"twitter:card\" content=\"summary_large_image\" \/>\n<meta name=\"twitter:creator\" content=\"@Claudomir21\" \/>\n<meta name=\"twitter:site\" content=\"@Claudomir21\" \/>\n<meta name=\"twitter:label1\" content=\"Est. tempo de leitura\">\n\t<meta name=\"twitter:data1\" content=\"1 minuto\">\n<script type=\"application\/ld+json\" class=\"yoast-schema-graph\">{\"@context\":\"https:\/\/schema.org\",\"@graph\":[{\"@type\":\"Organization\",\"@id\":\"https:\/\/tribunadapraia.com.br\/#organization\",\"name\":\"Tribuna da Praia\",\"url\":\"https:\/\/tribunadapraia.com.br\/\",\"sameAs\":[\"https:\/\/www.facebook.com\/tribunadapraiaonline\/\",\"https:\/\/www.instagram.com\/claudomirtavares\/\",\"https:\/\/www.youtube.com\/channel\/UCwQf80nxiMzCefAyjbp53Rw\",\"https:\/\/twitter.com\/Claudomir21\"],\"logo\":{\"@type\":\"ImageObject\",\"@id\":\"https:\/\/tribunadapraia.com.br\/#logo\",\"inLanguage\":\"pt-BR\",\"url\":\"https:\/\/tribunadapraia.com.br\/wp-content\/uploads\/2020\/02\/logo.png\",\"contentUrl\":\"https:\/\/tribunadapraia.com.br\/wp-content\/uploads\/2020\/02\/logo.png\",\"width\":501,\"height\":121,\"caption\":\"Tribuna da Praia\"},\"image\":{\"@id\":\"https:\/\/tribunadapraia.com.br\/#logo\"}},{\"@type\":\"WebSite\",\"@id\":\"https:\/\/tribunadapraia.com.br\/#website\",\"url\":\"https:\/\/tribunadapraia.com.br\/\",\"name\":\"TRIBUNA DA PRAIA\",\"description\":\"O 1\\u00ba jornal do interior de Sergipe na internet\",\"publisher\":{\"@id\":\"https:\/\/tribunadapraia.com.br\/#organization\"},\"potentialAction\":[{\"@type\":\"SearchAction\",\"target\":\"https:\/\/tribunadapraia.com.br\/?s={search_term_string}\",\"query-input\":\"required name=search_term_string\"}],\"inLanguage\":\"pt-BR\"},{\"@type\":\"ImageObject\",\"@id\":\"https:\/\/tribunadapraia.com.br\/?p=2689#primaryimage\",\"inLanguage\":\"pt-BR\",\"url\":\"https:\/\/tribunadapraia.com.br\/wp-content\/uploads\/2021\/06\/IMG-20210620-WA0015.jpg\",\"contentUrl\":\"https:\/\/tribunadapraia.com.br\/wp-content\/uploads\/2021\/06\/IMG-20210620-WA0015.jpg\",\"width\":870,\"height\":479},{\"@type\":\"WebPage\",\"@id\":\"https:\/\/tribunadapraia.com.br\/?p=2689#webpage\",\"url\":\"https:\/\/tribunadapraia.com.br\/?p=2689\",\"name\":\"\\u00d4nibus e lota\\u00e7\\u00e3o para a Avenida Mangabeira, em Barra dos Coqueiros - TRIBUNA DA PRAIA\",\"isPartOf\":{\"@id\":\"https:\/\/tribunadapraia.com.br\/#website\"},\"primaryImageOfPage\":{\"@id\":\"https:\/\/tribunadapraia.com.br\/?p=2689#primaryimage\"},\"datePublished\":\"2021-06-20T06:35:22+00:00\",\"dateModified\":\"2021-06-20T06:35:22+00:00\",\"breadcrumb\":{\"@id\":\"https:\/\/tribunadapraia.com.br\/?p=2689#breadcrumb\"},\"inLanguage\":\"pt-BR\",\"potentialAction\":[{\"@type\":\"ReadAction\",\"target\":[\"https:\/\/tribunadapraia.com.br\/?p=2689\"]}]},{\"@type\":\"BreadcrumbList\",\"@id\":\"https:\/\/tribunadapraia.com.br\/?p=2689#breadcrumb\",\"itemListElement\":[{\"@type\":\"ListItem\",\"position\":1,\"item\":{\"@type\":\"WebPage\",\"@id\":\"https:\/\/tribunadapraia.com.br\/\",\"url\":\"https:\/\/tribunadapraia.com.br\/\",\"name\":\"In\\u00edcio\"}},{\"@type\":\"ListItem\",\"position\":2,\"item\":{\"@id\":\"https:\/\/tribunadapraia.com.br\/?p=2689#webpage\"}}]},{\"@type\":\"Article\",\"@id\":\"https:\/\/tribunadapraia.com.br\/?p=2689#article\",\"isPartOf\":{\"@id\":\"https:\/\/tribunadapraia.com.br\/?p=2689#webpage\"},\"author\":{\"@id\":\"https:\/\/tribunadapraia.com.br\/#\/schema\/person\/099fbbf59acc5895c0d7d52b4fc46c97\"},\"headline\":\"\\u00d4nibus e lota\\u00e7\\u00e3o para a Avenida Mangabeira, em Barra dos Coqueiros\",\"datePublished\":\"2021-06-20T06:35:22+00:00\",\"dateModified\":\"2021-06-20T06:35:22+00:00\",\"mainEntityOfPage\":{\"@id\":\"https:\/\/tribunadapraia.com.br\/?p=2689#webpage\"},\"wordCount\":199,\"commentCount\":0,\"publisher\":{\"@id\":\"https:\/\/tribunadapraia.com.br\/#organization\"},\"image\":{\"@id\":\"https:\/\/tribunadapraia.com.br\/?p=2689#primaryimage\"},\"thumbnailUrl\":\"https:\/\/tribunadapraia.com.br\/wp-content\/uploads\/2021\/06\/IMG-20210620-WA0015.jpg\",\"articleSection\":[\"Not\\u00edcias\"],\"inLanguage\":\"pt-BR\",\"potentialAction\":[{\"@type\":\"CommentAction\",\"name\":\"Comment\",\"target\":[\"https:\/\/tribunadapraia.com.br\/?p=2689#respond\"]}]},{\"@type\":\"Person\",\"@id\":\"https:\/\/tribunadapraia.com.br\/#\/schema\/person\/099fbbf59acc5895c0d7d52b4fc46c97\",\"name\":\"Reda\\u00e7\\u00e3o\",\"image\":{\"@type\":\"ImageObject\",\"@id\":\"https:\/\/tribunadapraia.com.br\/#personlogo\",\"inLanguage\":\"pt-BR\",\"url\":\"https:\/\/secure.gravatar.com\/avatar\/91c8b91d2bfd7784eac5c3e055361f64?s=96&d=identicon&r=g\",\"contentUrl\":\"https:\/\/secure.gravatar.com\/avatar\/91c8b91d2bfd7784eac5c3e055361f64?s=96&d=identicon&r=g\",\"caption\":\"Reda\\u00e7\\u00e3o\"}}]}<\/script>\n<!-- \/ Yoast SEO plugin. -->","wps_subtitle":"","_links":{"self":[{"href":"https:\/\/tribunadapraia.com.br\/index.php?rest_route=\/wp\/v2\/posts\/2689"}],"collection":[{"href":"https:\/\/tribunadapraia.com.br\/index.php?rest_route=\/wp\/v2\/posts"}],"about":[{"href":"https:\/\/tribunadapraia.com.br\/index.php?rest_route=\/wp\/v2\/types\/post"}],"author":[{"embeddable":true,"href":"https:\/\/tribunadapraia.com.br\/index.php?rest_route=\/wp\/v2\/users\/3"}],"replies":[{"embeddable":true,"href":"https:\/\/tribunadapraia.com.br\/index.php?rest_route=%2Fwp%2Fv2%2Fcomments&post=2689"}],"version-history":[{"count":1,"href":"https:\/\/tribunadapraia.com.br\/index.php?rest_route=\/wp\/v2\/posts\/2689\/revisions"}],"predecessor-version":[{"id":2691,"href":"https:\/\/tribunadapraia.com.br\/index.php?rest_route=\/wp\/v2\/posts\/2689\/revisions\/2691"}],"wp:featuredmedia":[{"embeddable":true,"href":"https:\/\/tribunadapraia.com.br\/index.php?rest_route=\/wp\/v2\/media\/2690"}],"wp:attachment":[{"href":"https:\/\/tribunadapraia.com.br\/index.php?rest_route=%2Fwp%2Fv2%2Fmedia&parent=2689"}],"wp:term":[{"taxonomy":"category","embeddable":true,"href":"https:\/\/tribunadapraia.com.br\/index.php?rest_route=%2Fwp%2Fv2%2Fcategories&post=2689"},{"taxonomy":"post_tag","embeddable":true,"href":"https:\/\/tribunadapraia.com.br\/index.php?rest_route=%2Fwp%2Fv2%2Ftags&post=2689"}],"curies":[{"name":"wp","href":"https:\/\/api.w.org\/{rel}","templated":true}]}}