{"id":2677,"date":"2021-06-20T01:06:15","date_gmt":"2021-06-20T04:06:15","guid":{"rendered":"https:\/\/tribunadapraia.com.br\/?p=2677"},"modified":"2021-06-20T01:07:54","modified_gmt":"2021-06-20T04:07:54","slug":"luto-nacional-meio-milhao-de-mortos-por-covid-o-que-bolsonaro-nao-fez-ate-esta-marca","status":"publish","type":"post","link":"https:\/\/tribunadapraia.com.br\/?p=2677","title":{"rendered":"LUTO NACIONAL: Meio milh\u00e3o de mortos por covid: o que Bolsonaro (n\u00e3o) fez at\u00e9 esta marca"},"content":{"rendered":"<p>LUTO NACIONAL: Meio milh\u00e3o de mortos por covid: o que Bolsonaro (n\u00e3o) fez at\u00e9 esta marca<\/p>\n<p>Enquanto o pa\u00eds rumava \u00e0s 500 mil v\u00edtimas, Bolsonaro mergulhava o pa\u00eds no caos<\/p>\n<p>por Murilo Pajolla<\/p>\n<p>Com a contribui\u00e7\u00e3o do governo federal, n\u00famero de mortos cresceu 10 vezes nos \u00faltimos doze meses<\/p>\n<p>Neste s\u00e1bado (19), os brasileiros se deparam com a tr\u00e1gica marca de 500 mil mortos pela Covid-19. Desde maio do ano passado, o pa\u00eds entrou na lista das tr\u00eas na\u00e7\u00f5es com mais \u00f3bitos e nunca mais saiu dessa rela\u00e7\u00e3o.<\/p>\n<p>Atualmente somos o segundo pa\u00eds em n\u00famero de casos fatais, atr\u00e1s apenas dos Estados Unidos, e o terceiro em n\u00famero de casos confirmados, com \u00cdndia e EUA \u00e0 frente, conforme o mapa global do novo coronav\u00edrus da universidade Johns Hopkins.<\/p>\n<p>\u25a0 Mortes cresceram 10 vezes em um ano<\/p>\n<p>Com medidas de preven\u00e7\u00e3o insuficientes e a vacina\u00e7\u00e3o atrasada, o ritmo das mortes mostra a acelera\u00e7\u00e3o vertiginosa do cont\u00e1gio desde o in\u00edcio da pandemia. Em junho de 2020, o Brasil atingiu a marca de 50 mil mortes. Um ano depois, as vidas perdidas multiplicaram-se por dez.<\/p>\n<p>Desde o primeiro \u00f3bito, no ano passado, foram quase cinco meses para chegarmos aos 100 mil mortos. Demorou o mesmo per\u00edodo para o registro dos 200 mil, em janeiro de 2021.<\/p>\n<p>O pr\u00f3ximo marco, de 300 mil vidas perdidas, chegou na metade do tempo: dois meses e meio. As 400 mil mortes vieram apenas 36 dias depois. Levariam mais 51 dias para chegarmos, neste s\u00e1bado (19), ao tr\u00e1gico n\u00famero de meio milh\u00e3o de perdas.<\/p>\n<p>\u25a0 Crise e colapso<\/p>\n<p>Enquanto isso, o presidente Jair Bolsonaro (sem partido) mergulhava o pa\u00eds no caos, navegando entre o negacionismo, tratamentos ineficazes, disputas pol\u00edticas com governadores, ataques \u00e0 imprensa e isolando o Brasil no cen\u00e1rio internacional.<\/p>\n<p>O mandat\u00e1rio apostou, segundo analistas, na macabra tese da &#8220;imunidade de rebanho&#8221;, ao desprezar in\u00fameras ofertas de vacinas, sabotar o isolamento social e promover o caos administrativo no Minist\u00e9rio da Sa\u00fade, na busca de um titular subserviente.<\/p>\n<p>Estrangulado pela falta de planejamento e pelo teto de gastos, o Sistema \u00danico de Sa\u00fade (SUS) deixou de promover a testagem em massa e o rastreamento da transmiss\u00e3o da doen\u00e7a &#8211; em que pese a dedica\u00e7\u00e3o extrema dos profissionais do setor. Medidas que, adotadas por outros pa\u00edses, salvaram milhares de vidas e frearam o avan\u00e7o da doen\u00e7a.<\/p>\n<p>O resultado foi o colapso do sistema de sa\u00fade, com pessoas morrendo na fila do atendimento em hospitais superlotados. O conjunto das pol\u00edticas federais empurrou de vez o pa\u00eds para uma crise sanit\u00e1ria, econ\u00f4mica, pol\u00edtica, social e ambiental.<\/p>\n<p>\u25a0 O caminho do genoc\u00eddio<\/p>\n<p>Antes dos 100 mil mortos, alcan\u00e7ados em 8 de agosto de 2020, Bolsonaro minimizou a doen\u00e7a, chamando-a de &#8220;gripezinha&#8221;, e iniciou a contenda com governadores que se arrasta at\u00e9 hoje. Sem embasamento cient\u00edfico, come\u00e7ou a campanha de defesa \u00e0 hidroxicloroquina.<\/p>\n<p>Ainda em mar\u00e7o, no in\u00edcio da pandemia, recebeu e ignorou o primeiro dos in\u00fameros e-mail da Pfizer com oferta de vacinas.<\/p>\n<p>Infectado pela Covid-19, Bolsonaro exibiu uma caixa de cloroquina para uma ema no Pal\u00e1cio do Planalto \/ Sergio LIMA\u00a9 \/ AFP<\/p>\n<p>O Brasil assistiu \u00e0 queda de dois ministros da sa\u00fade e ao in\u00edcio da gest\u00e3o do general Eduardo Pazuello, \u00fanico que aceitou acelerar a produ\u00e7\u00e3o nacional e distribui\u00e7\u00e3o de cloroquina.<\/p>\n<p>Questionado sobre o crescente n\u00famero de mortes, o presidente disse que n\u00e3o era &#8220;coveiro&#8221; e indagou: &#8220;e da\u00ed?&#8221;.<\/p>\n<p>No caminho para as 200 mil mortes, atingidas em 7 de janeiro, o presidente desdenhou do luto coletivo dos brasileiros e disse que dever\u00edamos &#8220;deixar de ser um pa\u00eds de maricas&#8221;. Comemorou a suspens\u00e3o dos estudos da vacina pelo Butantan, celebrando a morte de um volunt\u00e1rio: &#8220;mais uma que Bolsonaro ganha&#8221;.<\/p>\n<p>No dia em que foram registrados 4 milh\u00f5es de infectados, declarou que sua estrat\u00e9gia de combate \u00e0 pandemia &#8220;acabou dando certo&#8221;.<\/p>\n<p>Em 2 dezembro, quando foram contabilizadas mais de 174 mil mortes, o governo federal recebia &#8211; e ignorava &#8211; o \u00faltimo e-mail com ofertas de vacinas da Pfizer.<\/p>\n<p>Rumo \u00e0s 300 mil vidas perdidas, patamar alcan\u00e7ado em 24 de mar\u00e7o, a popula\u00e7\u00e3o de Manaus voltou a agonizar, desta vez por falta de oxig\u00eanio. Bolsonaro, que sabia da escassez do insumo oito dias antes do colapso, perguntou at\u00e9 quando as pessoas &#8220;v\u00e3o ficar chorando&#8221; e disse que era preciso parar com &#8220;frescura&#8221; e &#8220;mimimi&#8221;.<\/p>\n<p>Teve in\u00edcio um inconsistente processo de vacina\u00e7\u00e3o, marcado at\u00e9 hoje por falhas no planejamento e por promessas que n\u00e3o se concretizam.<\/p>\n<p>At\u00e9 400 mil v\u00edtimas, marco registrado em 29 de abril, o presidente voltou a dar declara\u00e7\u00f5es defendendo a cloroquina e criticando o isolamento social. Temendo o resultado das urnas em 2022 e emparedado pela Comiss\u00e3o Parlamentar de Inqu\u00e9rito (CPI) da pandemia e pela crescente insatisfa\u00e7\u00e3o popular, continuou fingindo preocupa\u00e7\u00e3o em vacinar a popula\u00e7\u00e3o.<\/p>\n<p>Trabalhadores da sa\u00fade foram levados a exaust\u00e3o, junto com o sistema hospitalar \/ Joao Paulo Guimar\u00e3es\u00a9 \/ AFP<\/p>\n<p>Perto das 500 mil, alcan\u00e7adas neste s\u00e1bado (19), Jair Bolsonaro defendeu o fim do uso de m\u00e1scaras para vacinados e quem j\u00e1 teve a infec\u00e7\u00e3o. O Brasil atingiu o menor \u00edndice de isolamento social desde o in\u00edcio da pandemia. &#8220;Idiotas&#8221; foi o termo utilizado pelo presidente para xingar aqueles que ficavam em casa como forma de ser proteger do cont\u00e1gio.<\/p>\n<p>Cidades brasileiras tiveram que interromper a vacina\u00e7\u00e3o com a Coronavac, ap\u00f3s o Instituto Butantan paralisar o envase do imunizante por falta de insumos, em meio a uma crise diplom\u00e1tica com a China provocada por insinua\u00e7\u00f5es presidenciais de que o pa\u00eds asi\u00e1tico teria provocado propositalmente a pandemia.<\/p>\n<p>\u25a0 Se nada mudar, 1 milh\u00e3o de mortes<\/p>\n<p>O percentual de brasileiros imunizados pelas duas doses da vacina avan\u00e7a a passos lentos. At\u00e9 agora, chega a pouco mais de 10% da popula\u00e7\u00e3o, segundo dados do Minist\u00e9rio da Sa\u00fade.<\/p>\n<p>Conforme alerta um estudo do cientista social russo Alexei Kouprianov, o cen\u00e1rio &#8211; somado ao baixo \u00edndice de isolamento social e \u00e0 introdu\u00e7\u00e3o de novas variantes &#8211; pode levar o Brasil a dobrar o n\u00famero de mortos at\u00e9 outubro de 2021, elevando o patamar para insuport\u00e1veis 1 milh\u00e3o de mortes.<\/p>\n<p>\u25a0 Ataques \u00e0 ci\u00eancia e \u00e0 educa\u00e7\u00e3o<\/p>\n<p>A falta de respostas concretas do Minist\u00e9rio da Educa\u00e7\u00e3o (MEC) fez com que os alunos fossem atingidos duramente pela pandemia, sofrendo para manter o calend\u00e1rio de estudos.<\/p>\n<p>&#8220;A aus\u00eancia de aulas presenciais gerou um grande desafio para quem enfrenta o ensino hibrido sem internet e sem suporte tecnol\u00f3gico&#8221;, aponta a vice-presidenta da Uni\u00e3o Nacional dos Estudantes (UNE), \u00c9lida Elena.<\/p>\n<p>Na contram\u00e3o do mundo, o Brasil teve redu\u00e7\u00e3o no investimento em pesquisas cient\u00edficas, inclusive aquelas que poderiam contribuir para a supera\u00e7\u00e3o da pandemia.<\/p>\n<p>&#8220;O governo ataca a ci\u00eancia e as universidade p\u00fablicas, que t\u00eam cumprido um papel muito importante no combate \u00e0 doen\u00e7a, com mais de duas mil pesquisas sobre o tema&#8221;, denuncia a representante da UNE.<\/p>\n<p>fonte: Brasil de Fato<\/p>\n","protected":false},"excerpt":{"rendered":"<p>LUTO NACIONAL: Meio milh\u00e3o de mortos por covid: o que Bolsonaro (n\u00e3o) fez at\u00e9 esta marca Enquanto o pa\u00eds rumava \u00e0s 500 mil v\u00edtimas, Bolsonaro mergulhava o pa\u00eds no caos por Murilo Pajolla Com a contribui\u00e7\u00e3o do governo federal, n\u00famero de mortos cresceu 10 vezes nos \u00faltimos doze meses Neste s\u00e1bado (19), os brasileiros se deparam com a tr\u00e1gica marca de 500 mil mortos pela Covid-19. Desde maio do ano<\/p>\n","protected":false},"author":1,"featured_media":2678,"comment_status":"open","ping_status":"open","sticky":false,"template":"","format":"standard","meta":[],"categories":[18],"tags":[],"yoast_head":"<!-- This site is optimized with the Yoast SEO plugin v16.3 - https:\/\/yoast.com\/wordpress\/plugins\/seo\/ -->\n<title>LUTO NACIONAL: Meio milh\u00e3o de mortos por covid: o que Bolsonaro (n\u00e3o) fez at\u00e9 esta marca - TRIBUNA DA PRAIA<\/title>\n<meta name=\"robots\" content=\"index, follow, max-snippet:-1, max-image-preview:large, max-video-preview:-1\" \/>\n<link rel=\"canonical\" href=\"https:\/\/tribunadapraia.com.br\/?p=2677\" \/>\n<meta property=\"og:locale\" content=\"pt_BR\" \/>\n<meta property=\"og:type\" content=\"article\" \/>\n<meta property=\"og:title\" content=\"LUTO NACIONAL: Meio milh\u00e3o de mortos por covid: o que Bolsonaro (n\u00e3o) fez at\u00e9 esta marca - TRIBUNA DA PRAIA\" \/>\n<meta property=\"og:description\" content=\"LUTO NACIONAL: Meio milh\u00e3o de mortos por covid: o que Bolsonaro (n\u00e3o) fez at\u00e9 esta marca Enquanto o pa\u00eds rumava \u00e0s 500 mil v\u00edtimas, Bolsonaro mergulhava o pa\u00eds no caos por Murilo Pajolla Com a contribui\u00e7\u00e3o do governo federal, n\u00famero de mortos cresceu 10 vezes nos \u00faltimos doze meses Neste s\u00e1bado (19), os brasileiros se deparam com a tr\u00e1gica marca de 500 mil mortos pela Covid-19. Desde maio do ano\" \/>\n<meta property=\"og:url\" content=\"https:\/\/tribunadapraia.com.br\/?p=2677\" \/>\n<meta property=\"og:site_name\" content=\"TRIBUNA DA PRAIA\" \/>\n<meta property=\"article:publisher\" content=\"https:\/\/www.facebook.com\/tribunadapraiaonline\/\" \/>\n<meta property=\"article:published_time\" content=\"2021-06-20T04:06:15+00:00\" \/>\n<meta property=\"article:modified_time\" content=\"2021-06-20T04:07:54+00:00\" \/>\n<meta property=\"og:image\" content=\"https:\/\/tribunadapraia.com.br\/wp-content\/uploads\/2021\/06\/image_processing20210619-25765-sjsvqj.jpeg\" \/>\n\t<meta property=\"og:image:width\" content=\"800\" \/>\n\t<meta property=\"og:image:height\" content=\"533\" \/>\n<meta name=\"twitter:card\" content=\"summary_large_image\" \/>\n<meta name=\"twitter:creator\" content=\"@Claudomir21\" \/>\n<meta name=\"twitter:site\" content=\"@Claudomir21\" \/>\n<meta name=\"twitter:label1\" content=\"Est. tempo de leitura\">\n\t<meta name=\"twitter:data1\" content=\"5 minutos\">\n<script type=\"application\/ld+json\" class=\"yoast-schema-graph\">{\"@context\":\"https:\/\/schema.org\",\"@graph\":[{\"@type\":\"Organization\",\"@id\":\"https:\/\/tribunadapraia.com.br\/#organization\",\"name\":\"Tribuna da Praia\",\"url\":\"https:\/\/tribunadapraia.com.br\/\",\"sameAs\":[\"https:\/\/www.facebook.com\/tribunadapraiaonline\/\",\"https:\/\/www.instagram.com\/claudomirtavares\/\",\"https:\/\/www.youtube.com\/channel\/UCwQf80nxiMzCefAyjbp53Rw\",\"https:\/\/twitter.com\/Claudomir21\"],\"logo\":{\"@type\":\"ImageObject\",\"@id\":\"https:\/\/tribunadapraia.com.br\/#logo\",\"inLanguage\":\"pt-BR\",\"url\":\"https:\/\/tribunadapraia.com.br\/wp-content\/uploads\/2020\/02\/logo.png\",\"contentUrl\":\"https:\/\/tribunadapraia.com.br\/wp-content\/uploads\/2020\/02\/logo.png\",\"width\":501,\"height\":121,\"caption\":\"Tribuna da Praia\"},\"image\":{\"@id\":\"https:\/\/tribunadapraia.com.br\/#logo\"}},{\"@type\":\"WebSite\",\"@id\":\"https:\/\/tribunadapraia.com.br\/#website\",\"url\":\"https:\/\/tribunadapraia.com.br\/\",\"name\":\"TRIBUNA DA PRAIA\",\"description\":\"O 1\\u00ba jornal do interior de Sergipe na internet\",\"publisher\":{\"@id\":\"https:\/\/tribunadapraia.com.br\/#organization\"},\"potentialAction\":[{\"@type\":\"SearchAction\",\"target\":\"https:\/\/tribunadapraia.com.br\/?s={search_term_string}\",\"query-input\":\"required name=search_term_string\"}],\"inLanguage\":\"pt-BR\"},{\"@type\":\"ImageObject\",\"@id\":\"https:\/\/tribunadapraia.com.br\/?p=2677#primaryimage\",\"inLanguage\":\"pt-BR\",\"url\":\"https:\/\/tribunadapraia.com.br\/wp-content\/uploads\/2021\/06\/image_processing20210619-25765-sjsvqj.jpeg\",\"contentUrl\":\"https:\/\/tribunadapraia.com.br\/wp-content\/uploads\/2021\/06\/image_processing20210619-25765-sjsvqj.jpeg\",\"width\":800,\"height\":533,\"caption\":\"Brazil's Presdident Jair Bolsonaro delivers a press conference at Palacio da Alvorada da presidencial residence, in Brasilia, on April 16, 2020. - Brazil's Health Minister Luiz Henrique Mandetta said Thursday he'd been sacked by President Jair Bolsonaro, after weeks of clashes between the two over the country's response to the coronavirus pandemic. (Photo by Sergio LIMA \/ AFP)\"},{\"@type\":\"WebPage\",\"@id\":\"https:\/\/tribunadapraia.com.br\/?p=2677#webpage\",\"url\":\"https:\/\/tribunadapraia.com.br\/?p=2677\",\"name\":\"LUTO NACIONAL: Meio milh\\u00e3o de mortos por covid: o que Bolsonaro (n\\u00e3o) fez at\\u00e9 esta marca - TRIBUNA DA PRAIA\",\"isPartOf\":{\"@id\":\"https:\/\/tribunadapraia.com.br\/#website\"},\"primaryImageOfPage\":{\"@id\":\"https:\/\/tribunadapraia.com.br\/?p=2677#primaryimage\"},\"datePublished\":\"2021-06-20T04:06:15+00:00\",\"dateModified\":\"2021-06-20T04:07:54+00:00\",\"breadcrumb\":{\"@id\":\"https:\/\/tribunadapraia.com.br\/?p=2677#breadcrumb\"},\"inLanguage\":\"pt-BR\",\"potentialAction\":[{\"@type\":\"ReadAction\",\"target\":[\"https:\/\/tribunadapraia.com.br\/?p=2677\"]}]},{\"@type\":\"BreadcrumbList\",\"@id\":\"https:\/\/tribunadapraia.com.br\/?p=2677#breadcrumb\",\"itemListElement\":[{\"@type\":\"ListItem\",\"position\":1,\"item\":{\"@type\":\"WebPage\",\"@id\":\"https:\/\/tribunadapraia.com.br\/\",\"url\":\"https:\/\/tribunadapraia.com.br\/\",\"name\":\"In\\u00edcio\"}},{\"@type\":\"ListItem\",\"position\":2,\"item\":{\"@id\":\"https:\/\/tribunadapraia.com.br\/?p=2677#webpage\"}}]},{\"@type\":\"Article\",\"@id\":\"https:\/\/tribunadapraia.com.br\/?p=2677#article\",\"isPartOf\":{\"@id\":\"https:\/\/tribunadapraia.com.br\/?p=2677#webpage\"},\"author\":{\"@id\":\"https:\/\/tribunadapraia.com.br\/#\/schema\/person\/326b0a9f3163b479142c64eba4928de0\"},\"headline\":\"LUTO NACIONAL: Meio milh\\u00e3o de mortos por covid: o que Bolsonaro (n\\u00e3o) fez at\\u00e9 esta marca\",\"datePublished\":\"2021-06-20T04:06:15+00:00\",\"dateModified\":\"2021-06-20T04:07:54+00:00\",\"mainEntityOfPage\":{\"@id\":\"https:\/\/tribunadapraia.com.br\/?p=2677#webpage\"},\"wordCount\":1221,\"commentCount\":1,\"publisher\":{\"@id\":\"https:\/\/tribunadapraia.com.br\/#organization\"},\"image\":{\"@id\":\"https:\/\/tribunadapraia.com.br\/?p=2677#primaryimage\"},\"thumbnailUrl\":\"https:\/\/tribunadapraia.com.br\/wp-content\/uploads\/2021\/06\/image_processing20210619-25765-sjsvqj.jpeg\",\"articleSection\":[\"Not\\u00edcias\"],\"inLanguage\":\"pt-BR\",\"potentialAction\":[{\"@type\":\"CommentAction\",\"name\":\"Comment\",\"target\":[\"https:\/\/tribunadapraia.com.br\/?p=2677#respond\"]}]},{\"@type\":\"Person\",\"@id\":\"https:\/\/tribunadapraia.com.br\/#\/schema\/person\/326b0a9f3163b479142c64eba4928de0\",\"name\":\"tribunadapraia\",\"image\":{\"@type\":\"ImageObject\",\"@id\":\"https:\/\/tribunadapraia.com.br\/#personlogo\",\"inLanguage\":\"pt-BR\",\"url\":\"https:\/\/secure.gravatar.com\/avatar\/38b019c74762496076b7355024a0dad9?s=96&d=identicon&r=g\",\"contentUrl\":\"https:\/\/secure.gravatar.com\/avatar\/38b019c74762496076b7355024a0dad9?s=96&d=identicon&r=g\",\"caption\":\"tribunadapraia\"}}]}<\/script>\n<!-- \/ Yoast SEO plugin. -->","wps_subtitle":"","_links":{"self":[{"href":"https:\/\/tribunadapraia.com.br\/index.php?rest_route=\/wp\/v2\/posts\/2677"}],"collection":[{"href":"https:\/\/tribunadapraia.com.br\/index.php?rest_route=\/wp\/v2\/posts"}],"about":[{"href":"https:\/\/tribunadapraia.com.br\/index.php?rest_route=\/wp\/v2\/types\/post"}],"author":[{"embeddable":true,"href":"https:\/\/tribunadapraia.com.br\/index.php?rest_route=\/wp\/v2\/users\/1"}],"replies":[{"embeddable":true,"href":"https:\/\/tribunadapraia.com.br\/index.php?rest_route=%2Fwp%2Fv2%2Fcomments&post=2677"}],"version-history":[{"count":1,"href":"https:\/\/tribunadapraia.com.br\/index.php?rest_route=\/wp\/v2\/posts\/2677\/revisions"}],"predecessor-version":[{"id":2679,"href":"https:\/\/tribunadapraia.com.br\/index.php?rest_route=\/wp\/v2\/posts\/2677\/revisions\/2679"}],"wp:featuredmedia":[{"embeddable":true,"href":"https:\/\/tribunadapraia.com.br\/index.php?rest_route=\/wp\/v2\/media\/2678"}],"wp:attachment":[{"href":"https:\/\/tribunadapraia.com.br\/index.php?rest_route=%2Fwp%2Fv2%2Fmedia&parent=2677"}],"wp:term":[{"taxonomy":"category","embeddable":true,"href":"https:\/\/tribunadapraia.com.br\/index.php?rest_route=%2Fwp%2Fv2%2Fcategories&post=2677"},{"taxonomy":"post_tag","embeddable":true,"href":"https:\/\/tribunadapraia.com.br\/index.php?rest_route=%2Fwp%2Fv2%2Ftags&post=2677"}],"curies":[{"name":"wp","href":"https:\/\/api.w.org\/{rel}","templated":true}]}}