{"id":2673,"date":"2021-06-20T00:40:29","date_gmt":"2021-06-20T03:40:29","guid":{"rendered":"https:\/\/tribunadapraia.com.br\/?p=2673"},"modified":"2021-06-20T00:41:20","modified_gmt":"2021-06-20T03:41:20","slug":"mais-de-6-mil-manifestantes-ocupam-ruas-de-aracaju-pelo-fora-bolsonaro","status":"publish","type":"post","link":"https:\/\/tribunadapraia.com.br\/?p=2673","title":{"rendered":"Mais de 6 mil manifestantes ocupam ruas de Aracaju pelo Fora Bolsonaro"},"content":{"rendered":"<p>Brasileiros em 400 cidades se levantam em protestos pelo Fora Bolsonaro<\/p>\n<p>por Iracema Corso<\/p>\n<p>\u201cVacina no Bra\u00e7o, comida no prato, fora Bolsonaro, fora Bolsonaro!\u201d, cantaram v\u00e1rias vozes reunidas em marcha neste s\u00e1bado no protesto internacional #19JForaBolsonaro , realizado em mais de 400 cidades brasileiras e fora do Brasil tamb\u00e9m. Em Aracaju, a manifesta\u00e7\u00e3o que levou mais de 6 mil manifestantes para as ruas partiu em marcha da P\u00e7a da Bandeira e percorreu as ruas do Centro at\u00e9 a P\u00e7a dos Mercados Municipais.<\/p>\n<p><img loading=\"lazy\" class=\"alignnone size-medium wp-image-2675\" src=\"https:\/\/tribunadapraia.com.br\/wp-content\/uploads\/2021\/06\/IMG-20210620-WA0011-300x226.jpg\" alt=\"\" width=\"300\" height=\"226\" srcset=\"https:\/\/tribunadapraia.com.br\/wp-content\/uploads\/2021\/06\/IMG-20210620-WA0011-300x226.jpg 300w, https:\/\/tribunadapraia.com.br\/wp-content\/uploads\/2021\/06\/IMG-20210620-WA0011.jpg 500w\" sizes=\"(max-width: 300px) 100vw, 300px\" \/><\/p>\n<p>Em defesa da vacina para todos, do aux\u00edlio emergencial no valor de R$ 600, contra a reforma administrativa e contra as privatiza\u00e7\u00f5es, Sergipe construiu uma enorme manifesta\u00e7\u00e3o. Al\u00e9m de Aracaju, aconteceram atos pelo Fora Bolsonaro em Capela e Itabaiana. O movimento sindical e social que tomou avenidas viajou de todos os munic\u00edpios sergipanos para ocupar as ruas da capital aracajuana neste protesto.<\/p>\n<p>A vice-presidenta da CUT Sergipe, Ivonia Ferreira, viajou de Est\u00e2ncia para participar do ato e durante o protesto encontrou companheiros de v\u00e1rios munic\u00edpios sergipanos. \u201c\u00c9 bonito ver a juventude que veio para o ato. Fa\u00e7o um apelo para que esta juventude n\u00e3o perca a esperan\u00e7a de lutar. Vamos juntos pra rua pelo fora Bolsonaro e em breve a vitoria chegar\u00e1. A companheirada entendeu que o momento \u00e9 de ocuparmos as ruas com seguran\u00e7a, com distanciamento, de m\u00e1scara. Na rua, na luta, na guerra, contra o genocida deste Pa\u00eds, vamos companheiros, balancem as bandeiras, e vamos nesta luta pelo Fora Bolsonaro!\u201d, agitou Ivonia Ferreira.<\/p>\n<p>Dirigente do Sindiserve Gl\u00f3ria e Presidenta da Federa\u00e7\u00e3o dos Trabalhadores do Servi\u00e7o P\u00fablico Municipal (FETAM), Itanamara Guedes afirmou que \u00e9 hora de lutar e de resistir em defesa da vida. \u201cSim \u00e0 vacina, sim ao aux\u00edlio emergencial de R$600, sim queremos sa\u00fade de qualidade, sim queremos comida no prato. \u00c9 por isso que estamos nas ruas. N\u00f3s n\u00e3o aguentamos mais o caos que vive o Pa\u00eds. N\u00f3s n\u00e3o aguentamos mais o desgoverno de Bolsonaro. N\u00e3o aguentamos mais que nossos jovens negros da periferia sejam assassinados com \u2018bala perdida\u2019. N\u00e3o \u00e9 bala perdida \u00e9 bala achada. Estamos nas ruas porque n\u00f3s queremos viver. Bolsonaro, pare de matar o povo brasileiro. S\u00e3o mais de 500 mil vidas que s\u00e3o perdidas\u201d.<\/p>\n<p>A presidenta da FETAM falou sobre a dor de tantas fam\u00edlias brasileiras que perderam seus entes, filhos, m\u00e3es, pais, amigos para a Covid. \u201cEssas pessoas poderiam estar vivas e n\u00e3o est\u00e3o porque Bolsonaro decidiu matar o povo. Ele tem medo do povo na rua. Este mesmo governo esqueceu de voc\u00eas, taxistas, que s\u00e3o transporte, servi\u00e7o essencial, e n\u00e3o est\u00e3o no plano de prioriza\u00e7\u00e3o da vacina. Este governo agiu descaradamente para matar n\u00f3s, mulheres, para matar o pobre. Mas contra Bolsonaro se levanta o pobre, se levanta a juventude, se levanta o trabalhador do campo e da cidade. O Brasil \u00e9 nosso e quem vai cair fora \u00e9 Bolsonaro, por isso Fora Bolsonaro!\u201d, afirmou Itanamara.<\/p>\n<p>\u25a0 Fora Bolsonaro para Salvar o Brasil<\/p>\n<p>Com quase meio milh\u00e3o de brasileiros mortos por Covid e a destrui\u00e7\u00e3o do Pa\u00eds em curso, inclusive com a Privatiza\u00e7\u00e3o da Eletrobr\u00e1s aprovada no Congresso Nacional, o presidente da Central \u00danica dos Trabalhadores (CUT\/Sergipe), Roberto Silva afirmou que a luta pelo Fora Bolsonaro \u00e9 urgente e s\u00f3 por isso as avenidas est\u00e3o repletas de manifestantes em plena pandemia.<\/p>\n<p>\u201cFora Bolsonaro, o governo da morte que est\u00e1 matando o povo brasileiro. Est\u00e1 matando de Covid porque n\u00e3o comprou vacina. Est\u00e1 matando de fome, porque o povo n\u00e3o tem emprego. Fora Bolsonaro para salvar o Brasil. Em defesa do Brasil, \u00e9 fora Bolsonaro!\u201d, declarou Roberto Silva, presidente da CUT Sergioe.<\/p>\n<p>fonte: CUT Sergipe<\/p>\n","protected":false},"excerpt":{"rendered":"<p>Brasileiros em 400 cidades se levantam em protestos pelo Fora Bolsonaro por Iracema Corso \u201cVacina no Bra\u00e7o, comida no prato, fora Bolsonaro, fora Bolsonaro!\u201d, cantaram v\u00e1rias vozes reunidas em marcha neste s\u00e1bado no protesto internacional #19JForaBolsonaro , realizado em mais de 400 cidades brasileiras e fora do Brasil tamb\u00e9m. Em Aracaju, a manifesta\u00e7\u00e3o que levou mais de 6 mil manifestantes para as ruas partiu em marcha da P\u00e7a da Bandeira<\/p>\n","protected":false},"author":1,"featured_media":2674,"comment_status":"open","ping_status":"open","sticky":false,"template":"","format":"standard","meta":[],"categories":[18],"tags":[],"yoast_head":"<!-- This site is optimized with the Yoast SEO plugin v16.3 - https:\/\/yoast.com\/wordpress\/plugins\/seo\/ -->\n<title>Mais de 6 mil manifestantes ocupam ruas de Aracaju pelo Fora Bolsonaro - TRIBUNA DA PRAIA<\/title>\n<meta name=\"robots\" content=\"index, follow, max-snippet:-1, max-image-preview:large, max-video-preview:-1\" \/>\n<link rel=\"canonical\" href=\"https:\/\/tribunadapraia.com.br\/?p=2673\" \/>\n<meta property=\"og:locale\" content=\"pt_BR\" \/>\n<meta property=\"og:type\" content=\"article\" \/>\n<meta property=\"og:title\" content=\"Mais de 6 mil manifestantes ocupam ruas de Aracaju pelo Fora Bolsonaro - TRIBUNA DA PRAIA\" \/>\n<meta property=\"og:description\" content=\"Brasileiros em 400 cidades se levantam em protestos pelo Fora Bolsonaro por Iracema Corso \u201cVacina no Bra\u00e7o, comida no prato, fora Bolsonaro, fora Bolsonaro!\u201d, cantaram v\u00e1rias vozes reunidas em marcha neste s\u00e1bado no protesto internacional #19JForaBolsonaro , realizado em mais de 400 cidades brasileiras e fora do Brasil tamb\u00e9m. Em Aracaju, a manifesta\u00e7\u00e3o que levou mais de 6 mil manifestantes para as ruas partiu em marcha da P\u00e7a da Bandeira\" \/>\n<meta property=\"og:url\" content=\"https:\/\/tribunadapraia.com.br\/?p=2673\" \/>\n<meta property=\"og:site_name\" content=\"TRIBUNA DA PRAIA\" \/>\n<meta property=\"article:publisher\" content=\"https:\/\/www.facebook.com\/tribunadapraiaonline\/\" \/>\n<meta property=\"article:published_time\" content=\"2021-06-20T03:40:29+00:00\" \/>\n<meta property=\"article:modified_time\" content=\"2021-06-20T03:41:20+00:00\" \/>\n<meta property=\"og:image\" content=\"https:\/\/tribunadapraia.com.br\/wp-content\/uploads\/2021\/06\/IMG-20210620-WA0010.jpg\" \/>\n\t<meta property=\"og:image:width\" content=\"320\" \/>\n\t<meta property=\"og:image:height\" content=\"210\" \/>\n<meta name=\"twitter:card\" content=\"summary_large_image\" \/>\n<meta name=\"twitter:creator\" content=\"@Claudomir21\" \/>\n<meta name=\"twitter:site\" content=\"@Claudomir21\" \/>\n<meta name=\"twitter:label1\" content=\"Est. tempo de leitura\">\n\t<meta name=\"twitter:data1\" content=\"3 minutos\">\n<script type=\"application\/ld+json\" class=\"yoast-schema-graph\">{\"@context\":\"https:\/\/schema.org\",\"@graph\":[{\"@type\":\"Organization\",\"@id\":\"https:\/\/tribunadapraia.com.br\/#organization\",\"name\":\"Tribuna da Praia\",\"url\":\"https:\/\/tribunadapraia.com.br\/\",\"sameAs\":[\"https:\/\/www.facebook.com\/tribunadapraiaonline\/\",\"https:\/\/www.instagram.com\/claudomirtavares\/\",\"https:\/\/www.youtube.com\/channel\/UCwQf80nxiMzCefAyjbp53Rw\",\"https:\/\/twitter.com\/Claudomir21\"],\"logo\":{\"@type\":\"ImageObject\",\"@id\":\"https:\/\/tribunadapraia.com.br\/#logo\",\"inLanguage\":\"pt-BR\",\"url\":\"https:\/\/tribunadapraia.com.br\/wp-content\/uploads\/2020\/02\/logo.png\",\"contentUrl\":\"https:\/\/tribunadapraia.com.br\/wp-content\/uploads\/2020\/02\/logo.png\",\"width\":501,\"height\":121,\"caption\":\"Tribuna da Praia\"},\"image\":{\"@id\":\"https:\/\/tribunadapraia.com.br\/#logo\"}},{\"@type\":\"WebSite\",\"@id\":\"https:\/\/tribunadapraia.com.br\/#website\",\"url\":\"https:\/\/tribunadapraia.com.br\/\",\"name\":\"TRIBUNA DA PRAIA\",\"description\":\"O 1\\u00ba jornal do interior de Sergipe na internet\",\"publisher\":{\"@id\":\"https:\/\/tribunadapraia.com.br\/#organization\"},\"potentialAction\":[{\"@type\":\"SearchAction\",\"target\":\"https:\/\/tribunadapraia.com.br\/?s={search_term_string}\",\"query-input\":\"required name=search_term_string\"}],\"inLanguage\":\"pt-BR\"},{\"@type\":\"ImageObject\",\"@id\":\"https:\/\/tribunadapraia.com.br\/?p=2673#primaryimage\",\"inLanguage\":\"pt-BR\",\"url\":\"https:\/\/tribunadapraia.com.br\/wp-content\/uploads\/2021\/06\/IMG-20210620-WA0010.jpg\",\"contentUrl\":\"https:\/\/tribunadapraia.com.br\/wp-content\/uploads\/2021\/06\/IMG-20210620-WA0010.jpg\",\"width\":320,\"height\":210},{\"@type\":\"WebPage\",\"@id\":\"https:\/\/tribunadapraia.com.br\/?p=2673#webpage\",\"url\":\"https:\/\/tribunadapraia.com.br\/?p=2673\",\"name\":\"Mais de 6 mil manifestantes ocupam ruas de Aracaju pelo Fora Bolsonaro - TRIBUNA DA PRAIA\",\"isPartOf\":{\"@id\":\"https:\/\/tribunadapraia.com.br\/#website\"},\"primaryImageOfPage\":{\"@id\":\"https:\/\/tribunadapraia.com.br\/?p=2673#primaryimage\"},\"datePublished\":\"2021-06-20T03:40:29+00:00\",\"dateModified\":\"2021-06-20T03:41:20+00:00\",\"breadcrumb\":{\"@id\":\"https:\/\/tribunadapraia.com.br\/?p=2673#breadcrumb\"},\"inLanguage\":\"pt-BR\",\"potentialAction\":[{\"@type\":\"ReadAction\",\"target\":[\"https:\/\/tribunadapraia.com.br\/?p=2673\"]}]},{\"@type\":\"BreadcrumbList\",\"@id\":\"https:\/\/tribunadapraia.com.br\/?p=2673#breadcrumb\",\"itemListElement\":[{\"@type\":\"ListItem\",\"position\":1,\"item\":{\"@type\":\"WebPage\",\"@id\":\"https:\/\/tribunadapraia.com.br\/\",\"url\":\"https:\/\/tribunadapraia.com.br\/\",\"name\":\"In\\u00edcio\"}},{\"@type\":\"ListItem\",\"position\":2,\"item\":{\"@id\":\"https:\/\/tribunadapraia.com.br\/?p=2673#webpage\"}}]},{\"@type\":\"Article\",\"@id\":\"https:\/\/tribunadapraia.com.br\/?p=2673#article\",\"isPartOf\":{\"@id\":\"https:\/\/tribunadapraia.com.br\/?p=2673#webpage\"},\"author\":{\"@id\":\"https:\/\/tribunadapraia.com.br\/#\/schema\/person\/326b0a9f3163b479142c64eba4928de0\"},\"headline\":\"Mais de 6 mil manifestantes ocupam ruas de Aracaju pelo Fora Bolsonaro\",\"datePublished\":\"2021-06-20T03:40:29+00:00\",\"dateModified\":\"2021-06-20T03:41:20+00:00\",\"mainEntityOfPage\":{\"@id\":\"https:\/\/tribunadapraia.com.br\/?p=2673#webpage\"},\"wordCount\":647,\"commentCount\":0,\"publisher\":{\"@id\":\"https:\/\/tribunadapraia.com.br\/#organization\"},\"image\":{\"@id\":\"https:\/\/tribunadapraia.com.br\/?p=2673#primaryimage\"},\"thumbnailUrl\":\"https:\/\/tribunadapraia.com.br\/wp-content\/uploads\/2021\/06\/IMG-20210620-WA0010.jpg\",\"articleSection\":[\"Not\\u00edcias\"],\"inLanguage\":\"pt-BR\",\"potentialAction\":[{\"@type\":\"CommentAction\",\"name\":\"Comment\",\"target\":[\"https:\/\/tribunadapraia.com.br\/?p=2673#respond\"]}]},{\"@type\":\"Person\",\"@id\":\"https:\/\/tribunadapraia.com.br\/#\/schema\/person\/326b0a9f3163b479142c64eba4928de0\",\"name\":\"tribunadapraia\",\"image\":{\"@type\":\"ImageObject\",\"@id\":\"https:\/\/tribunadapraia.com.br\/#personlogo\",\"inLanguage\":\"pt-BR\",\"url\":\"https:\/\/secure.gravatar.com\/avatar\/38b019c74762496076b7355024a0dad9?s=96&d=identicon&r=g\",\"contentUrl\":\"https:\/\/secure.gravatar.com\/avatar\/38b019c74762496076b7355024a0dad9?s=96&d=identicon&r=g\",\"caption\":\"tribunadapraia\"}}]}<\/script>\n<!-- \/ Yoast SEO plugin. -->","wps_subtitle":"","_links":{"self":[{"href":"https:\/\/tribunadapraia.com.br\/index.php?rest_route=\/wp\/v2\/posts\/2673"}],"collection":[{"href":"https:\/\/tribunadapraia.com.br\/index.php?rest_route=\/wp\/v2\/posts"}],"about":[{"href":"https:\/\/tribunadapraia.com.br\/index.php?rest_route=\/wp\/v2\/types\/post"}],"author":[{"embeddable":true,"href":"https:\/\/tribunadapraia.com.br\/index.php?rest_route=\/wp\/v2\/users\/1"}],"replies":[{"embeddable":true,"href":"https:\/\/tribunadapraia.com.br\/index.php?rest_route=%2Fwp%2Fv2%2Fcomments&post=2673"}],"version-history":[{"count":1,"href":"https:\/\/tribunadapraia.com.br\/index.php?rest_route=\/wp\/v2\/posts\/2673\/revisions"}],"predecessor-version":[{"id":2676,"href":"https:\/\/tribunadapraia.com.br\/index.php?rest_route=\/wp\/v2\/posts\/2673\/revisions\/2676"}],"wp:featuredmedia":[{"embeddable":true,"href":"https:\/\/tribunadapraia.com.br\/index.php?rest_route=\/wp\/v2\/media\/2674"}],"wp:attachment":[{"href":"https:\/\/tribunadapraia.com.br\/index.php?rest_route=%2Fwp%2Fv2%2Fmedia&parent=2673"}],"wp:term":[{"taxonomy":"category","embeddable":true,"href":"https:\/\/tribunadapraia.com.br\/index.php?rest_route=%2Fwp%2Fv2%2Fcategories&post=2673"},{"taxonomy":"post_tag","embeddable":true,"href":"https:\/\/tribunadapraia.com.br\/index.php?rest_route=%2Fwp%2Fv2%2Ftags&post=2673"}],"curies":[{"name":"wp","href":"https:\/\/api.w.org\/{rel}","templated":true}]}}