{"id":2669,"date":"2021-06-18T05:43:58","date_gmt":"2021-06-18T08:43:58","guid":{"rendered":"https:\/\/tribunadapraia.com.br\/?p=2669"},"modified":"2021-06-18T05:43:58","modified_gmt":"2021-06-18T08:43:58","slug":"em-propria-o-novo-ja-nasce-velho","status":"publish","type":"post","link":"https:\/\/tribunadapraia.com.br\/?p=2669","title":{"rendered":"Em Propri\u00e1, o novo j\u00e1 nasce velho"},"content":{"rendered":"<!--[if lt IE 9]><script>document.createElement('audio');<\/script><![endif]-->\n<audio class=\"wp-audio-shortcode\" id=\"audio-2669-1\" preload=\"none\" style=\"width: 100%;\" controls=\"controls\"><source type=\"audio\/mpeg\" src=\"https:\/\/tribunadapraia.com.br\/wp-content\/uploads\/2021\/06\/O-Rappa-O-novo-ja-nasce-velho-acustico.mp3?_=1\" \/><a href=\"https:\/\/tribunadapraia.com.br\/wp-content\/uploads\/2021\/06\/O-Rappa-O-novo-ja-nasce-velho-acustico.mp3\">https:\/\/tribunadapraia.com.br\/wp-content\/uploads\/2021\/06\/O-Rappa-O-novo-ja-nasce-velho-acustico.mp3<\/a><\/audio>\n<p>Pr\u00f3ximo de completar os 180 dias de gest\u00e3o, o prefeito Valberto Lima (MDB) ainda n\u00e3o apresentou respostas \u00e0s demandas da sociedade propriaense, que n\u00e3o t\u00eam nada a comemorar, mas muito a lamentar. Enquanto os &#8220;resultados&#8221; (sic) n\u00e3o aparecem, a atabalhoada administra\u00e7\u00e3o do munic\u00edpio ribeirinho tem sido marcada por sucessivos esc\u00e2ndalos (vamos relembrar nas pr\u00f3ximas postagens), desorganiza\u00e7\u00e3o, invers\u00e3o de prioridades, farra seguida de demiss\u00f5es em massa de contratado, hoje desiludidos e nepotismo, levando, como prev\u00edamos e alertamos, a Prefeitura a absoluta insolv\u00eancia em todas \u00e0s \u00e1reas de um projeto em que &#8220;o novo j\u00e1 nasce velho&#8221;, parafraseando a banda &#8220;O Rappa&#8221;.<\/p>\n<p>por ClaudOmir Herzog<\/p>\n<div style=\"width: 426px;\" class=\"wp-video\"><!--[if lt IE 9]><script>document.createElement('video');<\/script><![endif]-->\n<video class=\"wp-video-shortcode\" id=\"video-2669-1\" width=\"426\" height=\"240\" preload=\"metadata\" controls=\"controls\"><source type=\"video\/mp4\" src=\"https:\/\/tribunadapraia.com.br\/wp-content\/uploads\/2021\/06\/O-Rappa-O-novo-ja-nasce-velho-acustico_v240P.mp4?_=1\" \/><a href=\"https:\/\/tribunadapraia.com.br\/wp-content\/uploads\/2021\/06\/O-Rappa-O-novo-ja-nasce-velho-acustico_v240P.mp4\">https:\/\/tribunadapraia.com.br\/wp-content\/uploads\/2021\/06\/O-Rappa-O-novo-ja-nasce-velho-acustico_v240P.mp4<\/a><\/video><\/div>\n","protected":false},"excerpt":{"rendered":"<p>Pr\u00f3ximo de completar os 180 dias de gest\u00e3o, o prefeito Valberto Lima (MDB) ainda n\u00e3o apresentou respostas \u00e0s demandas da sociedade propriaense, que n\u00e3o t\u00eam nada a comemorar, mas muito a lamentar. Enquanto os &#8220;resultados&#8221; (sic) n\u00e3o aparecem, a atabalhoada administra\u00e7\u00e3o do munic\u00edpio ribeirinho tem sido marcada por sucessivos esc\u00e2ndalos (vamos relembrar nas pr\u00f3ximas postagens), desorganiza\u00e7\u00e3o, invers\u00e3o de prioridades, farra seguida de demiss\u00f5es em massa de contratado, hoje desiludidos e<\/p>\n","protected":false},"author":3,"featured_media":2165,"comment_status":"open","ping_status":"open","sticky":false,"template":"","format":"standard","meta":[],"categories":[18],"tags":[],"yoast_head":"<!-- This site is optimized with the Yoast SEO plugin v16.3 - https:\/\/yoast.com\/wordpress\/plugins\/seo\/ -->\n<title>Em Propri\u00e1, o novo j\u00e1 nasce velho - TRIBUNA DA PRAIA<\/title>\n<meta name=\"robots\" content=\"index, follow, max-snippet:-1, max-image-preview:large, max-video-preview:-1\" \/>\n<link rel=\"canonical\" href=\"https:\/\/tribunadapraia.com.br\/?p=2669\" \/>\n<meta property=\"og:locale\" content=\"pt_BR\" \/>\n<meta property=\"og:type\" content=\"article\" \/>\n<meta property=\"og:title\" content=\"Em Propri\u00e1, o novo j\u00e1 nasce velho - TRIBUNA DA PRAIA\" \/>\n<meta property=\"og:description\" content=\"Pr\u00f3ximo de completar os 180 dias de gest\u00e3o, o prefeito Valberto Lima (MDB) ainda n\u00e3o apresentou respostas \u00e0s demandas da sociedade propriaense, que n\u00e3o t\u00eam nada a comemorar, mas muito a lamentar. Enquanto os &#8220;resultados&#8221; (sic) n\u00e3o aparecem, a atabalhoada administra\u00e7\u00e3o do munic\u00edpio ribeirinho tem sido marcada por sucessivos esc\u00e2ndalos (vamos relembrar nas pr\u00f3ximas postagens), desorganiza\u00e7\u00e3o, invers\u00e3o de prioridades, farra seguida de demiss\u00f5es em massa de contratado, hoje desiludidos e\" \/>\n<meta property=\"og:url\" content=\"https:\/\/tribunadapraia.com.br\/?p=2669\" \/>\n<meta property=\"og:site_name\" content=\"TRIBUNA DA PRAIA\" \/>\n<meta property=\"article:publisher\" content=\"https:\/\/www.facebook.com\/tribunadapraiaonline\/\" \/>\n<meta property=\"article:published_time\" content=\"2021-06-18T08:43:58+00:00\" \/>\n<meta property=\"og:image\" content=\"https:\/\/tribunadapraia.com.br\/wp-content\/uploads\/2021\/01\/IMG_20210117_102914_052.jpg\" \/>\n\t<meta property=\"og:image:width\" content=\"767\" \/>\n\t<meta property=\"og:image:height\" content=\"767\" \/>\n<meta name=\"twitter:card\" content=\"summary_large_image\" \/>\n<meta name=\"twitter:creator\" content=\"@Claudomir21\" \/>\n<meta name=\"twitter:site\" content=\"@Claudomir21\" \/>\n<meta name=\"twitter:label1\" content=\"Est. tempo de leitura\">\n\t<meta name=\"twitter:data1\" content=\"1 minuto\">\n<script type=\"application\/ld+json\" class=\"yoast-schema-graph\">{\"@context\":\"https:\/\/schema.org\",\"@graph\":[{\"@type\":\"Organization\",\"@id\":\"https:\/\/tribunadapraia.com.br\/#organization\",\"name\":\"Tribuna da Praia\",\"url\":\"https:\/\/tribunadapraia.com.br\/\",\"sameAs\":[\"https:\/\/www.facebook.com\/tribunadapraiaonline\/\",\"https:\/\/www.instagram.com\/claudomirtavares\/\",\"https:\/\/www.youtube.com\/channel\/UCwQf80nxiMzCefAyjbp53Rw\",\"https:\/\/twitter.com\/Claudomir21\"],\"logo\":{\"@type\":\"ImageObject\",\"@id\":\"https:\/\/tribunadapraia.com.br\/#logo\",\"inLanguage\":\"pt-BR\",\"url\":\"https:\/\/tribunadapraia.com.br\/wp-content\/uploads\/2020\/02\/logo.png\",\"contentUrl\":\"https:\/\/tribunadapraia.com.br\/wp-content\/uploads\/2020\/02\/logo.png\",\"width\":501,\"height\":121,\"caption\":\"Tribuna da Praia\"},\"image\":{\"@id\":\"https:\/\/tribunadapraia.com.br\/#logo\"}},{\"@type\":\"WebSite\",\"@id\":\"https:\/\/tribunadapraia.com.br\/#website\",\"url\":\"https:\/\/tribunadapraia.com.br\/\",\"name\":\"TRIBUNA DA PRAIA\",\"description\":\"O 1\\u00ba jornal do interior de Sergipe na internet\",\"publisher\":{\"@id\":\"https:\/\/tribunadapraia.com.br\/#organization\"},\"potentialAction\":[{\"@type\":\"SearchAction\",\"target\":\"https:\/\/tribunadapraia.com.br\/?s={search_term_string}\",\"query-input\":\"required name=search_term_string\"}],\"inLanguage\":\"pt-BR\"},{\"@type\":\"ImageObject\",\"@id\":\"https:\/\/tribunadapraia.com.br\/?p=2669#primaryimage\",\"inLanguage\":\"pt-BR\",\"url\":\"https:\/\/tribunadapraia.com.br\/wp-content\/uploads\/2021\/01\/IMG_20210117_102914_052.jpg\",\"contentUrl\":\"https:\/\/tribunadapraia.com.br\/wp-content\/uploads\/2021\/01\/IMG_20210117_102914_052.jpg\",\"width\":767,\"height\":767},{\"@type\":\"WebPage\",\"@id\":\"https:\/\/tribunadapraia.com.br\/?p=2669#webpage\",\"url\":\"https:\/\/tribunadapraia.com.br\/?p=2669\",\"name\":\"Em Propri\\u00e1, o novo j\\u00e1 nasce velho - TRIBUNA DA PRAIA\",\"isPartOf\":{\"@id\":\"https:\/\/tribunadapraia.com.br\/#website\"},\"primaryImageOfPage\":{\"@id\":\"https:\/\/tribunadapraia.com.br\/?p=2669#primaryimage\"},\"datePublished\":\"2021-06-18T08:43:58+00:00\",\"dateModified\":\"2021-06-18T08:43:58+00:00\",\"breadcrumb\":{\"@id\":\"https:\/\/tribunadapraia.com.br\/?p=2669#breadcrumb\"},\"inLanguage\":\"pt-BR\",\"potentialAction\":[{\"@type\":\"ReadAction\",\"target\":[\"https:\/\/tribunadapraia.com.br\/?p=2669\"]}]},{\"@type\":\"BreadcrumbList\",\"@id\":\"https:\/\/tribunadapraia.com.br\/?p=2669#breadcrumb\",\"itemListElement\":[{\"@type\":\"ListItem\",\"position\":1,\"item\":{\"@type\":\"WebPage\",\"@id\":\"https:\/\/tribunadapraia.com.br\/\",\"url\":\"https:\/\/tribunadapraia.com.br\/\",\"name\":\"In\\u00edcio\"}},{\"@type\":\"ListItem\",\"position\":2,\"item\":{\"@id\":\"https:\/\/tribunadapraia.com.br\/?p=2669#webpage\"}}]},{\"@type\":\"Article\",\"@id\":\"https:\/\/tribunadapraia.com.br\/?p=2669#article\",\"isPartOf\":{\"@id\":\"https:\/\/tribunadapraia.com.br\/?p=2669#webpage\"},\"author\":{\"@id\":\"https:\/\/tribunadapraia.com.br\/#\/schema\/person\/099fbbf59acc5895c0d7d52b4fc46c97\"},\"headline\":\"Em Propri\\u00e1, o novo j\\u00e1 nasce velho\",\"datePublished\":\"2021-06-18T08:43:58+00:00\",\"dateModified\":\"2021-06-18T08:43:58+00:00\",\"mainEntityOfPage\":{\"@id\":\"https:\/\/tribunadapraia.com.br\/?p=2669#webpage\"},\"wordCount\":150,\"commentCount\":0,\"publisher\":{\"@id\":\"https:\/\/tribunadapraia.com.br\/#organization\"},\"image\":{\"@id\":\"https:\/\/tribunadapraia.com.br\/?p=2669#primaryimage\"},\"thumbnailUrl\":\"https:\/\/tribunadapraia.com.br\/wp-content\/uploads\/2021\/01\/IMG_20210117_102914_052.jpg\",\"articleSection\":[\"Not\\u00edcias\"],\"inLanguage\":\"pt-BR\",\"potentialAction\":[{\"@type\":\"CommentAction\",\"name\":\"Comment\",\"target\":[\"https:\/\/tribunadapraia.com.br\/?p=2669#respond\"]}]},{\"@type\":\"Person\",\"@id\":\"https:\/\/tribunadapraia.com.br\/#\/schema\/person\/099fbbf59acc5895c0d7d52b4fc46c97\",\"name\":\"Reda\\u00e7\\u00e3o\",\"image\":{\"@type\":\"ImageObject\",\"@id\":\"https:\/\/tribunadapraia.com.br\/#personlogo\",\"inLanguage\":\"pt-BR\",\"url\":\"https:\/\/secure.gravatar.com\/avatar\/91c8b91d2bfd7784eac5c3e055361f64?s=96&d=identicon&r=g\",\"contentUrl\":\"https:\/\/secure.gravatar.com\/avatar\/91c8b91d2bfd7784eac5c3e055361f64?s=96&d=identicon&r=g\",\"caption\":\"Reda\\u00e7\\u00e3o\"}}]}<\/script>\n<!-- \/ Yoast SEO plugin. -->","wps_subtitle":"","_links":{"self":[{"href":"https:\/\/tribunadapraia.com.br\/index.php?rest_route=\/wp\/v2\/posts\/2669"}],"collection":[{"href":"https:\/\/tribunadapraia.com.br\/index.php?rest_route=\/wp\/v2\/posts"}],"about":[{"href":"https:\/\/tribunadapraia.com.br\/index.php?rest_route=\/wp\/v2\/types\/post"}],"author":[{"embeddable":true,"href":"https:\/\/tribunadapraia.com.br\/index.php?rest_route=\/wp\/v2\/users\/3"}],"replies":[{"embeddable":true,"href":"https:\/\/tribunadapraia.com.br\/index.php?rest_route=%2Fwp%2Fv2%2Fcomments&post=2669"}],"version-history":[{"count":1,"href":"https:\/\/tribunadapraia.com.br\/index.php?rest_route=\/wp\/v2\/posts\/2669\/revisions"}],"predecessor-version":[{"id":2672,"href":"https:\/\/tribunadapraia.com.br\/index.php?rest_route=\/wp\/v2\/posts\/2669\/revisions\/2672"}],"wp:featuredmedia":[{"embeddable":true,"href":"https:\/\/tribunadapraia.com.br\/index.php?rest_route=\/wp\/v2\/media\/2165"}],"wp:attachment":[{"href":"https:\/\/tribunadapraia.com.br\/index.php?rest_route=%2Fwp%2Fv2%2Fmedia&parent=2669"}],"wp:term":[{"taxonomy":"category","embeddable":true,"href":"https:\/\/tribunadapraia.com.br\/index.php?rest_route=%2Fwp%2Fv2%2Fcategories&post=2669"},{"taxonomy":"post_tag","embeddable":true,"href":"https:\/\/tribunadapraia.com.br\/index.php?rest_route=%2Fwp%2Fv2%2Ftags&post=2669"}],"curies":[{"name":"wp","href":"https:\/\/api.w.org\/{rel}","templated":true}]}}