{"id":2656,"date":"2021-06-13T17:01:33","date_gmt":"2021-06-13T20:01:33","guid":{"rendered":"https:\/\/tribunadapraia.com.br\/?p=2656"},"modified":"2021-06-14T01:19:48","modified_gmt":"2021-06-14T04:19:48","slug":"futebol-e-covid-copa-america-comeca-em-brasilia-com-estadios-vazios-protestos-e-disputas-judiciais","status":"publish","type":"post","link":"https:\/\/tribunadapraia.com.br\/?p=2656","title":{"rendered":"FUTEBOL E COVID: Copa Am\u00e9rica come\u00e7a em Bras\u00edlia, com est\u00e1dios vazios, protestos e disputas judiciais"},"content":{"rendered":"<p>Torneio s\u00f3 teve confirma\u00e7\u00e3o que poderia ocorrer no dia 10, j\u00e1 que era questionado na Justi\u00e7a em raz\u00e3o da pandemia<\/p>\n<p>Bel\u00e9m (PA) | Brasil de Fato<\/p>\n<p>Come\u00e7a neste domingo (13), \u00e0s 18h, em Bras\u00edlia, a 47\u00aa edi\u00e7\u00e3o da Copa Am\u00e9rica, com sede no Brasil e jogos em Bras\u00edlia, Cuiab\u00e1, Goi\u00e2nia e Rio de Janeiro. O jogo de abertura ser\u00e1 entre Brasil e Venezuela, no Engenh\u00e3o, no Rio, mas para o campeonato que \u00e9 sempre motivo de celebra\u00e7\u00e3o para o povo brasileiro que ama o futebol, o cen\u00e1rio deste ano \u00e9 outro.<\/p>\n<p><img loading=\"lazy\" class=\"alignnone size-medium wp-image-2657\" src=\"https:\/\/tribunadapraia.com.br\/wp-content\/uploads\/2021\/06\/image_processing20210613-8757-163q5d0-300x200.jpeg\" alt=\"\" width=\"300\" height=\"200\" srcset=\"https:\/\/tribunadapraia.com.br\/wp-content\/uploads\/2021\/06\/image_processing20210613-8757-163q5d0-300x200.jpeg 300w, https:\/\/tribunadapraia.com.br\/wp-content\/uploads\/2021\/06\/image_processing20210613-8757-163q5d0-768x512.jpeg 768w, https:\/\/tribunadapraia.com.br\/wp-content\/uploads\/2021\/06\/image_processing20210613-8757-163q5d0-600x400.jpeg 600w, https:\/\/tribunadapraia.com.br\/wp-content\/uploads\/2021\/06\/image_processing20210613-8757-163q5d0-272x182.jpeg 272w, https:\/\/tribunadapraia.com.br\/wp-content\/uploads\/2021\/06\/image_processing20210613-8757-163q5d0.jpeg 800w\" sizes=\"(max-width: 300px) 100vw, 300px\" \/><\/p>\n<p>A Copa Am\u00e9rica s\u00f3 est\u00e1 acontecendo no Brasil porque dois outros pa\u00edses que deveriam sediar o evento &#8211; Col\u00f4mbia e Argentina &#8211; desistiram de \u00faltima hora. O motivo para isso, em uma palavra: pandemia.<\/p>\n<p>O Brasil, ent\u00e3o, achou por bem tomar para si a tarefa, sem que tenha feito qualquer planejamento pr\u00e9vio para tanto. Al\u00e9m, \u00e9 claro, dos quase 500 mil mortos em sua lista de v\u00edtimas fatais do v\u00edrus e das decis\u00f5es que tomam as autoridades federais respons\u00e1veis pelo seu combate.<\/p>\n<p>::O &#8220;clima&#8221; da Copa Am\u00e9rica: delega\u00e7\u00e3o infectada, vacina\u00e7\u00e3o realocada e protestos::<\/p>\n<p>Assim, come\u00e7a neste domingo a Copa Am\u00e9rica, com as arquibancadas vazias, em meio a cr\u00edticas, protestos, amea\u00e7a dos jogadores da sele\u00e7\u00e3o de n\u00e3o entrar em campo e at\u00e9 a\u00e7\u00f5es judiciais.<\/p>\n<p>Autorizar ou n\u00e3o autorizar, eis a quest\u00e3o<\/p>\n<p>A confirma\u00e7\u00e3o da Copa Am\u00e9rica veio em 31 de maio deste ano. Desde ent\u00e3o, a realiza\u00e7\u00e3o do evento foi colocada em xeque devido ao colapso na sa\u00fade, que o pa\u00eds enfrenta. Tr\u00eas a\u00e7\u00f5es chegaram ao Supremo Tribunal Federal (STF) para que o evento fosse cancelado no Brasil. Na \u00faltima \u00faltima quinta-feira (10), quatro dias antes do in\u00edcio do torneio, a corte suprema do pa\u00eds decidiu por sua pr\u00f3pria incompet\u00eancia (processual) para decidir se um campeonato de futebol pode ou n\u00e3o acontecer no pa\u00eds.<\/p>\n<p>O Supremo proferiu decis\u00e3o no serntido de exigir que o poder p\u00fablico planeje e cumpra medidas sanit\u00e1rias para evitar os riscos de contamina\u00e7\u00e3o da covid-19, sob pena de multas e eventual responsabiliza\u00e7\u00e3o dos culpados&#8230;<\/p>\n<p>J\u00e1 nas cortes estaduais de Justi\u00e7a de cada sede da Copa, h\u00e1 a\u00e7\u00f5es das promotorias estaduais tentando interromper o torneio, que seguira sob inseguran\u00e7a jur\u00eddica at\u00e9 o seu final.<\/p>\n<p>::Deputada vai ao MP por nova a\u00e7\u00e3o judicial para barrar Copa Am\u00e9rica no Rio de Janeiro::<\/p>\n<p>De qualquer forma, no que se refere a futebol, o Brasil \u00e9 franco favorito na partida deste domingo, contra uma sele\u00e7\u00e3o que jamais venceu a competi\u00e7\u00e3o, e tamb\u00e9m um dos favoritos para a conquista da Copa.<\/p>\n<p>O t\u00e9cnico Titi praticamente n\u00e3o teve problemas para montar a equipe da Copa Am\u00e9rica. Dos atletas habitualmente convocados, somente o lateral Daniel Alves, que se recupera de les\u00e3o, n\u00e3o foi chamado. Danilo e Emerson s\u00e3o as op\u00e7\u00f5es para o lado direito do setor defensivo.<\/p>\n<p>Edi\u00e7\u00e3o: Vin\u00edcius Segalla<\/p>\n","protected":false},"excerpt":{"rendered":"<p>Torneio s\u00f3 teve confirma\u00e7\u00e3o que poderia ocorrer no dia 10, j\u00e1 que era questionado na Justi\u00e7a em raz\u00e3o da pandemia Bel\u00e9m (PA) | Brasil de Fato Come\u00e7a neste domingo (13), \u00e0s 18h, em Bras\u00edlia, a 47\u00aa edi\u00e7\u00e3o da Copa Am\u00e9rica, com sede no Brasil e jogos em Bras\u00edlia, Cuiab\u00e1, Goi\u00e2nia e Rio de Janeiro. O jogo de abertura ser\u00e1 entre Brasil e Venezuela, no Engenh\u00e3o, no Rio, mas para o<\/p>\n","protected":false},"author":1,"featured_media":2659,"comment_status":"open","ping_status":"open","sticky":false,"template":"","format":"standard","meta":[],"categories":[18],"tags":[],"yoast_head":"<!-- This site is optimized with the Yoast SEO plugin v16.3 - https:\/\/yoast.com\/wordpress\/plugins\/seo\/ -->\n<title>FUTEBOL E COVID: Copa Am\u00e9rica come\u00e7a em Bras\u00edlia, com est\u00e1dios vazios, protestos e disputas judiciais - TRIBUNA DA PRAIA<\/title>\n<meta name=\"robots\" content=\"index, follow, max-snippet:-1, max-image-preview:large, max-video-preview:-1\" \/>\n<link rel=\"canonical\" href=\"https:\/\/tribunadapraia.com.br\/?p=2656\" \/>\n<meta property=\"og:locale\" content=\"pt_BR\" \/>\n<meta property=\"og:type\" content=\"article\" \/>\n<meta property=\"og:title\" content=\"FUTEBOL E COVID: Copa Am\u00e9rica come\u00e7a em Bras\u00edlia, com est\u00e1dios vazios, protestos e disputas judiciais - TRIBUNA DA PRAIA\" \/>\n<meta property=\"og:description\" content=\"Torneio s\u00f3 teve confirma\u00e7\u00e3o que poderia ocorrer no dia 10, j\u00e1 que era questionado na Justi\u00e7a em raz\u00e3o da pandemia Bel\u00e9m (PA) | Brasil de Fato Come\u00e7a neste domingo (13), \u00e0s 18h, em Bras\u00edlia, a 47\u00aa edi\u00e7\u00e3o da Copa Am\u00e9rica, com sede no Brasil e jogos em Bras\u00edlia, Cuiab\u00e1, Goi\u00e2nia e Rio de Janeiro. O jogo de abertura ser\u00e1 entre Brasil e Venezuela, no Engenh\u00e3o, no Rio, mas para o\" \/>\n<meta property=\"og:url\" content=\"https:\/\/tribunadapraia.com.br\/?p=2656\" \/>\n<meta property=\"og:site_name\" content=\"TRIBUNA DA PRAIA\" \/>\n<meta property=\"article:publisher\" content=\"https:\/\/www.facebook.com\/tribunadapraiaonline\/\" \/>\n<meta property=\"article:published_time\" content=\"2021-06-13T20:01:33+00:00\" \/>\n<meta property=\"article:modified_time\" content=\"2021-06-14T04:19:48+00:00\" \/>\n<meta property=\"og:image\" content=\"https:\/\/tribunadapraia.com.br\/wp-content\/uploads\/2021\/06\/colombia_protestos.jpg\" \/>\n\t<meta property=\"og:image:width\" content=\"984\" \/>\n\t<meta property=\"og:image:height\" content=\"656\" \/>\n<meta name=\"twitter:card\" content=\"summary_large_image\" \/>\n<meta name=\"twitter:creator\" content=\"@Claudomir21\" \/>\n<meta name=\"twitter:site\" content=\"@Claudomir21\" \/>\n<meta name=\"twitter:label1\" content=\"Est. tempo de leitura\">\n\t<meta name=\"twitter:data1\" content=\"3 minutos\">\n<script type=\"application\/ld+json\" class=\"yoast-schema-graph\">{\"@context\":\"https:\/\/schema.org\",\"@graph\":[{\"@type\":\"Organization\",\"@id\":\"https:\/\/tribunadapraia.com.br\/#organization\",\"name\":\"Tribuna da Praia\",\"url\":\"https:\/\/tribunadapraia.com.br\/\",\"sameAs\":[\"https:\/\/www.facebook.com\/tribunadapraiaonline\/\",\"https:\/\/www.instagram.com\/claudomirtavares\/\",\"https:\/\/www.youtube.com\/channel\/UCwQf80nxiMzCefAyjbp53Rw\",\"https:\/\/twitter.com\/Claudomir21\"],\"logo\":{\"@type\":\"ImageObject\",\"@id\":\"https:\/\/tribunadapraia.com.br\/#logo\",\"inLanguage\":\"pt-BR\",\"url\":\"https:\/\/tribunadapraia.com.br\/wp-content\/uploads\/2020\/02\/logo.png\",\"contentUrl\":\"https:\/\/tribunadapraia.com.br\/wp-content\/uploads\/2020\/02\/logo.png\",\"width\":501,\"height\":121,\"caption\":\"Tribuna da Praia\"},\"image\":{\"@id\":\"https:\/\/tribunadapraia.com.br\/#logo\"}},{\"@type\":\"WebSite\",\"@id\":\"https:\/\/tribunadapraia.com.br\/#website\",\"url\":\"https:\/\/tribunadapraia.com.br\/\",\"name\":\"TRIBUNA DA PRAIA\",\"description\":\"O 1\\u00ba jornal do interior de Sergipe na internet\",\"publisher\":{\"@id\":\"https:\/\/tribunadapraia.com.br\/#organization\"},\"potentialAction\":[{\"@type\":\"SearchAction\",\"target\":\"https:\/\/tribunadapraia.com.br\/?s={search_term_string}\",\"query-input\":\"required name=search_term_string\"}],\"inLanguage\":\"pt-BR\"},{\"@type\":\"ImageObject\",\"@id\":\"https:\/\/tribunadapraia.com.br\/?p=2656#primaryimage\",\"inLanguage\":\"pt-BR\",\"url\":\"https:\/\/tribunadapraia.com.br\/wp-content\/uploads\/2021\/06\/colombia_protestos.jpg\",\"contentUrl\":\"https:\/\/tribunadapraia.com.br\/wp-content\/uploads\/2021\/06\/colombia_protestos.jpg\",\"width\":984,\"height\":656},{\"@type\":\"WebPage\",\"@id\":\"https:\/\/tribunadapraia.com.br\/?p=2656#webpage\",\"url\":\"https:\/\/tribunadapraia.com.br\/?p=2656\",\"name\":\"FUTEBOL E COVID: Copa Am\\u00e9rica come\\u00e7a em Bras\\u00edlia, com est\\u00e1dios vazios, protestos e disputas judiciais - TRIBUNA DA PRAIA\",\"isPartOf\":{\"@id\":\"https:\/\/tribunadapraia.com.br\/#website\"},\"primaryImageOfPage\":{\"@id\":\"https:\/\/tribunadapraia.com.br\/?p=2656#primaryimage\"},\"datePublished\":\"2021-06-13T20:01:33+00:00\",\"dateModified\":\"2021-06-14T04:19:48+00:00\",\"breadcrumb\":{\"@id\":\"https:\/\/tribunadapraia.com.br\/?p=2656#breadcrumb\"},\"inLanguage\":\"pt-BR\",\"potentialAction\":[{\"@type\":\"ReadAction\",\"target\":[\"https:\/\/tribunadapraia.com.br\/?p=2656\"]}]},{\"@type\":\"BreadcrumbList\",\"@id\":\"https:\/\/tribunadapraia.com.br\/?p=2656#breadcrumb\",\"itemListElement\":[{\"@type\":\"ListItem\",\"position\":1,\"item\":{\"@type\":\"WebPage\",\"@id\":\"https:\/\/tribunadapraia.com.br\/\",\"url\":\"https:\/\/tribunadapraia.com.br\/\",\"name\":\"In\\u00edcio\"}},{\"@type\":\"ListItem\",\"position\":2,\"item\":{\"@id\":\"https:\/\/tribunadapraia.com.br\/?p=2656#webpage\"}}]},{\"@type\":\"Article\",\"@id\":\"https:\/\/tribunadapraia.com.br\/?p=2656#article\",\"isPartOf\":{\"@id\":\"https:\/\/tribunadapraia.com.br\/?p=2656#webpage\"},\"author\":{\"@id\":\"https:\/\/tribunadapraia.com.br\/#\/schema\/person\/326b0a9f3163b479142c64eba4928de0\"},\"headline\":\"FUTEBOL E COVID: Copa Am\\u00e9rica come\\u00e7a em Bras\\u00edlia, com est\\u00e1dios vazios, protestos e disputas judiciais\",\"datePublished\":\"2021-06-13T20:01:33+00:00\",\"dateModified\":\"2021-06-14T04:19:48+00:00\",\"mainEntityOfPage\":{\"@id\":\"https:\/\/tribunadapraia.com.br\/?p=2656#webpage\"},\"wordCount\":546,\"commentCount\":0,\"publisher\":{\"@id\":\"https:\/\/tribunadapraia.com.br\/#organization\"},\"image\":{\"@id\":\"https:\/\/tribunadapraia.com.br\/?p=2656#primaryimage\"},\"thumbnailUrl\":\"https:\/\/tribunadapraia.com.br\/wp-content\/uploads\/2021\/06\/colombia_protestos.jpg\",\"articleSection\":[\"Not\\u00edcias\"],\"inLanguage\":\"pt-BR\",\"potentialAction\":[{\"@type\":\"CommentAction\",\"name\":\"Comment\",\"target\":[\"https:\/\/tribunadapraia.com.br\/?p=2656#respond\"]}]},{\"@type\":\"Person\",\"@id\":\"https:\/\/tribunadapraia.com.br\/#\/schema\/person\/326b0a9f3163b479142c64eba4928de0\",\"name\":\"tribunadapraia\",\"image\":{\"@type\":\"ImageObject\",\"@id\":\"https:\/\/tribunadapraia.com.br\/#personlogo\",\"inLanguage\":\"pt-BR\",\"url\":\"https:\/\/secure.gravatar.com\/avatar\/38b019c74762496076b7355024a0dad9?s=96&d=identicon&r=g\",\"contentUrl\":\"https:\/\/secure.gravatar.com\/avatar\/38b019c74762496076b7355024a0dad9?s=96&d=identicon&r=g\",\"caption\":\"tribunadapraia\"}}]}<\/script>\n<!-- \/ Yoast SEO plugin. -->","wps_subtitle":"","_links":{"self":[{"href":"https:\/\/tribunadapraia.com.br\/index.php?rest_route=\/wp\/v2\/posts\/2656"}],"collection":[{"href":"https:\/\/tribunadapraia.com.br\/index.php?rest_route=\/wp\/v2\/posts"}],"about":[{"href":"https:\/\/tribunadapraia.com.br\/index.php?rest_route=\/wp\/v2\/types\/post"}],"author":[{"embeddable":true,"href":"https:\/\/tribunadapraia.com.br\/index.php?rest_route=\/wp\/v2\/users\/1"}],"replies":[{"embeddable":true,"href":"https:\/\/tribunadapraia.com.br\/index.php?rest_route=%2Fwp%2Fv2%2Fcomments&post=2656"}],"version-history":[{"count":3,"href":"https:\/\/tribunadapraia.com.br\/index.php?rest_route=\/wp\/v2\/posts\/2656\/revisions"}],"predecessor-version":[{"id":2661,"href":"https:\/\/tribunadapraia.com.br\/index.php?rest_route=\/wp\/v2\/posts\/2656\/revisions\/2661"}],"wp:featuredmedia":[{"embeddable":true,"href":"https:\/\/tribunadapraia.com.br\/index.php?rest_route=\/wp\/v2\/media\/2659"}],"wp:attachment":[{"href":"https:\/\/tribunadapraia.com.br\/index.php?rest_route=%2Fwp%2Fv2%2Fmedia&parent=2656"}],"wp:term":[{"taxonomy":"category","embeddable":true,"href":"https:\/\/tribunadapraia.com.br\/index.php?rest_route=%2Fwp%2Fv2%2Fcategories&post=2656"},{"taxonomy":"post_tag","embeddable":true,"href":"https:\/\/tribunadapraia.com.br\/index.php?rest_route=%2Fwp%2Fv2%2Ftags&post=2656"}],"curies":[{"name":"wp","href":"https:\/\/api.w.org\/{rel}","templated":true}]}}