{"id":2636,"date":"2021-05-29T09:26:45","date_gmt":"2021-05-29T12:26:45","guid":{"rendered":"https:\/\/tribunadapraia.com.br\/?p=2636"},"modified":"2021-05-29T09:26:45","modified_gmt":"2021-05-29T12:26:45","slug":"fique-de-olho-incendio-no-hospital-nestor-piva-e-rede-de-solidariedade","status":"publish","type":"post","link":"https:\/\/tribunadapraia.com.br\/?p=2636","title":{"rendered":"Fique de olho: Inc\u00eandio no Hospital Nestor Piva e rede de solidariedade"},"content":{"rendered":"<p>A coluna de ClaudOmir Herzog | Foto: Infonet<\/p>\n<p>Inc\u00eandio no Hospital Nestor Piva, na Avenida Maranh\u00e3o em Aracaju, comoveu o estado de Sergipe e teve repercuss\u00e3o nacional. Em torno do acidente formou-se uma corrente de solidariedade.<\/p>\n<p>\u25a0 NS do Socorro<\/p>\n<p>O Minist\u00e9rio P\u00fablico Eleitoral de Sergipe pede a cassa\u00e7\u00e3o do diploma, mandato e inelegibilidade do prefeito de NS do Socorro Padre Inaldo C\u00e9sar (PP) e vice-prefeito, acusados de abuso do poder pol\u00edtico e econ\u00f4mico durante a campanha eleitoral pela reelei\u00e7\u00e3o em 2020.<\/p>\n<p>\u25a0 Itaporanga D&#8217;Ajida<\/p>\n<p>Secret\u00e1rios municipais em Itaporanga D&#8217;Ajuda ter\u00e3o que devolver dinheiro ao er\u00e1rio p\u00fablico por ac\u00famulo irregular de fun\u00e7\u00f5es.<\/p>\n<p><img loading=\"lazy\" class=\"alignnone size-medium wp-image-2638\" src=\"https:\/\/tribunadapraia.com.br\/wp-content\/uploads\/2021\/05\/IMG-20210526-WA0006-300x254.jpg\" alt=\"\" width=\"300\" height=\"254\" srcset=\"https:\/\/tribunadapraia.com.br\/wp-content\/uploads\/2021\/05\/IMG-20210526-WA0006-300x254.jpg 300w, https:\/\/tribunadapraia.com.br\/wp-content\/uploads\/2021\/05\/IMG-20210526-WA0006.jpg 640w\" sizes=\"(max-width: 300px) 100vw, 300px\" \/><\/p>\n<p>\u25a0 Barra dos Coqueiros<\/p>\n<p>A prefeitura de Barra dos Coqueiros ir\u00e1 anunciar na pr\u00f3xima semana, quando se comemora o Dia Mundial do Meio Ambiente, uma s\u00e9rie de a\u00e7\u00f5es e pol\u00edticas p\u00fablicas para o setor. &#8220;A popula\u00e7\u00e3o da Ilha de Santa Luzia vai sentir orgulho de morar aqui&#8221;, prev\u00ea Edson Aparecido, secret\u00e1rio Municipal de Meio Ambiente.<\/p>\n<p>\u25a0 S\u00e3o Crist\u00f3v\u00e3o<\/p>\n<p>T\u00eam sido recorrente \u00e0s reclama\u00e7\u00f5es da popula\u00e7\u00e3o da cidade de S\u00e3o Crist\u00f3v\u00e3o, primeira capital de Sergipe, em rela\u00e7\u00e3o a presta\u00e7\u00e3o de servi\u00e7os pelo SAAE (Servi\u00e7o Aut\u00f4nomo de \u00c1gua e Esgoto) naquele munic\u00edpio.<\/p>\n<p>\u25a0 Mensagem<\/p>\n<p>&#8220;Se queres ser universal , cante sua aldeia&#8221;. (Leon Tolstoi).<\/p>\n<p>por ClaudOmir Herzog (52), diretor da RPCA Sergipe<\/p>\n","protected":false},"excerpt":{"rendered":"<p>A coluna de ClaudOmir Herzog | Foto: Infonet Inc\u00eandio no Hospital Nestor Piva, na Avenida Maranh\u00e3o em Aracaju, comoveu o estado de Sergipe e teve repercuss\u00e3o nacional. Em torno do acidente formou-se uma corrente de solidariedade. \u25a0 NS do Socorro O Minist\u00e9rio P\u00fablico Eleitoral de Sergipe pede a cassa\u00e7\u00e3o do diploma, mandato e inelegibilidade do prefeito de NS do Socorro Padre Inaldo C\u00e9sar (PP) e vice-prefeito, acusados de abuso do<\/p>\n","protected":false},"author":3,"featured_media":2637,"comment_status":"open","ping_status":"open","sticky":false,"template":"","format":"standard","meta":[],"categories":[18],"tags":[],"yoast_head":"<!-- This site is optimized with the Yoast SEO plugin v16.3 - https:\/\/yoast.com\/wordpress\/plugins\/seo\/ -->\n<title>Fique de olho: Inc\u00eandio no Hospital Nestor Piva e rede de solidariedade - TRIBUNA DA PRAIA<\/title>\n<meta name=\"robots\" content=\"index, follow, max-snippet:-1, max-image-preview:large, max-video-preview:-1\" \/>\n<link rel=\"canonical\" href=\"https:\/\/tribunadapraia.com.br\/?p=2636\" \/>\n<meta property=\"og:locale\" content=\"pt_BR\" \/>\n<meta property=\"og:type\" content=\"article\" \/>\n<meta property=\"og:title\" content=\"Fique de olho: Inc\u00eandio no Hospital Nestor Piva e rede de solidariedade - TRIBUNA DA PRAIA\" \/>\n<meta property=\"og:description\" content=\"A coluna de ClaudOmir Herzog | Foto: Infonet Inc\u00eandio no Hospital Nestor Piva, na Avenida Maranh\u00e3o em Aracaju, comoveu o estado de Sergipe e teve repercuss\u00e3o nacional. Em torno do acidente formou-se uma corrente de solidariedade. \u25a0 NS do Socorro O Minist\u00e9rio P\u00fablico Eleitoral de Sergipe pede a cassa\u00e7\u00e3o do diploma, mandato e inelegibilidade do prefeito de NS do Socorro Padre Inaldo C\u00e9sar (PP) e vice-prefeito, acusados de abuso do\" \/>\n<meta property=\"og:url\" content=\"https:\/\/tribunadapraia.com.br\/?p=2636\" \/>\n<meta property=\"og:site_name\" content=\"TRIBUNA DA PRAIA\" \/>\n<meta property=\"article:publisher\" content=\"https:\/\/www.facebook.com\/tribunadapraiaonline\/\" \/>\n<meta property=\"article:published_time\" content=\"2021-05-29T12:26:45+00:00\" \/>\n<meta property=\"og:image\" content=\"https:\/\/tribunadapraia.com.br\/wp-content\/uploads\/2021\/05\/incendionestorpiva_fotobombeiros_280521-357x210-1.jpg\" \/>\n\t<meta property=\"og:image:width\" content=\"357\" \/>\n\t<meta property=\"og:image:height\" content=\"210\" \/>\n<meta name=\"twitter:card\" content=\"summary_large_image\" \/>\n<meta name=\"twitter:creator\" content=\"@Claudomir21\" \/>\n<meta name=\"twitter:site\" content=\"@Claudomir21\" \/>\n<meta name=\"twitter:label1\" content=\"Est. tempo de leitura\">\n\t<meta name=\"twitter:data1\" content=\"2 minutos\">\n<script type=\"application\/ld+json\" class=\"yoast-schema-graph\">{\"@context\":\"https:\/\/schema.org\",\"@graph\":[{\"@type\":\"Organization\",\"@id\":\"https:\/\/tribunadapraia.com.br\/#organization\",\"name\":\"Tribuna da Praia\",\"url\":\"https:\/\/tribunadapraia.com.br\/\",\"sameAs\":[\"https:\/\/www.facebook.com\/tribunadapraiaonline\/\",\"https:\/\/www.instagram.com\/claudomirtavares\/\",\"https:\/\/www.youtube.com\/channel\/UCwQf80nxiMzCefAyjbp53Rw\",\"https:\/\/twitter.com\/Claudomir21\"],\"logo\":{\"@type\":\"ImageObject\",\"@id\":\"https:\/\/tribunadapraia.com.br\/#logo\",\"inLanguage\":\"pt-BR\",\"url\":\"https:\/\/tribunadapraia.com.br\/wp-content\/uploads\/2020\/02\/logo.png\",\"contentUrl\":\"https:\/\/tribunadapraia.com.br\/wp-content\/uploads\/2020\/02\/logo.png\",\"width\":501,\"height\":121,\"caption\":\"Tribuna da Praia\"},\"image\":{\"@id\":\"https:\/\/tribunadapraia.com.br\/#logo\"}},{\"@type\":\"WebSite\",\"@id\":\"https:\/\/tribunadapraia.com.br\/#website\",\"url\":\"https:\/\/tribunadapraia.com.br\/\",\"name\":\"TRIBUNA DA PRAIA\",\"description\":\"O 1\\u00ba jornal do interior de Sergipe na internet\",\"publisher\":{\"@id\":\"https:\/\/tribunadapraia.com.br\/#organization\"},\"potentialAction\":[{\"@type\":\"SearchAction\",\"target\":\"https:\/\/tribunadapraia.com.br\/?s={search_term_string}\",\"query-input\":\"required name=search_term_string\"}],\"inLanguage\":\"pt-BR\"},{\"@type\":\"ImageObject\",\"@id\":\"https:\/\/tribunadapraia.com.br\/?p=2636#primaryimage\",\"inLanguage\":\"pt-BR\",\"url\":\"https:\/\/tribunadapraia.com.br\/wp-content\/uploads\/2021\/05\/incendionestorpiva_fotobombeiros_280521-357x210-1.jpg\",\"contentUrl\":\"https:\/\/tribunadapraia.com.br\/wp-content\/uploads\/2021\/05\/incendionestorpiva_fotobombeiros_280521-357x210-1.jpg\",\"width\":357,\"height\":210},{\"@type\":\"WebPage\",\"@id\":\"https:\/\/tribunadapraia.com.br\/?p=2636#webpage\",\"url\":\"https:\/\/tribunadapraia.com.br\/?p=2636\",\"name\":\"Fique de olho: Inc\\u00eandio no Hospital Nestor Piva e rede de solidariedade - TRIBUNA DA PRAIA\",\"isPartOf\":{\"@id\":\"https:\/\/tribunadapraia.com.br\/#website\"},\"primaryImageOfPage\":{\"@id\":\"https:\/\/tribunadapraia.com.br\/?p=2636#primaryimage\"},\"datePublished\":\"2021-05-29T12:26:45+00:00\",\"dateModified\":\"2021-05-29T12:26:45+00:00\",\"breadcrumb\":{\"@id\":\"https:\/\/tribunadapraia.com.br\/?p=2636#breadcrumb\"},\"inLanguage\":\"pt-BR\",\"potentialAction\":[{\"@type\":\"ReadAction\",\"target\":[\"https:\/\/tribunadapraia.com.br\/?p=2636\"]}]},{\"@type\":\"BreadcrumbList\",\"@id\":\"https:\/\/tribunadapraia.com.br\/?p=2636#breadcrumb\",\"itemListElement\":[{\"@type\":\"ListItem\",\"position\":1,\"item\":{\"@type\":\"WebPage\",\"@id\":\"https:\/\/tribunadapraia.com.br\/\",\"url\":\"https:\/\/tribunadapraia.com.br\/\",\"name\":\"In\\u00edcio\"}},{\"@type\":\"ListItem\",\"position\":2,\"item\":{\"@id\":\"https:\/\/tribunadapraia.com.br\/?p=2636#webpage\"}}]},{\"@type\":\"Article\",\"@id\":\"https:\/\/tribunadapraia.com.br\/?p=2636#article\",\"isPartOf\":{\"@id\":\"https:\/\/tribunadapraia.com.br\/?p=2636#webpage\"},\"author\":{\"@id\":\"https:\/\/tribunadapraia.com.br\/#\/schema\/person\/099fbbf59acc5895c0d7d52b4fc46c97\"},\"headline\":\"Fique de olho: Inc\\u00eandio no Hospital Nestor Piva e rede de solidariedade\",\"datePublished\":\"2021-05-29T12:26:45+00:00\",\"dateModified\":\"2021-05-29T12:26:45+00:00\",\"mainEntityOfPage\":{\"@id\":\"https:\/\/tribunadapraia.com.br\/?p=2636#webpage\"},\"wordCount\":254,\"commentCount\":0,\"publisher\":{\"@id\":\"https:\/\/tribunadapraia.com.br\/#organization\"},\"image\":{\"@id\":\"https:\/\/tribunadapraia.com.br\/?p=2636#primaryimage\"},\"thumbnailUrl\":\"https:\/\/tribunadapraia.com.br\/wp-content\/uploads\/2021\/05\/incendionestorpiva_fotobombeiros_280521-357x210-1.jpg\",\"articleSection\":[\"Not\\u00edcias\"],\"inLanguage\":\"pt-BR\",\"potentialAction\":[{\"@type\":\"CommentAction\",\"name\":\"Comment\",\"target\":[\"https:\/\/tribunadapraia.com.br\/?p=2636#respond\"]}]},{\"@type\":\"Person\",\"@id\":\"https:\/\/tribunadapraia.com.br\/#\/schema\/person\/099fbbf59acc5895c0d7d52b4fc46c97\",\"name\":\"Reda\\u00e7\\u00e3o\",\"image\":{\"@type\":\"ImageObject\",\"@id\":\"https:\/\/tribunadapraia.com.br\/#personlogo\",\"inLanguage\":\"pt-BR\",\"url\":\"https:\/\/secure.gravatar.com\/avatar\/91c8b91d2bfd7784eac5c3e055361f64?s=96&d=identicon&r=g\",\"contentUrl\":\"https:\/\/secure.gravatar.com\/avatar\/91c8b91d2bfd7784eac5c3e055361f64?s=96&d=identicon&r=g\",\"caption\":\"Reda\\u00e7\\u00e3o\"}}]}<\/script>\n<!-- \/ Yoast SEO plugin. -->","wps_subtitle":"","_links":{"self":[{"href":"https:\/\/tribunadapraia.com.br\/index.php?rest_route=\/wp\/v2\/posts\/2636"}],"collection":[{"href":"https:\/\/tribunadapraia.com.br\/index.php?rest_route=\/wp\/v2\/posts"}],"about":[{"href":"https:\/\/tribunadapraia.com.br\/index.php?rest_route=\/wp\/v2\/types\/post"}],"author":[{"embeddable":true,"href":"https:\/\/tribunadapraia.com.br\/index.php?rest_route=\/wp\/v2\/users\/3"}],"replies":[{"embeddable":true,"href":"https:\/\/tribunadapraia.com.br\/index.php?rest_route=%2Fwp%2Fv2%2Fcomments&post=2636"}],"version-history":[{"count":1,"href":"https:\/\/tribunadapraia.com.br\/index.php?rest_route=\/wp\/v2\/posts\/2636\/revisions"}],"predecessor-version":[{"id":2639,"href":"https:\/\/tribunadapraia.com.br\/index.php?rest_route=\/wp\/v2\/posts\/2636\/revisions\/2639"}],"wp:featuredmedia":[{"embeddable":true,"href":"https:\/\/tribunadapraia.com.br\/index.php?rest_route=\/wp\/v2\/media\/2637"}],"wp:attachment":[{"href":"https:\/\/tribunadapraia.com.br\/index.php?rest_route=%2Fwp%2Fv2%2Fmedia&parent=2636"}],"wp:term":[{"taxonomy":"category","embeddable":true,"href":"https:\/\/tribunadapraia.com.br\/index.php?rest_route=%2Fwp%2Fv2%2Fcategories&post=2636"},{"taxonomy":"post_tag","embeddable":true,"href":"https:\/\/tribunadapraia.com.br\/index.php?rest_route=%2Fwp%2Fv2%2Ftags&post=2636"}],"curies":[{"name":"wp","href":"https:\/\/api.w.org\/{rel}","templated":true}]}}