{"id":2622,"date":"2021-05-26T08:17:53","date_gmt":"2021-05-26T11:17:53","guid":{"rendered":"https:\/\/tribunadapraia.com.br\/?p=2622"},"modified":"2021-05-26T09:14:09","modified_gmt":"2021-05-26T12:14:09","slug":"do-saae-ao-a-deso-um-recorte-historico-do-saneamento-basico-em-propria-parte-1","status":"publish","type":"post","link":"https:\/\/tribunadapraia.com.br\/?p=2622","title":{"rendered":"Do SAAE ao\/a DESO, um recorte hist\u00f3rico do saneamento b\u00e1sico em Propri\u00e1 &#8211; Parte 1"},"content":{"rendered":"<p>At\u00e9 a d\u00e9cada de 1960, os poucos munic\u00edpios sergipanos que ofereciam algum servi\u00e7o de distribui\u00e7\u00e3o de \u00e1gua e tratamento de esgotos as suas respectivas popula\u00e7\u00f5es, estes eram prestados pelo Servi\u00e7o Aut\u00f4nomo de \u00c1gua e Esgoto (SAAE), estando ainda presente em alguns deles, a exemplo de Capela e Carm\u00f3polis no Vale do Japaratuba, Est\u00e2ncia no Sul Sergipano e S\u00e3o Crist\u00f3v\u00e3o na Grande Aracaju. Ainda que n\u00e3o integrados, os SAAE&#8217;s eram pren\u00fancios de autarquias locais, um esp\u00e9cie de embri\u00e3o da dispersa pol\u00edtica nacional de gerenciamento e gest\u00e3o dos recursos h\u00eddricos e incipiente saneamento ambiental, como se v\u00ea na cidade alagoana de Porto Real do Col\u00e9gio.<\/p>\n<p><img loading=\"lazy\" class=\"alignnone size-full wp-image-2627\" src=\"https:\/\/tribunadapraia.com.br\/wp-content\/uploads\/2021\/05\/1452022_544515285631929_1332613632_n.jpg\" alt=\"\" width=\"280\" height=\"172\" \/><\/p>\n<p>Atrav\u00e9s da Lei n\u00ba 1195 de 13\/08\/1963, foi criado o Departamento Estadual de Saneamento e Obras P\u00fablicas de Sergipe (DESO), tendo como atribui\u00e7\u00f5es b\u00e1sicas dirigir a organiza\u00e7\u00e3o dos servi\u00e7os de \u00e1gua e esgotos. A evolu\u00e7\u00e3o destes servi\u00e7os, bem como o pr\u00f3prio crescimento urbano, econ\u00f4mico e social do estado, requereu a transforma\u00e7\u00e3o na estrutura organizacional, criando-se a Companhia de Saneamento de Sergipe, constitu\u00edda por meio do Decreto-Lei Estadual n\u00ba 109 datado de 25 de agosto de 1969, preservando a sigla DESO.<\/p>\n<p><img loading=\"lazy\" class=\"alignnone size-medium wp-image-2629\" src=\"https:\/\/tribunadapraia.com.br\/wp-content\/uploads\/2021\/05\/IMG-20210526-WA0000-1-300x273.jpg\" alt=\"\" width=\"300\" height=\"273\" srcset=\"https:\/\/tribunadapraia.com.br\/wp-content\/uploads\/2021\/05\/IMG-20210526-WA0000-1-300x273.jpg 300w, https:\/\/tribunadapraia.com.br\/wp-content\/uploads\/2021\/05\/IMG-20210526-WA0000-1.jpg 720w\" sizes=\"(max-width: 300px) 100vw, 300px\" \/><\/p>\n<p>A partir da\u00ed inicia-se um ciclo de concess\u00e3o dos servi\u00e7os locais que passaram a ser prestados pela DESO, que tamb\u00e9m amplia sua presen\u00e7a em quase a totalidade do estado. \u00c9 o caso de Propri\u00e1, no Baixo S\u00e3o Francisco, distante 98 km da capital Aracaju, que transferiu n\u00e3o apenas a administra\u00e7\u00e3o, como toda a estrutura, a \u00e9poca restrita ao que hoje constitui o s\u00edtio hist\u00f3rico da cidade ribeirinha um privil\u00e9gio de poucos. Parte da popula\u00e7\u00e3o urbana e a totalidade das comunidades rurais ainda viviam na base da &#8220;lata d&#8217;\u00e1gua na cabe\u00e7a&#8221;.<\/p>\n<p><img loading=\"lazy\" class=\"alignnone size-medium wp-image-2630\" src=\"https:\/\/tribunadapraia.com.br\/wp-content\/uploads\/2021\/05\/IMG-20210526-WA0004-300x258.jpg\" alt=\"\" width=\"300\" height=\"258\" srcset=\"https:\/\/tribunadapraia.com.br\/wp-content\/uploads\/2021\/05\/IMG-20210526-WA0004-300x258.jpg 300w, https:\/\/tribunadapraia.com.br\/wp-content\/uploads\/2021\/05\/IMG-20210526-WA0004.jpg 720w\" sizes=\"(max-width: 300px) 100vw, 300px\" \/><\/p>\n<p>A rede de distribui\u00e7\u00e3o de \u00e1gua no centro de Propri\u00e1 continua com a tubula\u00e7\u00e3o de canos que em alguns casos contabilizam mais de 60 anos, sem nunca ter sido substitu\u00eddos, mas feito os reparos pontuais, no que torna-se constante estouros pontuais, sendo necess\u00e1rio uma grande opera\u00e7\u00e3o e investinentos volumosos.<\/p>\n<p>Uma obra ainda cheia de situa\u00e7\u00f5es n\u00e3o explicadas efetuada pela Prefeitura de Propri\u00e1 no final da d\u00e9cada de 1990, o esgotamento sanit\u00e1rio elevaria o munic\u00edpio a condi\u00e7\u00e3o de \u00fanico \u00e0s margens de toda a calha do rio S\u00e3o Francisco a ter seus efluentes devidamente tratados, mas a execu\u00e7\u00e3o parcial e n\u00e3o interliga\u00e7\u00e3o at\u00e9 a esta\u00e7\u00e3o de tratamento localizado no povoado S\u00e3o Vicente, distante 3 km da sede do munic\u00edpio, t\u00eam provocado desconforto e transtorno a sociedade, diante da falta de operacionaliza\u00e7\u00e3o do sistema pela DESO, que t\u00eam sofrido com o desmonte e debacle ao londo destas \u00faltimas duas d\u00e9cadas.<\/p>\n<p><img loading=\"lazy\" class=\"alignnone size-full wp-image-2631\" src=\"https:\/\/tribunadapraia.com.br\/wp-content\/uploads\/2021\/05\/10173644_1493240940899335_1394675411_n.jpg\" alt=\"\" width=\"213\" height=\"280\" \/><\/p>\n<p>Este combo de uma pe\u00e7a com tais atos encenados por atores sociais e aquiesc\u00eancia do povo de Propri\u00e1, cujas escolhas recaem em suas costas, resultaram na hecatombe que se abateu sobre todos: falta de \u00e1gua, avaria\u00e7\u00e3o de ruas, contas exorbitantes e muito &#8220;bl\u00e1, bl\u00e1,:bl\u00e1&#8221; e &#8220;mi, mi, mi&#8221; de uma inopetante e incapaz classe pol\u00edtica de improducente resultados.<\/p>\n<p>por ClaudOmir Herzog (52), cidad\u00e3o honor\u00e1rio de Propri\u00e1, historiador e p\u00f3s-gradua\u00e7\u00e3o (aperfei\u00e7oamento e especializa\u00e7\u00e3o) em gest\u00e3o de recursos h\u00eddricos pela Universidade Federal de Sergipe (UFS) | fotos: Acervo de Washington L. Prata<\/p>\n","protected":false},"excerpt":{"rendered":"<p>At\u00e9 a d\u00e9cada de 1960, os poucos munic\u00edpios sergipanos que ofereciam algum servi\u00e7o de distribui\u00e7\u00e3o de \u00e1gua e tratamento de esgotos as suas respectivas popula\u00e7\u00f5es, estes eram prestados pelo Servi\u00e7o Aut\u00f4nomo de \u00c1gua e Esgoto (SAAE), estando ainda presente em alguns deles, a exemplo de Capela e Carm\u00f3polis no Vale do Japaratuba, Est\u00e2ncia no Sul Sergipano e S\u00e3o Crist\u00f3v\u00e3o na Grande Aracaju. Ainda que n\u00e3o integrados, os SAAE&#8217;s eram pren\u00fancios<\/p>\n","protected":false},"author":3,"featured_media":2625,"comment_status":"open","ping_status":"open","sticky":false,"template":"","format":"standard","meta":[],"categories":[18],"tags":[],"yoast_head":"<!-- This site is optimized with the Yoast SEO plugin v16.3 - https:\/\/yoast.com\/wordpress\/plugins\/seo\/ -->\n<title>Do SAAE ao\/a DESO, um recorte hist\u00f3rico do saneamento b\u00e1sico em Propri\u00e1 - Parte 1 - TRIBUNA DA PRAIA<\/title>\n<meta name=\"robots\" content=\"index, follow, max-snippet:-1, max-image-preview:large, max-video-preview:-1\" \/>\n<link rel=\"canonical\" href=\"https:\/\/tribunadapraia.com.br\/?p=2622\" \/>\n<meta property=\"og:locale\" content=\"pt_BR\" \/>\n<meta property=\"og:type\" content=\"article\" \/>\n<meta property=\"og:title\" content=\"Do SAAE ao\/a DESO, um recorte hist\u00f3rico do saneamento b\u00e1sico em Propri\u00e1 - Parte 1 - TRIBUNA DA PRAIA\" \/>\n<meta property=\"og:description\" content=\"At\u00e9 a d\u00e9cada de 1960, os poucos munic\u00edpios sergipanos que ofereciam algum servi\u00e7o de distribui\u00e7\u00e3o de \u00e1gua e tratamento de esgotos as suas respectivas popula\u00e7\u00f5es, estes eram prestados pelo Servi\u00e7o Aut\u00f4nomo de \u00c1gua e Esgoto (SAAE), estando ainda presente em alguns deles, a exemplo de Capela e Carm\u00f3polis no Vale do Japaratuba, Est\u00e2ncia no Sul Sergipano e S\u00e3o Crist\u00f3v\u00e3o na Grande Aracaju. Ainda que n\u00e3o integrados, os SAAE&#8217;s eram pren\u00fancios\" \/>\n<meta property=\"og:url\" content=\"https:\/\/tribunadapraia.com.br\/?p=2622\" \/>\n<meta property=\"og:site_name\" content=\"TRIBUNA DA PRAIA\" \/>\n<meta property=\"article:publisher\" content=\"https:\/\/www.facebook.com\/tribunadapraiaonline\/\" \/>\n<meta property=\"article:published_time\" content=\"2021-05-26T11:17:53+00:00\" \/>\n<meta property=\"article:modified_time\" content=\"2021-05-26T12:14:09+00:00\" \/>\n<meta property=\"og:image\" content=\"https:\/\/tribunadapraia.com.br\/wp-content\/uploads\/2021\/05\/1497560_593209147429209_691446348_n.jpg\" \/>\n\t<meta property=\"og:image:width\" content=\"280\" \/>\n\t<meta property=\"og:image:height\" content=\"184\" \/>\n<meta name=\"twitter:card\" content=\"summary_large_image\" \/>\n<meta name=\"twitter:creator\" content=\"@Claudomir21\" \/>\n<meta name=\"twitter:site\" content=\"@Claudomir21\" \/>\n<meta name=\"twitter:label1\" content=\"Est. tempo de leitura\">\n\t<meta name=\"twitter:data1\" content=\"4 minutos\">\n<script type=\"application\/ld+json\" class=\"yoast-schema-graph\">{\"@context\":\"https:\/\/schema.org\",\"@graph\":[{\"@type\":\"Organization\",\"@id\":\"https:\/\/tribunadapraia.com.br\/#organization\",\"name\":\"Tribuna da Praia\",\"url\":\"https:\/\/tribunadapraia.com.br\/\",\"sameAs\":[\"https:\/\/www.facebook.com\/tribunadapraiaonline\/\",\"https:\/\/www.instagram.com\/claudomirtavares\/\",\"https:\/\/www.youtube.com\/channel\/UCwQf80nxiMzCefAyjbp53Rw\",\"https:\/\/twitter.com\/Claudomir21\"],\"logo\":{\"@type\":\"ImageObject\",\"@id\":\"https:\/\/tribunadapraia.com.br\/#logo\",\"inLanguage\":\"pt-BR\",\"url\":\"https:\/\/tribunadapraia.com.br\/wp-content\/uploads\/2020\/02\/logo.png\",\"contentUrl\":\"https:\/\/tribunadapraia.com.br\/wp-content\/uploads\/2020\/02\/logo.png\",\"width\":501,\"height\":121,\"caption\":\"Tribuna da Praia\"},\"image\":{\"@id\":\"https:\/\/tribunadapraia.com.br\/#logo\"}},{\"@type\":\"WebSite\",\"@id\":\"https:\/\/tribunadapraia.com.br\/#website\",\"url\":\"https:\/\/tribunadapraia.com.br\/\",\"name\":\"TRIBUNA DA PRAIA\",\"description\":\"O 1\\u00ba jornal do interior de Sergipe na internet\",\"publisher\":{\"@id\":\"https:\/\/tribunadapraia.com.br\/#organization\"},\"potentialAction\":[{\"@type\":\"SearchAction\",\"target\":\"https:\/\/tribunadapraia.com.br\/?s={search_term_string}\",\"query-input\":\"required name=search_term_string\"}],\"inLanguage\":\"pt-BR\"},{\"@type\":\"ImageObject\",\"@id\":\"https:\/\/tribunadapraia.com.br\/?p=2622#primaryimage\",\"inLanguage\":\"pt-BR\",\"url\":\"https:\/\/tribunadapraia.com.br\/wp-content\/uploads\/2021\/05\/1497560_593209147429209_691446348_n.jpg\",\"contentUrl\":\"https:\/\/tribunadapraia.com.br\/wp-content\/uploads\/2021\/05\/1497560_593209147429209_691446348_n.jpg\",\"width\":280,\"height\":184},{\"@type\":\"WebPage\",\"@id\":\"https:\/\/tribunadapraia.com.br\/?p=2622#webpage\",\"url\":\"https:\/\/tribunadapraia.com.br\/?p=2622\",\"name\":\"Do SAAE ao\/a DESO, um recorte hist\\u00f3rico do saneamento b\\u00e1sico em Propri\\u00e1 - Parte 1 - TRIBUNA DA PRAIA\",\"isPartOf\":{\"@id\":\"https:\/\/tribunadapraia.com.br\/#website\"},\"primaryImageOfPage\":{\"@id\":\"https:\/\/tribunadapraia.com.br\/?p=2622#primaryimage\"},\"datePublished\":\"2021-05-26T11:17:53+00:00\",\"dateModified\":\"2021-05-26T12:14:09+00:00\",\"breadcrumb\":{\"@id\":\"https:\/\/tribunadapraia.com.br\/?p=2622#breadcrumb\"},\"inLanguage\":\"pt-BR\",\"potentialAction\":[{\"@type\":\"ReadAction\",\"target\":[\"https:\/\/tribunadapraia.com.br\/?p=2622\"]}]},{\"@type\":\"BreadcrumbList\",\"@id\":\"https:\/\/tribunadapraia.com.br\/?p=2622#breadcrumb\",\"itemListElement\":[{\"@type\":\"ListItem\",\"position\":1,\"item\":{\"@type\":\"WebPage\",\"@id\":\"https:\/\/tribunadapraia.com.br\/\",\"url\":\"https:\/\/tribunadapraia.com.br\/\",\"name\":\"In\\u00edcio\"}},{\"@type\":\"ListItem\",\"position\":2,\"item\":{\"@id\":\"https:\/\/tribunadapraia.com.br\/?p=2622#webpage\"}}]},{\"@type\":\"Article\",\"@id\":\"https:\/\/tribunadapraia.com.br\/?p=2622#article\",\"isPartOf\":{\"@id\":\"https:\/\/tribunadapraia.com.br\/?p=2622#webpage\"},\"author\":{\"@id\":\"https:\/\/tribunadapraia.com.br\/#\/schema\/person\/099fbbf59acc5895c0d7d52b4fc46c97\"},\"headline\":\"Do SAAE ao\/a DESO, um recorte hist\\u00f3rico do saneamento b\\u00e1sico em Propri\\u00e1 &#8211; Parte 1\",\"datePublished\":\"2021-05-26T11:17:53+00:00\",\"dateModified\":\"2021-05-26T12:14:09+00:00\",\"mainEntityOfPage\":{\"@id\":\"https:\/\/tribunadapraia.com.br\/?p=2622#webpage\"},\"wordCount\":595,\"commentCount\":0,\"publisher\":{\"@id\":\"https:\/\/tribunadapraia.com.br\/#organization\"},\"image\":{\"@id\":\"https:\/\/tribunadapraia.com.br\/?p=2622#primaryimage\"},\"thumbnailUrl\":\"https:\/\/tribunadapraia.com.br\/wp-content\/uploads\/2021\/05\/1497560_593209147429209_691446348_n.jpg\",\"articleSection\":[\"Not\\u00edcias\"],\"inLanguage\":\"pt-BR\",\"potentialAction\":[{\"@type\":\"CommentAction\",\"name\":\"Comment\",\"target\":[\"https:\/\/tribunadapraia.com.br\/?p=2622#respond\"]}]},{\"@type\":\"Person\",\"@id\":\"https:\/\/tribunadapraia.com.br\/#\/schema\/person\/099fbbf59acc5895c0d7d52b4fc46c97\",\"name\":\"Reda\\u00e7\\u00e3o\",\"image\":{\"@type\":\"ImageObject\",\"@id\":\"https:\/\/tribunadapraia.com.br\/#personlogo\",\"inLanguage\":\"pt-BR\",\"url\":\"https:\/\/secure.gravatar.com\/avatar\/91c8b91d2bfd7784eac5c3e055361f64?s=96&d=identicon&r=g\",\"contentUrl\":\"https:\/\/secure.gravatar.com\/avatar\/91c8b91d2bfd7784eac5c3e055361f64?s=96&d=identicon&r=g\",\"caption\":\"Reda\\u00e7\\u00e3o\"}}]}<\/script>\n<!-- \/ Yoast SEO plugin. -->","wps_subtitle":"","_links":{"self":[{"href":"https:\/\/tribunadapraia.com.br\/index.php?rest_route=\/wp\/v2\/posts\/2622"}],"collection":[{"href":"https:\/\/tribunadapraia.com.br\/index.php?rest_route=\/wp\/v2\/posts"}],"about":[{"href":"https:\/\/tribunadapraia.com.br\/index.php?rest_route=\/wp\/v2\/types\/post"}],"author":[{"embeddable":true,"href":"https:\/\/tribunadapraia.com.br\/index.php?rest_route=\/wp\/v2\/users\/3"}],"replies":[{"embeddable":true,"href":"https:\/\/tribunadapraia.com.br\/index.php?rest_route=%2Fwp%2Fv2%2Fcomments&post=2622"}],"version-history":[{"count":4,"href":"https:\/\/tribunadapraia.com.br\/index.php?rest_route=\/wp\/v2\/posts\/2622\/revisions"}],"predecessor-version":[{"id":2633,"href":"https:\/\/tribunadapraia.com.br\/index.php?rest_route=\/wp\/v2\/posts\/2622\/revisions\/2633"}],"wp:featuredmedia":[{"embeddable":true,"href":"https:\/\/tribunadapraia.com.br\/index.php?rest_route=\/wp\/v2\/media\/2625"}],"wp:attachment":[{"href":"https:\/\/tribunadapraia.com.br\/index.php?rest_route=%2Fwp%2Fv2%2Fmedia&parent=2622"}],"wp:term":[{"taxonomy":"category","embeddable":true,"href":"https:\/\/tribunadapraia.com.br\/index.php?rest_route=%2Fwp%2Fv2%2Fcategories&post=2622"},{"taxonomy":"post_tag","embeddable":true,"href":"https:\/\/tribunadapraia.com.br\/index.php?rest_route=%2Fwp%2Fv2%2Ftags&post=2622"}],"curies":[{"name":"wp","href":"https:\/\/api.w.org\/{rel}","templated":true}]}}