{"id":2490,"date":"2021-05-04T02:23:23","date_gmt":"2021-05-04T05:23:23","guid":{"rendered":"https:\/\/tribunadapraia.com.br\/?p=2490"},"modified":"2021-05-04T02:29:05","modified_gmt":"2021-05-04T05:29:05","slug":"escandalo-em-plena-pandemia-do-covid-19-camara-de-barra-dos-coqueiros-aprova-gratificacao-imoral-de-30-um-mal-exrmplo-para-sergipe","status":"publish","type":"post","link":"https:\/\/tribunadapraia.com.br\/?p=2490","title":{"rendered":"Esc\u00e2ndalo: Em plena pandemia do Covid-19, C\u00e2mara de Barra dos Coqueiros aprova gratifica\u00e7\u00e3o imoral de 30%, um mal exrmplo para Sergipe"},"content":{"rendered":"<p>Atrav\u00e9s da Resolu\u00e7\u00e3o n\u00b0 03\/2021 (ver anexos), de 15 de mar\u00e7o de 2021, assinada pelo presidente Ant\u00f4nio Fernando Santos de Freitas (MDB) em 23 de mar\u00e7o de 2021, a C\u00e2mara de Barra dos Coqueiros instituiu verba de representa\u00e7\u00e3o de 30% sobre os sibs\u00eddios dos 5 membros da mesa diretora e aos 8 presidentes das comiss\u00f5es permanentes daquele poder, contemplando 13 parlamentares, que se baseou em resolu\u00e7\u00f5es do Tribunal de Contas do Estado (de 2019) e da Assrmbl\u00e9ia Legislativa de Sergipe (de 2015).<\/p>\n<p><img loading=\"lazy\" class=\"alignnone size-medium wp-image-2492\" src=\"https:\/\/tribunadapraia.com.br\/wp-content\/uploads\/2021\/05\/IMG-20210504-WA0001-218x300.jpg\" alt=\"\" width=\"218\" height=\"300\" srcset=\"https:\/\/tribunadapraia.com.br\/wp-content\/uploads\/2021\/05\/IMG-20210504-WA0001-218x300.jpg 218w, https:\/\/tribunadapraia.com.br\/wp-content\/uploads\/2021\/05\/IMG-20210504-WA0001.jpg 720w\" sizes=\"(max-width: 218px) 100vw, 218px\" \/><\/p>\n<p>Esta iniciativa da C\u00e2mara de Barra dos Coqueiros j\u00e1 seria um &#8220;tapa na cara&#8221; da popula\u00e7\u00e3o da Ilha de Santa Luzia em outros tempos, imaginem em tempo de pandemia do Covid-19 e suas cepas variantes em que a for\u00e7a produtiva da sociedade t\u00eam acumulado perdas de emprego, diminui\u00e7\u00e3o de sal\u00e1rios e aumento das condi\u00e7\u00f5es de vulnerabilidade social que aflige milhares de irm\u00e3os.<\/p>\n<p><img loading=\"lazy\" class=\"alignnone size-medium wp-image-2493\" src=\"https:\/\/tribunadapraia.com.br\/wp-content\/uploads\/2021\/05\/IMG-20210504-WA0002-217x300.jpg\" alt=\"\" width=\"217\" height=\"300\" srcset=\"https:\/\/tribunadapraia.com.br\/wp-content\/uploads\/2021\/05\/IMG-20210504-WA0002-217x300.jpg 217w, https:\/\/tribunadapraia.com.br\/wp-content\/uploads\/2021\/05\/IMG-20210504-WA0002.jpg 720w\" sizes=\"(max-width: 217px) 100vw, 217px\" \/><\/p>\n<p>Apelamos humildemente a sensibilidade da edilidade barracoqueirense, na press\u00e3o de seus eleitores, para que seja revogada esta resolu\u00e7\u00e3o, pois mesmo que cal\u00e7ada em question\u00e1vel legalidade, n\u00e3o se sustenta do ponto de vista da \u00e9tica e da moralidade.<\/p>\n<p>Ah, e que este mau exemplo n\u00e3o seja copiado e &#8220;contaminado&#8221; em cadeia outras c\u00e2naras municipais nas terras Serigy.<\/p>\n<p><a href=\"https:\/\/tribunadapraia.com.br\/wp-content\/uploads\/2021\/05\/Resolucao-003-2021-VERBA-DE-REPRESENTACAO-CAMARA-DE-BARRA-DOS-COQUEIROS.pdf\">Resolu\u00e7\u00e3o 003-2021 VERBA DE REPRESENTA\u00c7\u00c3O CAMARA DE BARRA DOS COQUEIROS<\/a><\/p>\n<p>por ClaudOmir Herzog (52), barracoqueirense do Pomonga<\/p>\n","protected":false},"excerpt":{"rendered":"<p>Atrav\u00e9s da Resolu\u00e7\u00e3o n\u00b0 03\/2021 (ver anexos), de 15 de mar\u00e7o de 2021, assinada pelo presidente Ant\u00f4nio Fernando Santos de Freitas (MDB) em 23 de mar\u00e7o de 2021, a C\u00e2mara de Barra dos Coqueiros instituiu verba de representa\u00e7\u00e3o de 30% sobre os sibs\u00eddios dos 5 membros da mesa diretora e aos 8 presidentes das comiss\u00f5es permanentes daquele poder, contemplando 13 parlamentares, que se baseou em resolu\u00e7\u00f5es do Tribunal de Contas<\/p>\n","protected":false},"author":3,"featured_media":2491,"comment_status":"open","ping_status":"open","sticky":false,"template":"","format":"standard","meta":[],"categories":[18],"tags":[],"yoast_head":"<!-- This site is optimized with the Yoast SEO plugin v16.3 - https:\/\/yoast.com\/wordpress\/plugins\/seo\/ -->\n<title>Esc\u00e2ndalo: Em plena pandemia do Covid-19, C\u00e2mara de Barra dos Coqueiros aprova gratifica\u00e7\u00e3o imoral de 30%, um mal exrmplo para Sergipe - TRIBUNA DA PRAIA<\/title>\n<meta name=\"robots\" content=\"index, follow, max-snippet:-1, max-image-preview:large, max-video-preview:-1\" \/>\n<link rel=\"canonical\" href=\"https:\/\/tribunadapraia.com.br\/?p=2490\" \/>\n<meta property=\"og:locale\" content=\"pt_BR\" \/>\n<meta property=\"og:type\" content=\"article\" \/>\n<meta property=\"og:title\" content=\"Esc\u00e2ndalo: Em plena pandemia do Covid-19, C\u00e2mara de Barra dos Coqueiros aprova gratifica\u00e7\u00e3o imoral de 30%, um mal exrmplo para Sergipe - TRIBUNA DA PRAIA\" \/>\n<meta property=\"og:description\" content=\"Atrav\u00e9s da Resolu\u00e7\u00e3o n\u00b0 03\/2021 (ver anexos), de 15 de mar\u00e7o de 2021, assinada pelo presidente Ant\u00f4nio Fernando Santos de Freitas (MDB) em 23 de mar\u00e7o de 2021, a C\u00e2mara de Barra dos Coqueiros instituiu verba de representa\u00e7\u00e3o de 30% sobre os sibs\u00eddios dos 5 membros da mesa diretora e aos 8 presidentes das comiss\u00f5es permanentes daquele poder, contemplando 13 parlamentares, que se baseou em resolu\u00e7\u00f5es do Tribunal de Contas\" \/>\n<meta property=\"og:url\" content=\"https:\/\/tribunadapraia.com.br\/?p=2490\" \/>\n<meta property=\"og:site_name\" content=\"TRIBUNA DA PRAIA\" \/>\n<meta property=\"article:publisher\" content=\"https:\/\/www.facebook.com\/tribunadapraiaonline\/\" \/>\n<meta property=\"article:published_time\" content=\"2021-05-04T05:23:23+00:00\" \/>\n<meta property=\"article:modified_time\" content=\"2021-05-04T05:29:05+00:00\" \/>\n<meta property=\"og:image\" content=\"https:\/\/tribunadapraia.com.br\/wp-content\/uploads\/2021\/05\/vereadorfarra.jpg\" \/>\n\t<meta property=\"og:image:width\" content=\"400\" \/>\n\t<meta property=\"og:image:height\" content=\"306\" \/>\n<meta name=\"twitter:card\" content=\"summary_large_image\" \/>\n<meta name=\"twitter:creator\" content=\"@Claudomir21\" \/>\n<meta name=\"twitter:site\" content=\"@Claudomir21\" \/>\n<meta name=\"twitter:label1\" content=\"Est. tempo de leitura\">\n\t<meta name=\"twitter:data1\" content=\"2 minutos\">\n<script type=\"application\/ld+json\" class=\"yoast-schema-graph\">{\"@context\":\"https:\/\/schema.org\",\"@graph\":[{\"@type\":\"Organization\",\"@id\":\"https:\/\/tribunadapraia.com.br\/#organization\",\"name\":\"Tribuna da Praia\",\"url\":\"https:\/\/tribunadapraia.com.br\/\",\"sameAs\":[\"https:\/\/www.facebook.com\/tribunadapraiaonline\/\",\"https:\/\/www.instagram.com\/claudomirtavares\/\",\"https:\/\/www.youtube.com\/channel\/UCwQf80nxiMzCefAyjbp53Rw\",\"https:\/\/twitter.com\/Claudomir21\"],\"logo\":{\"@type\":\"ImageObject\",\"@id\":\"https:\/\/tribunadapraia.com.br\/#logo\",\"inLanguage\":\"pt-BR\",\"url\":\"https:\/\/tribunadapraia.com.br\/wp-content\/uploads\/2020\/02\/logo.png\",\"contentUrl\":\"https:\/\/tribunadapraia.com.br\/wp-content\/uploads\/2020\/02\/logo.png\",\"width\":501,\"height\":121,\"caption\":\"Tribuna da Praia\"},\"image\":{\"@id\":\"https:\/\/tribunadapraia.com.br\/#logo\"}},{\"@type\":\"WebSite\",\"@id\":\"https:\/\/tribunadapraia.com.br\/#website\",\"url\":\"https:\/\/tribunadapraia.com.br\/\",\"name\":\"TRIBUNA DA PRAIA\",\"description\":\"O 1\\u00ba jornal do interior de Sergipe na internet\",\"publisher\":{\"@id\":\"https:\/\/tribunadapraia.com.br\/#organization\"},\"potentialAction\":[{\"@type\":\"SearchAction\",\"target\":\"https:\/\/tribunadapraia.com.br\/?s={search_term_string}\",\"query-input\":\"required name=search_term_string\"}],\"inLanguage\":\"pt-BR\"},{\"@type\":\"ImageObject\",\"@id\":\"https:\/\/tribunadapraia.com.br\/?p=2490#primaryimage\",\"inLanguage\":\"pt-BR\",\"url\":\"https:\/\/tribunadapraia.com.br\/wp-content\/uploads\/2021\/05\/vereadorfarra.jpg\",\"contentUrl\":\"https:\/\/tribunadapraia.com.br\/wp-content\/uploads\/2021\/05\/vereadorfarra.jpg\",\"width\":400,\"height\":306},{\"@type\":\"WebPage\",\"@id\":\"https:\/\/tribunadapraia.com.br\/?p=2490#webpage\",\"url\":\"https:\/\/tribunadapraia.com.br\/?p=2490\",\"name\":\"Esc\\u00e2ndalo: Em plena pandemia do Covid-19, C\\u00e2mara de Barra dos Coqueiros aprova gratifica\\u00e7\\u00e3o imoral de 30%, um mal exrmplo para Sergipe - TRIBUNA DA PRAIA\",\"isPartOf\":{\"@id\":\"https:\/\/tribunadapraia.com.br\/#website\"},\"primaryImageOfPage\":{\"@id\":\"https:\/\/tribunadapraia.com.br\/?p=2490#primaryimage\"},\"datePublished\":\"2021-05-04T05:23:23+00:00\",\"dateModified\":\"2021-05-04T05:29:05+00:00\",\"breadcrumb\":{\"@id\":\"https:\/\/tribunadapraia.com.br\/?p=2490#breadcrumb\"},\"inLanguage\":\"pt-BR\",\"potentialAction\":[{\"@type\":\"ReadAction\",\"target\":[\"https:\/\/tribunadapraia.com.br\/?p=2490\"]}]},{\"@type\":\"BreadcrumbList\",\"@id\":\"https:\/\/tribunadapraia.com.br\/?p=2490#breadcrumb\",\"itemListElement\":[{\"@type\":\"ListItem\",\"position\":1,\"item\":{\"@type\":\"WebPage\",\"@id\":\"https:\/\/tribunadapraia.com.br\/\",\"url\":\"https:\/\/tribunadapraia.com.br\/\",\"name\":\"In\\u00edcio\"}},{\"@type\":\"ListItem\",\"position\":2,\"item\":{\"@id\":\"https:\/\/tribunadapraia.com.br\/?p=2490#webpage\"}}]},{\"@type\":\"Article\",\"@id\":\"https:\/\/tribunadapraia.com.br\/?p=2490#article\",\"isPartOf\":{\"@id\":\"https:\/\/tribunadapraia.com.br\/?p=2490#webpage\"},\"author\":{\"@id\":\"https:\/\/tribunadapraia.com.br\/#\/schema\/person\/099fbbf59acc5895c0d7d52b4fc46c97\"},\"headline\":\"Esc\\u00e2ndalo: Em plena pandemia do Covid-19, C\\u00e2mara de Barra dos Coqueiros aprova gratifica\\u00e7\\u00e3o imoral de 30%, um mal exrmplo para Sergipe\",\"datePublished\":\"2021-05-04T05:23:23+00:00\",\"dateModified\":\"2021-05-04T05:29:05+00:00\",\"mainEntityOfPage\":{\"@id\":\"https:\/\/tribunadapraia.com.br\/?p=2490#webpage\"},\"wordCount\":256,\"commentCount\":0,\"publisher\":{\"@id\":\"https:\/\/tribunadapraia.com.br\/#organization\"},\"image\":{\"@id\":\"https:\/\/tribunadapraia.com.br\/?p=2490#primaryimage\"},\"thumbnailUrl\":\"https:\/\/tribunadapraia.com.br\/wp-content\/uploads\/2021\/05\/vereadorfarra.jpg\",\"articleSection\":[\"Not\\u00edcias\"],\"inLanguage\":\"pt-BR\",\"potentialAction\":[{\"@type\":\"CommentAction\",\"name\":\"Comment\",\"target\":[\"https:\/\/tribunadapraia.com.br\/?p=2490#respond\"]}]},{\"@type\":\"Person\",\"@id\":\"https:\/\/tribunadapraia.com.br\/#\/schema\/person\/099fbbf59acc5895c0d7d52b4fc46c97\",\"name\":\"Reda\\u00e7\\u00e3o\",\"image\":{\"@type\":\"ImageObject\",\"@id\":\"https:\/\/tribunadapraia.com.br\/#personlogo\",\"inLanguage\":\"pt-BR\",\"url\":\"https:\/\/secure.gravatar.com\/avatar\/91c8b91d2bfd7784eac5c3e055361f64?s=96&d=identicon&r=g\",\"contentUrl\":\"https:\/\/secure.gravatar.com\/avatar\/91c8b91d2bfd7784eac5c3e055361f64?s=96&d=identicon&r=g\",\"caption\":\"Reda\\u00e7\\u00e3o\"}}]}<\/script>\n<!-- \/ Yoast SEO plugin. -->","wps_subtitle":"","_links":{"self":[{"href":"https:\/\/tribunadapraia.com.br\/index.php?rest_route=\/wp\/v2\/posts\/2490"}],"collection":[{"href":"https:\/\/tribunadapraia.com.br\/index.php?rest_route=\/wp\/v2\/posts"}],"about":[{"href":"https:\/\/tribunadapraia.com.br\/index.php?rest_route=\/wp\/v2\/types\/post"}],"author":[{"embeddable":true,"href":"https:\/\/tribunadapraia.com.br\/index.php?rest_route=\/wp\/v2\/users\/3"}],"replies":[{"embeddable":true,"href":"https:\/\/tribunadapraia.com.br\/index.php?rest_route=%2Fwp%2Fv2%2Fcomments&post=2490"}],"version-history":[{"count":2,"href":"https:\/\/tribunadapraia.com.br\/index.php?rest_route=\/wp\/v2\/posts\/2490\/revisions"}],"predecessor-version":[{"id":2496,"href":"https:\/\/tribunadapraia.com.br\/index.php?rest_route=\/wp\/v2\/posts\/2490\/revisions\/2496"}],"wp:featuredmedia":[{"embeddable":true,"href":"https:\/\/tribunadapraia.com.br\/index.php?rest_route=\/wp\/v2\/media\/2491"}],"wp:attachment":[{"href":"https:\/\/tribunadapraia.com.br\/index.php?rest_route=%2Fwp%2Fv2%2Fmedia&parent=2490"}],"wp:term":[{"taxonomy":"category","embeddable":true,"href":"https:\/\/tribunadapraia.com.br\/index.php?rest_route=%2Fwp%2Fv2%2Fcategories&post=2490"},{"taxonomy":"post_tag","embeddable":true,"href":"https:\/\/tribunadapraia.com.br\/index.php?rest_route=%2Fwp%2Fv2%2Ftags&post=2490"}],"curies":[{"name":"wp","href":"https:\/\/api.w.org\/{rel}","templated":true}]}}