{"id":2487,"date":"2021-04-30T12:27:51","date_gmt":"2021-04-30T15:27:51","guid":{"rendered":"https:\/\/tribunadapraia.com.br\/?p=2487"},"modified":"2021-04-30T12:28:38","modified_gmt":"2021-04-30T15:28:38","slug":"artigo-a-imagem-da-deso-diante-da-populacao-poderia-melhorar","status":"publish","type":"post","link":"https:\/\/tribunadapraia.com.br\/?p=2487","title":{"rendered":"Artigo: A imagem da DESO diante da popula\u00e7\u00e3o poderia melhorar"},"content":{"rendered":"<p>Os meus quase cinco anos de DESO me levaram a presenciar situa\u00e7\u00f5es bastante cr\u00edticas e que de certa forma me convenceram que a nossa empresa precisa recriar sua imagem e sua rela\u00e7\u00e3o com a popula\u00e7\u00e3o sergipana. A primeira foi a impress\u00e3o que me causou assumir a fun\u00e7\u00e3o de qu\u00edmica na sede da Regional Centro-Oeste: uma CCO bastante avan\u00e7ada, de automa\u00e7\u00e3o computadorizada, colocada dentro de uma edifica\u00e7\u00e3o totalmente depredada, com muros quebrados e um reservat\u00f3rio de \u00e1gua elevado ostentando a logomarca da empresa descascada e com apar\u00eancia de abandono (mas estava em funcionamento).<\/p>\n<p>A segunda foi participar da argumenta\u00e7\u00e3o que a DESO teve que levar ao Minist\u00e9rio P\u00fablico em Itabaiana, provando nossa compet\u00eancia, diante de laudos fornecidos pela Odebrecht Ambiental, que estava interessada na cess\u00e3o dos servi\u00e7os de \u00e1gua da cidade.<\/p>\n<p>Quando fui destinada para a Regional Norte, cheguei no m\u00eas em que ocorreu o acidente onde o elevado met\u00e1lico da ETA desabou sobre uma escola na cidade de Dores. Foi a terceira situa\u00e7\u00e3o cr\u00edtica.<br \/>\nE agora, trabalhando na SUES, estive por cerca de um m\u00eas na chamada ERQ Sul, ou Esta\u00e7\u00e3o de Tratamento de Esgoto do Marivan. A not\u00edcia da semana passada foi que v\u00e2ndalos invadiram, roubaram e depredaram a ERQ Sul pela 12\u00aa vez. Eu vou repetir: ASSALTARAM A MESMA LOCALIDADE 12 VEZES!!!<\/p>\n<p>Minha curta passagem pela ERQ Sul mostrou que mais do que alguns problemas t\u00e9cnicos no processamento do esgoto e manuten\u00e7\u00e3o dos equipamentos (que s\u00e3o os objetos principais da minha fun\u00e7\u00e3o de Qu\u00edmica Industrial) a esta\u00e7\u00e3o acumulava outros muito mais significativos. O fato de as fun\u00e7\u00f5es de operador no setor serem consideradas punitivas pela imin\u00eancia de ataques \u00e0 ERQ por bandidos e a consequente inseguran\u00e7a no ambiente de trabalho. Comentava-se a perda de 13 armas pelos agentes de seguran\u00e7a devido aos 11 ataques anteriores, acrescidos do fato de que algum funcion\u00e1rio havia sido feito ref\u00e9m em uma das ocasi\u00f5es.<\/p>\n<p>Ent\u00e3o pergunto: O que vamos fazer diante disso? Ter\u00edamos alguma chance de melhorar se nos organiz\u00e1ssemos no sentido de levar \u00e0 popula\u00e7\u00e3o uma imagem diferente da DESO? Poder\u00edamos levar \u00e0s escolas ou associa\u00e7\u00f5es de bairro uma informa\u00e7\u00e3o mais simp\u00e1tica da empresa? Ser\u00e1 que essa popula\u00e7\u00e3o entende que al\u00e9m de pagar a taxa do servi\u00e7o de distribui\u00e7\u00e3o da \u00e1gua tratada, o servi\u00e7o de esgotamento sanit\u00e1rio faz de uma ocupa\u00e7\u00e3o ou favela um lugar mais saud\u00e1vel para viver?<\/p>\n<p>E mais: Que a presen\u00e7a de uma ERQ garante um espa\u00e7o mais arborizado e menos saturado de constru\u00e7\u00f5es pela presen\u00e7a de \u00e1rea livre e tamb\u00e9m de menor polui\u00e7\u00e3o atmosf\u00e9rica pela diminui\u00e7\u00e3o das emiss\u00f5es veiculares, por exemplo? Ser\u00e1 que poder\u00edamos distribuir algum material escolar gratuito (como cadernos) com a logomarca da empresa contendo informa\u00e7\u00f5es simplificadas numa contracapa de modo que essa popula\u00e7\u00e3o passasse a nos ver como aliados? Poder\u00edamos criar a condi\u00e7\u00e3o de termos parceiros e clientes ao inv\u00e9s de inimigos? Ter\u00edamos como atingir esse objetivo atrav\u00e9s da a\u00e7\u00e3o conjunta de nossas ger\u00eancias?<\/p>\n<p>Expresso aqui a inten\u00e7\u00e3o de colabora\u00e7\u00e3o com essas sugest\u00f5es, pois n\u00e3o acredito em cr\u00edticas vazias e sem propostas.<\/p>\n<p>Texto de Eni Cardoso<br \/>\nQu\u00edmica Industrial, lotada na SUES<\/p>\n<p>Fonte: SINDISAN<\/p>\n","protected":false},"excerpt":{"rendered":"<p>Os meus quase cinco anos de DESO me levaram a presenciar situa\u00e7\u00f5es bastante cr\u00edticas e que de certa forma me convenceram que a nossa empresa precisa recriar sua imagem e sua rela\u00e7\u00e3o com a popula\u00e7\u00e3o sergipana. A primeira foi a impress\u00e3o que me causou assumir a fun\u00e7\u00e3o de qu\u00edmica na sede da Regional Centro-Oeste: uma CCO bastante avan\u00e7ada, de automa\u00e7\u00e3o computadorizada, colocada dentro de uma edifica\u00e7\u00e3o totalmente depredada, com muros<\/p>\n","protected":false},"author":1,"featured_media":2488,"comment_status":"open","ping_status":"open","sticky":false,"template":"","format":"standard","meta":[],"categories":[18],"tags":[],"yoast_head":"<!-- This site is optimized with the Yoast SEO plugin v16.3 - https:\/\/yoast.com\/wordpress\/plugins\/seo\/ -->\n<title>Artigo: A imagem da DESO diante da popula\u00e7\u00e3o poderia melhorar - TRIBUNA DA PRAIA<\/title>\n<meta name=\"robots\" content=\"index, follow, max-snippet:-1, max-image-preview:large, max-video-preview:-1\" \/>\n<link rel=\"canonical\" href=\"https:\/\/tribunadapraia.com.br\/?p=2487\" \/>\n<meta property=\"og:locale\" content=\"pt_BR\" \/>\n<meta property=\"og:type\" content=\"article\" \/>\n<meta property=\"og:title\" content=\"Artigo: A imagem da DESO diante da popula\u00e7\u00e3o poderia melhorar - TRIBUNA DA PRAIA\" \/>\n<meta property=\"og:description\" content=\"Os meus quase cinco anos de DESO me levaram a presenciar situa\u00e7\u00f5es bastante cr\u00edticas e que de certa forma me convenceram que a nossa empresa precisa recriar sua imagem e sua rela\u00e7\u00e3o com a popula\u00e7\u00e3o sergipana. A primeira foi a impress\u00e3o que me causou assumir a fun\u00e7\u00e3o de qu\u00edmica na sede da Regional Centro-Oeste: uma CCO bastante avan\u00e7ada, de automa\u00e7\u00e3o computadorizada, colocada dentro de uma edifica\u00e7\u00e3o totalmente depredada, com muros\" \/>\n<meta property=\"og:url\" content=\"https:\/\/tribunadapraia.com.br\/?p=2487\" \/>\n<meta property=\"og:site_name\" content=\"TRIBUNA DA PRAIA\" \/>\n<meta property=\"article:publisher\" content=\"https:\/\/www.facebook.com\/tribunadapraiaonline\/\" \/>\n<meta property=\"article:published_time\" content=\"2021-04-30T15:27:51+00:00\" \/>\n<meta property=\"article:modified_time\" content=\"2021-04-30T15:28:38+00:00\" \/>\n<meta property=\"og:image\" content=\"https:\/\/tribunadapraia.com.br\/wp-content\/uploads\/2021\/04\/IMG-20210430-WA0008.jpg\" \/>\n\t<meta property=\"og:image:width\" content=\"597\" \/>\n\t<meta property=\"og:image:height\" content=\"392\" \/>\n<meta name=\"twitter:card\" content=\"summary_large_image\" \/>\n<meta name=\"twitter:creator\" content=\"@Claudomir21\" \/>\n<meta name=\"twitter:site\" content=\"@Claudomir21\" \/>\n<meta name=\"twitter:label1\" content=\"Est. tempo de leitura\">\n\t<meta name=\"twitter:data1\" content=\"3 minutos\">\n<script type=\"application\/ld+json\" class=\"yoast-schema-graph\">{\"@context\":\"https:\/\/schema.org\",\"@graph\":[{\"@type\":\"Organization\",\"@id\":\"https:\/\/tribunadapraia.com.br\/#organization\",\"name\":\"Tribuna da Praia\",\"url\":\"https:\/\/tribunadapraia.com.br\/\",\"sameAs\":[\"https:\/\/www.facebook.com\/tribunadapraiaonline\/\",\"https:\/\/www.instagram.com\/claudomirtavares\/\",\"https:\/\/www.youtube.com\/channel\/UCwQf80nxiMzCefAyjbp53Rw\",\"https:\/\/twitter.com\/Claudomir21\"],\"logo\":{\"@type\":\"ImageObject\",\"@id\":\"https:\/\/tribunadapraia.com.br\/#logo\",\"inLanguage\":\"pt-BR\",\"url\":\"https:\/\/tribunadapraia.com.br\/wp-content\/uploads\/2020\/02\/logo.png\",\"contentUrl\":\"https:\/\/tribunadapraia.com.br\/wp-content\/uploads\/2020\/02\/logo.png\",\"width\":501,\"height\":121,\"caption\":\"Tribuna da Praia\"},\"image\":{\"@id\":\"https:\/\/tribunadapraia.com.br\/#logo\"}},{\"@type\":\"WebSite\",\"@id\":\"https:\/\/tribunadapraia.com.br\/#website\",\"url\":\"https:\/\/tribunadapraia.com.br\/\",\"name\":\"TRIBUNA DA PRAIA\",\"description\":\"O 1\\u00ba jornal do interior de Sergipe na internet\",\"publisher\":{\"@id\":\"https:\/\/tribunadapraia.com.br\/#organization\"},\"potentialAction\":[{\"@type\":\"SearchAction\",\"target\":\"https:\/\/tribunadapraia.com.br\/?s={search_term_string}\",\"query-input\":\"required name=search_term_string\"}],\"inLanguage\":\"pt-BR\"},{\"@type\":\"ImageObject\",\"@id\":\"https:\/\/tribunadapraia.com.br\/?p=2487#primaryimage\",\"inLanguage\":\"pt-BR\",\"url\":\"https:\/\/tribunadapraia.com.br\/wp-content\/uploads\/2021\/04\/IMG-20210430-WA0008.jpg\",\"contentUrl\":\"https:\/\/tribunadapraia.com.br\/wp-content\/uploads\/2021\/04\/IMG-20210430-WA0008.jpg\",\"width\":597,\"height\":392},{\"@type\":\"WebPage\",\"@id\":\"https:\/\/tribunadapraia.com.br\/?p=2487#webpage\",\"url\":\"https:\/\/tribunadapraia.com.br\/?p=2487\",\"name\":\"Artigo: A imagem da DESO diante da popula\\u00e7\\u00e3o poderia melhorar - TRIBUNA DA PRAIA\",\"isPartOf\":{\"@id\":\"https:\/\/tribunadapraia.com.br\/#website\"},\"primaryImageOfPage\":{\"@id\":\"https:\/\/tribunadapraia.com.br\/?p=2487#primaryimage\"},\"datePublished\":\"2021-04-30T15:27:51+00:00\",\"dateModified\":\"2021-04-30T15:28:38+00:00\",\"breadcrumb\":{\"@id\":\"https:\/\/tribunadapraia.com.br\/?p=2487#breadcrumb\"},\"inLanguage\":\"pt-BR\",\"potentialAction\":[{\"@type\":\"ReadAction\",\"target\":[\"https:\/\/tribunadapraia.com.br\/?p=2487\"]}]},{\"@type\":\"BreadcrumbList\",\"@id\":\"https:\/\/tribunadapraia.com.br\/?p=2487#breadcrumb\",\"itemListElement\":[{\"@type\":\"ListItem\",\"position\":1,\"item\":{\"@type\":\"WebPage\",\"@id\":\"https:\/\/tribunadapraia.com.br\/\",\"url\":\"https:\/\/tribunadapraia.com.br\/\",\"name\":\"In\\u00edcio\"}},{\"@type\":\"ListItem\",\"position\":2,\"item\":{\"@id\":\"https:\/\/tribunadapraia.com.br\/?p=2487#webpage\"}}]},{\"@type\":\"Article\",\"@id\":\"https:\/\/tribunadapraia.com.br\/?p=2487#article\",\"isPartOf\":{\"@id\":\"https:\/\/tribunadapraia.com.br\/?p=2487#webpage\"},\"author\":{\"@id\":\"https:\/\/tribunadapraia.com.br\/#\/schema\/person\/326b0a9f3163b479142c64eba4928de0\"},\"headline\":\"Artigo: A imagem da DESO diante da popula\\u00e7\\u00e3o poderia melhorar\",\"datePublished\":\"2021-04-30T15:27:51+00:00\",\"dateModified\":\"2021-04-30T15:28:38+00:00\",\"mainEntityOfPage\":{\"@id\":\"https:\/\/tribunadapraia.com.br\/?p=2487#webpage\"},\"wordCount\":594,\"commentCount\":0,\"publisher\":{\"@id\":\"https:\/\/tribunadapraia.com.br\/#organization\"},\"image\":{\"@id\":\"https:\/\/tribunadapraia.com.br\/?p=2487#primaryimage\"},\"thumbnailUrl\":\"https:\/\/tribunadapraia.com.br\/wp-content\/uploads\/2021\/04\/IMG-20210430-WA0008.jpg\",\"articleSection\":[\"Not\\u00edcias\"],\"inLanguage\":\"pt-BR\",\"potentialAction\":[{\"@type\":\"CommentAction\",\"name\":\"Comment\",\"target\":[\"https:\/\/tribunadapraia.com.br\/?p=2487#respond\"]}]},{\"@type\":\"Person\",\"@id\":\"https:\/\/tribunadapraia.com.br\/#\/schema\/person\/326b0a9f3163b479142c64eba4928de0\",\"name\":\"tribunadapraia\",\"image\":{\"@type\":\"ImageObject\",\"@id\":\"https:\/\/tribunadapraia.com.br\/#personlogo\",\"inLanguage\":\"pt-BR\",\"url\":\"https:\/\/secure.gravatar.com\/avatar\/38b019c74762496076b7355024a0dad9?s=96&d=identicon&r=g\",\"contentUrl\":\"https:\/\/secure.gravatar.com\/avatar\/38b019c74762496076b7355024a0dad9?s=96&d=identicon&r=g\",\"caption\":\"tribunadapraia\"}}]}<\/script>\n<!-- \/ Yoast SEO plugin. -->","wps_subtitle":"","_links":{"self":[{"href":"https:\/\/tribunadapraia.com.br\/index.php?rest_route=\/wp\/v2\/posts\/2487"}],"collection":[{"href":"https:\/\/tribunadapraia.com.br\/index.php?rest_route=\/wp\/v2\/posts"}],"about":[{"href":"https:\/\/tribunadapraia.com.br\/index.php?rest_route=\/wp\/v2\/types\/post"}],"author":[{"embeddable":true,"href":"https:\/\/tribunadapraia.com.br\/index.php?rest_route=\/wp\/v2\/users\/1"}],"replies":[{"embeddable":true,"href":"https:\/\/tribunadapraia.com.br\/index.php?rest_route=%2Fwp%2Fv2%2Fcomments&post=2487"}],"version-history":[{"count":1,"href":"https:\/\/tribunadapraia.com.br\/index.php?rest_route=\/wp\/v2\/posts\/2487\/revisions"}],"predecessor-version":[{"id":2489,"href":"https:\/\/tribunadapraia.com.br\/index.php?rest_route=\/wp\/v2\/posts\/2487\/revisions\/2489"}],"wp:featuredmedia":[{"embeddable":true,"href":"https:\/\/tribunadapraia.com.br\/index.php?rest_route=\/wp\/v2\/media\/2488"}],"wp:attachment":[{"href":"https:\/\/tribunadapraia.com.br\/index.php?rest_route=%2Fwp%2Fv2%2Fmedia&parent=2487"}],"wp:term":[{"taxonomy":"category","embeddable":true,"href":"https:\/\/tribunadapraia.com.br\/index.php?rest_route=%2Fwp%2Fv2%2Fcategories&post=2487"},{"taxonomy":"post_tag","embeddable":true,"href":"https:\/\/tribunadapraia.com.br\/index.php?rest_route=%2Fwp%2Fv2%2Ftags&post=2487"}],"curies":[{"name":"wp","href":"https:\/\/api.w.org\/{rel}","templated":true}]}}