{"id":2473,"date":"2021-04-26T00:50:41","date_gmt":"2021-04-26T03:50:41","guid":{"rendered":"https:\/\/tribunadapraia.com.br\/?p=2473"},"modified":"2021-04-26T01:05:49","modified_gmt":"2021-04-26T04:05:49","slug":"fiqu-de-olho-corrente-do-bem-todos-por-joao-victor-a-coluna-de-claudomir-herzog","status":"publish","type":"post","link":"https:\/\/tribunadapraia.com.br\/?p=2473","title":{"rendered":"Fique de Olho: Corrente do bem &#8211; todos por Jo\u00e3o Victor [a coluna de ClaudOmir Herzog]"},"content":{"rendered":"<!--[if lt IE 9]><script>document.createElement('audio');<\/script><![endif]-->\n<audio class=\"wp-audio-shortcode\" id=\"audio-2473-1\" preload=\"none\" style=\"width: 100%;\" controls=\"controls\"><source type=\"audio\/mpeg\" src=\"https:\/\/tribunadapraia.com.br\/wp-content\/uploads\/2021\/04\/CLAUDOMIR-CIRURGIA-CRIANCA-250421.mp3?_=1\" \/><a href=\"https:\/\/tribunadapraia.com.br\/wp-content\/uploads\/2021\/04\/CLAUDOMIR-CIRURGIA-CRIANCA-250421.mp3\">https:\/\/tribunadapraia.com.br\/wp-content\/uploads\/2021\/04\/CLAUDOMIR-CIRURGIA-CRIANCA-250421.mp3<\/a><\/audio>\n<p>Ol\u00e1 amigos estamos solicitando sua contribui\u00e7\u00e3o para ajudar na cirurgia de urg\u00eancia do Jo\u00e3o Victor uma crian\u00e7a que corre o risco de perder a vis\u00e3o.<\/p>\n<p>Doa\u00e7\u00f5es &#8211; As doa\u00e7\u00f5es podem ser realizadas atrav\u00e9s das contas banc\u00e1rias:<\/p>\n<p>\u25a0 Banco do Brasil<\/p>\n<p>Ag\u00eancia:2206-3<br \/>\nConta : 16.470-3<br \/>\nRaimundo Siqueira Silva<\/p>\n<p>\u25a0 Caixa<\/p>\n<p>Ag\u00eancia:4324<br \/>\nConta:00002795-7<br \/>\nJisselma Mendes da Silva.<\/p>\n<p>\u25a0 Banese<\/p>\n<p>Ag\u00eancia: 059<br \/>\nConta: 01004040-4<br \/>\nJussara Mendes Silva.<\/p>\n<p>PIX &#8211; 5579999177687 (Jussra Mendes Silva &#8211; Tia)<\/p>\n<p>#TodosPorJoaoVictor<\/p>\n<p>\u25a0 Mensagem<\/p>\n<p>&#8220;O que eu fa\u00e7o \u00e9 uma gota no meio de um oceano, mas sem ela, o oceano ser\u00e1 menor.&#8221; (Madre Teresa de Calcut\u00e1)<\/p>\n<p>por ClaudOmir Herzog | Claudomir21@gmail.com<\/p>\n<p>(1) Devido a baixa vis\u00e3o, o autor utiliza a ferramrmta acessibilidade<\/p>\n","protected":false},"excerpt":{"rendered":"<p>Ol\u00e1 amigos estamos solicitando sua contribui\u00e7\u00e3o para ajudar na cirurgia de urg\u00eancia do Jo\u00e3o Victor uma crian\u00e7a que corre o risco de perder a vis\u00e3o. Doa\u00e7\u00f5es &#8211; As doa\u00e7\u00f5es podem ser realizadas atrav\u00e9s das contas banc\u00e1rias: \u25a0 Banco do Brasil Ag\u00eancia:2206-3 Conta : 16.470-3 Raimundo Siqueira Silva \u25a0 Caixa Ag\u00eancia:4324 Conta:00002795-7 Jisselma Mendes da Silva. \u25a0 Banese Ag\u00eancia: 059 Conta: 01004040-4 Jussara Mendes Silva. PIX &#8211; 5579999177687 (Jussra Mendes Silva<\/p>\n","protected":false},"author":3,"featured_media":2474,"comment_status":"open","ping_status":"open","sticky":false,"template":"","format":"standard","meta":[],"categories":[18],"tags":[],"yoast_head":"<!-- This site is optimized with the Yoast SEO plugin v16.3 - https:\/\/yoast.com\/wordpress\/plugins\/seo\/ -->\n<title>Fique de Olho: Corrente do bem - todos por Jo\u00e3o Victor [a coluna de ClaudOmir Herzog] - TRIBUNA DA PRAIA<\/title>\n<meta name=\"robots\" content=\"index, follow, max-snippet:-1, max-image-preview:large, max-video-preview:-1\" \/>\n<link rel=\"canonical\" href=\"https:\/\/tribunadapraia.com.br\/?p=2473\" \/>\n<meta property=\"og:locale\" content=\"pt_BR\" \/>\n<meta property=\"og:type\" content=\"article\" \/>\n<meta property=\"og:title\" content=\"Fique de Olho: Corrente do bem - todos por Jo\u00e3o Victor [a coluna de ClaudOmir Herzog] - TRIBUNA DA PRAIA\" \/>\n<meta property=\"og:description\" content=\"Ol\u00e1 amigos estamos solicitando sua contribui\u00e7\u00e3o para ajudar na cirurgia de urg\u00eancia do Jo\u00e3o Victor uma crian\u00e7a que corre o risco de perder a vis\u00e3o. Doa\u00e7\u00f5es &#8211; As doa\u00e7\u00f5es podem ser realizadas atrav\u00e9s das contas banc\u00e1rias: \u25a0 Banco do Brasil Ag\u00eancia:2206-3 Conta : 16.470-3 Raimundo Siqueira Silva \u25a0 Caixa Ag\u00eancia:4324 Conta:00002795-7 Jisselma Mendes da Silva. \u25a0 Banese Ag\u00eancia: 059 Conta: 01004040-4 Jussara Mendes Silva. PIX &#8211; 5579999177687 (Jussra Mendes Silva\" \/>\n<meta property=\"og:url\" content=\"https:\/\/tribunadapraia.com.br\/?p=2473\" \/>\n<meta property=\"og:site_name\" content=\"TRIBUNA DA PRAIA\" \/>\n<meta property=\"article:publisher\" content=\"https:\/\/www.facebook.com\/tribunadapraiaonline\/\" \/>\n<meta property=\"article:published_time\" content=\"2021-04-26T03:50:41+00:00\" \/>\n<meta property=\"article:modified_time\" content=\"2021-04-26T04:05:49+00:00\" \/>\n<meta property=\"og:image\" content=\"https:\/\/tribunadapraia.com.br\/wp-content\/uploads\/2021\/04\/IMG-20210425-WA0060.jpg\" \/>\n\t<meta property=\"og:image:width\" content=\"720\" \/>\n\t<meta property=\"og:image:height\" content=\"900\" \/>\n<meta name=\"twitter:card\" content=\"summary_large_image\" \/>\n<meta name=\"twitter:creator\" content=\"@Claudomir21\" \/>\n<meta name=\"twitter:site\" content=\"@Claudomir21\" \/>\n<meta name=\"twitter:label1\" content=\"Est. tempo de leitura\">\n\t<meta name=\"twitter:data1\" content=\"1 minuto\">\n<script type=\"application\/ld+json\" class=\"yoast-schema-graph\">{\"@context\":\"https:\/\/schema.org\",\"@graph\":[{\"@type\":\"Organization\",\"@id\":\"https:\/\/tribunadapraia.com.br\/#organization\",\"name\":\"Tribuna da Praia\",\"url\":\"https:\/\/tribunadapraia.com.br\/\",\"sameAs\":[\"https:\/\/www.facebook.com\/tribunadapraiaonline\/\",\"https:\/\/www.instagram.com\/claudomirtavares\/\",\"https:\/\/www.youtube.com\/channel\/UCwQf80nxiMzCefAyjbp53Rw\",\"https:\/\/twitter.com\/Claudomir21\"],\"logo\":{\"@type\":\"ImageObject\",\"@id\":\"https:\/\/tribunadapraia.com.br\/#logo\",\"inLanguage\":\"pt-BR\",\"url\":\"https:\/\/tribunadapraia.com.br\/wp-content\/uploads\/2020\/02\/logo.png\",\"contentUrl\":\"https:\/\/tribunadapraia.com.br\/wp-content\/uploads\/2020\/02\/logo.png\",\"width\":501,\"height\":121,\"caption\":\"Tribuna da Praia\"},\"image\":{\"@id\":\"https:\/\/tribunadapraia.com.br\/#logo\"}},{\"@type\":\"WebSite\",\"@id\":\"https:\/\/tribunadapraia.com.br\/#website\",\"url\":\"https:\/\/tribunadapraia.com.br\/\",\"name\":\"TRIBUNA DA PRAIA\",\"description\":\"O 1\\u00ba jornal do interior de Sergipe na internet\",\"publisher\":{\"@id\":\"https:\/\/tribunadapraia.com.br\/#organization\"},\"potentialAction\":[{\"@type\":\"SearchAction\",\"target\":\"https:\/\/tribunadapraia.com.br\/?s={search_term_string}\",\"query-input\":\"required name=search_term_string\"}],\"inLanguage\":\"pt-BR\"},{\"@type\":\"ImageObject\",\"@id\":\"https:\/\/tribunadapraia.com.br\/?p=2473#primaryimage\",\"inLanguage\":\"pt-BR\",\"url\":\"https:\/\/tribunadapraia.com.br\/wp-content\/uploads\/2021\/04\/IMG-20210425-WA0060.jpg\",\"contentUrl\":\"https:\/\/tribunadapraia.com.br\/wp-content\/uploads\/2021\/04\/IMG-20210425-WA0060.jpg\",\"width\":720,\"height\":900},{\"@type\":\"WebPage\",\"@id\":\"https:\/\/tribunadapraia.com.br\/?p=2473#webpage\",\"url\":\"https:\/\/tribunadapraia.com.br\/?p=2473\",\"name\":\"Fique de Olho: Corrente do bem - todos por Jo\\u00e3o Victor [a coluna de ClaudOmir Herzog] - TRIBUNA DA PRAIA\",\"isPartOf\":{\"@id\":\"https:\/\/tribunadapraia.com.br\/#website\"},\"primaryImageOfPage\":{\"@id\":\"https:\/\/tribunadapraia.com.br\/?p=2473#primaryimage\"},\"datePublished\":\"2021-04-26T03:50:41+00:00\",\"dateModified\":\"2021-04-26T04:05:49+00:00\",\"breadcrumb\":{\"@id\":\"https:\/\/tribunadapraia.com.br\/?p=2473#breadcrumb\"},\"inLanguage\":\"pt-BR\",\"potentialAction\":[{\"@type\":\"ReadAction\",\"target\":[\"https:\/\/tribunadapraia.com.br\/?p=2473\"]}]},{\"@type\":\"BreadcrumbList\",\"@id\":\"https:\/\/tribunadapraia.com.br\/?p=2473#breadcrumb\",\"itemListElement\":[{\"@type\":\"ListItem\",\"position\":1,\"item\":{\"@type\":\"WebPage\",\"@id\":\"https:\/\/tribunadapraia.com.br\/\",\"url\":\"https:\/\/tribunadapraia.com.br\/\",\"name\":\"In\\u00edcio\"}},{\"@type\":\"ListItem\",\"position\":2,\"item\":{\"@id\":\"https:\/\/tribunadapraia.com.br\/?p=2473#webpage\"}}]},{\"@type\":\"Article\",\"@id\":\"https:\/\/tribunadapraia.com.br\/?p=2473#article\",\"isPartOf\":{\"@id\":\"https:\/\/tribunadapraia.com.br\/?p=2473#webpage\"},\"author\":{\"@id\":\"https:\/\/tribunadapraia.com.br\/#\/schema\/person\/099fbbf59acc5895c0d7d52b4fc46c97\"},\"headline\":\"Fique de Olho: Corrente do bem &#8211; todos por Jo\\u00e3o Victor [a coluna de ClaudOmir Herzog]\",\"datePublished\":\"2021-04-26T03:50:41+00:00\",\"dateModified\":\"2021-04-26T04:05:49+00:00\",\"mainEntityOfPage\":{\"@id\":\"https:\/\/tribunadapraia.com.br\/?p=2473#webpage\"},\"wordCount\":150,\"commentCount\":0,\"publisher\":{\"@id\":\"https:\/\/tribunadapraia.com.br\/#organization\"},\"image\":{\"@id\":\"https:\/\/tribunadapraia.com.br\/?p=2473#primaryimage\"},\"thumbnailUrl\":\"https:\/\/tribunadapraia.com.br\/wp-content\/uploads\/2021\/04\/IMG-20210425-WA0060.jpg\",\"articleSection\":[\"Not\\u00edcias\"],\"inLanguage\":\"pt-BR\",\"potentialAction\":[{\"@type\":\"CommentAction\",\"name\":\"Comment\",\"target\":[\"https:\/\/tribunadapraia.com.br\/?p=2473#respond\"]}]},{\"@type\":\"Person\",\"@id\":\"https:\/\/tribunadapraia.com.br\/#\/schema\/person\/099fbbf59acc5895c0d7d52b4fc46c97\",\"name\":\"Reda\\u00e7\\u00e3o\",\"image\":{\"@type\":\"ImageObject\",\"@id\":\"https:\/\/tribunadapraia.com.br\/#personlogo\",\"inLanguage\":\"pt-BR\",\"url\":\"https:\/\/secure.gravatar.com\/avatar\/91c8b91d2bfd7784eac5c3e055361f64?s=96&d=identicon&r=g\",\"contentUrl\":\"https:\/\/secure.gravatar.com\/avatar\/91c8b91d2bfd7784eac5c3e055361f64?s=96&d=identicon&r=g\",\"caption\":\"Reda\\u00e7\\u00e3o\"}}]}<\/script>\n<!-- \/ Yoast SEO plugin. -->","wps_subtitle":"","_links":{"self":[{"href":"https:\/\/tribunadapraia.com.br\/index.php?rest_route=\/wp\/v2\/posts\/2473"}],"collection":[{"href":"https:\/\/tribunadapraia.com.br\/index.php?rest_route=\/wp\/v2\/posts"}],"about":[{"href":"https:\/\/tribunadapraia.com.br\/index.php?rest_route=\/wp\/v2\/types\/post"}],"author":[{"embeddable":true,"href":"https:\/\/tribunadapraia.com.br\/index.php?rest_route=\/wp\/v2\/users\/3"}],"replies":[{"embeddable":true,"href":"https:\/\/tribunadapraia.com.br\/index.php?rest_route=%2Fwp%2Fv2%2Fcomments&post=2473"}],"version-history":[{"count":5,"href":"https:\/\/tribunadapraia.com.br\/index.php?rest_route=\/wp\/v2\/posts\/2473\/revisions"}],"predecessor-version":[{"id":2480,"href":"https:\/\/tribunadapraia.com.br\/index.php?rest_route=\/wp\/v2\/posts\/2473\/revisions\/2480"}],"wp:featuredmedia":[{"embeddable":true,"href":"https:\/\/tribunadapraia.com.br\/index.php?rest_route=\/wp\/v2\/media\/2474"}],"wp:attachment":[{"href":"https:\/\/tribunadapraia.com.br\/index.php?rest_route=%2Fwp%2Fv2%2Fmedia&parent=2473"}],"wp:term":[{"taxonomy":"category","embeddable":true,"href":"https:\/\/tribunadapraia.com.br\/index.php?rest_route=%2Fwp%2Fv2%2Fcategories&post=2473"},{"taxonomy":"post_tag","embeddable":true,"href":"https:\/\/tribunadapraia.com.br\/index.php?rest_route=%2Fwp%2Fv2%2Ftags&post=2473"}],"curies":[{"name":"wp","href":"https:\/\/api.w.org\/{rel}","templated":true}]}}