{"id":2470,"date":"2021-04-25T07:49:56","date_gmt":"2021-04-25T10:49:56","guid":{"rendered":"https:\/\/tribunadapraia.com.br\/?p=2470"},"modified":"2021-04-25T07:49:56","modified_gmt":"2021-04-25T10:49:56","slug":"fique-de-olho-exaltacao-contida-vereadora-gil-cruz-volta-a-base-aliada-a-coluna-de-claudomir-herzog","status":"publish","type":"post","link":"https:\/\/tribunadapraia.com.br\/?p=2470","title":{"rendered":"Fique de Olho: Exalta\u00e7\u00e3o contida, vereadora Gil Cruz volta a base aliada [a coluna de ClaudOmir Herzog"},"content":{"rendered":"<p>Foto: Perfil da vereadora<\/p>\n<p>O prefeito de Pirambu, Guilherme Melo (PSC) cedeu \u00e0s press\u00f5es e conseguiu finalmente conter a exaltada vereadora Gil Cruz (PSC) que agora est\u00e1 contida e totalmente sintonizada com a administra\u00e7\u00e3o da qual era cr\u00edtica contumaz, contrariada por ter sido preterida na disputa para presidir a C\u00e2mara Municipal, seu &#8220;sonho de consumo&#8221; permanente.<\/p>\n<p>Pr\u00e1tica recorrente &#8211; Na cidade \u00e9 sabido que em campanha pela reelei\u00e7\u00e3o, a vereadora buscou se descolar da imagem do candidato majorit\u00e1rio situacionista, para transitar bem entre os eleitores dos oposicionistas Niltinho (MDB) e Dr\u00aa S\u00edlvia (PSB).<\/p>\n<p>\u25a0 C\u00e2mara &#8220;fechada?&#8221;<\/p>\n<p>O ex-prefeito \u00c9lio Martins (PSC) levou 7 meses para &#8220;convencer&#8221; a bancada de &#8220;oposi\u00e7\u00e3o&#8221; em 2013, marca que seu vice e sucessor Guilherme est\u00e1 alcan\u00e7ando em apenas 4 mesee.<\/p>\n<p>\u25a0 Baixa produ\u00e7\u00e3o<\/p>\n<p>A limita\u00e7\u00e3o dos seus integrantes, resultado de escolhas irracionsis da maioria dos eleitores, tem colocado a C\u00e2msra de Vereadores de Pirambu como uma das menos produtivas autocr\u00edtica e reflex\u00e3o que se faz necess\u00e1rii pelo conjunto da sociedade que sofre os impactos.<\/p>\n<p>\u25a0 Mensagem<\/p>\n<p>Na primeira noite eles se aproximam<br \/>\ne roubam uma flor<br \/>\ndo nosso jardim.<br \/>\nE n\u00e3o dizemos nada.<br \/>\nNa segunda noite, j\u00e1 n\u00e3o se escondem:<br \/>\npisam as flores,<br \/>\nmatam nosso c\u00e3o,<br \/>\ne n\u00e3o dizemos nada.<br \/>\nAt\u00e9 que um dia,<br \/>\no mais fr\u00e1gil deles<br \/>\nentra sozinho e nossa casa,<br \/>\nrouba-nos a luz e,<br \/>\nconhecendo nosso medo,<br \/>\narranca-nos a voz da garganta.<br \/>\nE j\u00e1 n\u00e3o podemos dizer nada.<br \/>\n(Eduardo Alves da Costa)<\/p>\n<p>por ClaudOmir Herzog | Claudomir21@gmail.com<\/p>\n<p>(1) Devido a baixa vis\u00e3o, o autor utiliza a ferramrmta acessibilidade<\/p>\n","protected":false},"excerpt":{"rendered":"<p>Foto: Perfil da vereadora O prefeito de Pirambu, Guilherme Melo (PSC) cedeu \u00e0s press\u00f5es e conseguiu finalmente conter a exaltada vereadora Gil Cruz (PSC) que agora est\u00e1 contida e totalmente sintonizada com a administra\u00e7\u00e3o da qual era cr\u00edtica contumaz, contrariada por ter sido preterida na disputa para presidir a C\u00e2mara Municipal, seu &#8220;sonho de consumo&#8221; permanente. Pr\u00e1tica recorrente &#8211; Na cidade \u00e9 sabido que em campanha pela reelei\u00e7\u00e3o, a vereadora<\/p>\n","protected":false},"author":3,"featured_media":2471,"comment_status":"open","ping_status":"open","sticky":false,"template":"","format":"standard","meta":[],"categories":[18],"tags":[],"yoast_head":"<!-- This site is optimized with the Yoast SEO plugin v16.3 - https:\/\/yoast.com\/wordpress\/plugins\/seo\/ -->\n<title>Fique de Olho: Exalta\u00e7\u00e3o contida, vereadora Gil Cruz volta a base aliada [a coluna de ClaudOmir Herzog - TRIBUNA DA PRAIA<\/title>\n<meta name=\"robots\" content=\"index, follow, max-snippet:-1, max-image-preview:large, max-video-preview:-1\" \/>\n<link rel=\"canonical\" href=\"https:\/\/tribunadapraia.com.br\/?p=2470\" \/>\n<meta property=\"og:locale\" content=\"pt_BR\" \/>\n<meta property=\"og:type\" content=\"article\" \/>\n<meta property=\"og:title\" content=\"Fique de Olho: Exalta\u00e7\u00e3o contida, vereadora Gil Cruz volta a base aliada [a coluna de ClaudOmir Herzog - TRIBUNA DA PRAIA\" \/>\n<meta property=\"og:description\" content=\"Foto: Perfil da vereadora O prefeito de Pirambu, Guilherme Melo (PSC) cedeu \u00e0s press\u00f5es e conseguiu finalmente conter a exaltada vereadora Gil Cruz (PSC) que agora est\u00e1 contida e totalmente sintonizada com a administra\u00e7\u00e3o da qual era cr\u00edtica contumaz, contrariada por ter sido preterida na disputa para presidir a C\u00e2mara Municipal, seu &#8220;sonho de consumo&#8221; permanente. Pr\u00e1tica recorrente &#8211; Na cidade \u00e9 sabido que em campanha pela reelei\u00e7\u00e3o, a vereadora\" \/>\n<meta property=\"og:url\" content=\"https:\/\/tribunadapraia.com.br\/?p=2470\" \/>\n<meta property=\"og:site_name\" content=\"TRIBUNA DA PRAIA\" \/>\n<meta property=\"article:publisher\" content=\"https:\/\/www.facebook.com\/tribunadapraiaonline\/\" \/>\n<meta property=\"article:published_time\" content=\"2021-04-25T10:49:56+00:00\" \/>\n<meta property=\"og:image\" content=\"https:\/\/tribunadapraia.com.br\/wp-content\/uploads\/2021\/04\/IMG-20210425-WA0001.jpg\" \/>\n\t<meta property=\"og:image:width\" content=\"448\" \/>\n\t<meta property=\"og:image:height\" content=\"434\" \/>\n<meta name=\"twitter:card\" content=\"summary_large_image\" \/>\n<meta name=\"twitter:creator\" content=\"@Claudomir21\" \/>\n<meta name=\"twitter:site\" content=\"@Claudomir21\" \/>\n<meta name=\"twitter:label1\" content=\"Est. tempo de leitura\">\n\t<meta name=\"twitter:data1\" content=\"2 minutos\">\n<script type=\"application\/ld+json\" class=\"yoast-schema-graph\">{\"@context\":\"https:\/\/schema.org\",\"@graph\":[{\"@type\":\"Organization\",\"@id\":\"https:\/\/tribunadapraia.com.br\/#organization\",\"name\":\"Tribuna da Praia\",\"url\":\"https:\/\/tribunadapraia.com.br\/\",\"sameAs\":[\"https:\/\/www.facebook.com\/tribunadapraiaonline\/\",\"https:\/\/www.instagram.com\/claudomirtavares\/\",\"https:\/\/www.youtube.com\/channel\/UCwQf80nxiMzCefAyjbp53Rw\",\"https:\/\/twitter.com\/Claudomir21\"],\"logo\":{\"@type\":\"ImageObject\",\"@id\":\"https:\/\/tribunadapraia.com.br\/#logo\",\"inLanguage\":\"pt-BR\",\"url\":\"https:\/\/tribunadapraia.com.br\/wp-content\/uploads\/2020\/02\/logo.png\",\"contentUrl\":\"https:\/\/tribunadapraia.com.br\/wp-content\/uploads\/2020\/02\/logo.png\",\"width\":501,\"height\":121,\"caption\":\"Tribuna da Praia\"},\"image\":{\"@id\":\"https:\/\/tribunadapraia.com.br\/#logo\"}},{\"@type\":\"WebSite\",\"@id\":\"https:\/\/tribunadapraia.com.br\/#website\",\"url\":\"https:\/\/tribunadapraia.com.br\/\",\"name\":\"TRIBUNA DA PRAIA\",\"description\":\"O 1\\u00ba jornal do interior de Sergipe na internet\",\"publisher\":{\"@id\":\"https:\/\/tribunadapraia.com.br\/#organization\"},\"potentialAction\":[{\"@type\":\"SearchAction\",\"target\":\"https:\/\/tribunadapraia.com.br\/?s={search_term_string}\",\"query-input\":\"required name=search_term_string\"}],\"inLanguage\":\"pt-BR\"},{\"@type\":\"ImageObject\",\"@id\":\"https:\/\/tribunadapraia.com.br\/?p=2470#primaryimage\",\"inLanguage\":\"pt-BR\",\"url\":\"https:\/\/tribunadapraia.com.br\/wp-content\/uploads\/2021\/04\/IMG-20210425-WA0001.jpg\",\"contentUrl\":\"https:\/\/tribunadapraia.com.br\/wp-content\/uploads\/2021\/04\/IMG-20210425-WA0001.jpg\",\"width\":448,\"height\":434},{\"@type\":\"WebPage\",\"@id\":\"https:\/\/tribunadapraia.com.br\/?p=2470#webpage\",\"url\":\"https:\/\/tribunadapraia.com.br\/?p=2470\",\"name\":\"Fique de Olho: Exalta\\u00e7\\u00e3o contida, vereadora Gil Cruz volta a base aliada [a coluna de ClaudOmir Herzog - TRIBUNA DA PRAIA\",\"isPartOf\":{\"@id\":\"https:\/\/tribunadapraia.com.br\/#website\"},\"primaryImageOfPage\":{\"@id\":\"https:\/\/tribunadapraia.com.br\/?p=2470#primaryimage\"},\"datePublished\":\"2021-04-25T10:49:56+00:00\",\"dateModified\":\"2021-04-25T10:49:56+00:00\",\"breadcrumb\":{\"@id\":\"https:\/\/tribunadapraia.com.br\/?p=2470#breadcrumb\"},\"inLanguage\":\"pt-BR\",\"potentialAction\":[{\"@type\":\"ReadAction\",\"target\":[\"https:\/\/tribunadapraia.com.br\/?p=2470\"]}]},{\"@type\":\"BreadcrumbList\",\"@id\":\"https:\/\/tribunadapraia.com.br\/?p=2470#breadcrumb\",\"itemListElement\":[{\"@type\":\"ListItem\",\"position\":1,\"item\":{\"@type\":\"WebPage\",\"@id\":\"https:\/\/tribunadapraia.com.br\/\",\"url\":\"https:\/\/tribunadapraia.com.br\/\",\"name\":\"In\\u00edcio\"}},{\"@type\":\"ListItem\",\"position\":2,\"item\":{\"@id\":\"https:\/\/tribunadapraia.com.br\/?p=2470#webpage\"}}]},{\"@type\":\"Article\",\"@id\":\"https:\/\/tribunadapraia.com.br\/?p=2470#article\",\"isPartOf\":{\"@id\":\"https:\/\/tribunadapraia.com.br\/?p=2470#webpage\"},\"author\":{\"@id\":\"https:\/\/tribunadapraia.com.br\/#\/schema\/person\/099fbbf59acc5895c0d7d52b4fc46c97\"},\"headline\":\"Fique de Olho: Exalta\\u00e7\\u00e3o contida, vereadora Gil Cruz volta a base aliada [a coluna de ClaudOmir Herzog\",\"datePublished\":\"2021-04-25T10:49:56+00:00\",\"dateModified\":\"2021-04-25T10:49:56+00:00\",\"mainEntityOfPage\":{\"@id\":\"https:\/\/tribunadapraia.com.br\/?p=2470#webpage\"},\"wordCount\":291,\"commentCount\":0,\"publisher\":{\"@id\":\"https:\/\/tribunadapraia.com.br\/#organization\"},\"image\":{\"@id\":\"https:\/\/tribunadapraia.com.br\/?p=2470#primaryimage\"},\"thumbnailUrl\":\"https:\/\/tribunadapraia.com.br\/wp-content\/uploads\/2021\/04\/IMG-20210425-WA0001.jpg\",\"articleSection\":[\"Not\\u00edcias\"],\"inLanguage\":\"pt-BR\",\"potentialAction\":[{\"@type\":\"CommentAction\",\"name\":\"Comment\",\"target\":[\"https:\/\/tribunadapraia.com.br\/?p=2470#respond\"]}]},{\"@type\":\"Person\",\"@id\":\"https:\/\/tribunadapraia.com.br\/#\/schema\/person\/099fbbf59acc5895c0d7d52b4fc46c97\",\"name\":\"Reda\\u00e7\\u00e3o\",\"image\":{\"@type\":\"ImageObject\",\"@id\":\"https:\/\/tribunadapraia.com.br\/#personlogo\",\"inLanguage\":\"pt-BR\",\"url\":\"https:\/\/secure.gravatar.com\/avatar\/91c8b91d2bfd7784eac5c3e055361f64?s=96&d=identicon&r=g\",\"contentUrl\":\"https:\/\/secure.gravatar.com\/avatar\/91c8b91d2bfd7784eac5c3e055361f64?s=96&d=identicon&r=g\",\"caption\":\"Reda\\u00e7\\u00e3o\"}}]}<\/script>\n<!-- \/ Yoast SEO plugin. -->","wps_subtitle":"","_links":{"self":[{"href":"https:\/\/tribunadapraia.com.br\/index.php?rest_route=\/wp\/v2\/posts\/2470"}],"collection":[{"href":"https:\/\/tribunadapraia.com.br\/index.php?rest_route=\/wp\/v2\/posts"}],"about":[{"href":"https:\/\/tribunadapraia.com.br\/index.php?rest_route=\/wp\/v2\/types\/post"}],"author":[{"embeddable":true,"href":"https:\/\/tribunadapraia.com.br\/index.php?rest_route=\/wp\/v2\/users\/3"}],"replies":[{"embeddable":true,"href":"https:\/\/tribunadapraia.com.br\/index.php?rest_route=%2Fwp%2Fv2%2Fcomments&post=2470"}],"version-history":[{"count":1,"href":"https:\/\/tribunadapraia.com.br\/index.php?rest_route=\/wp\/v2\/posts\/2470\/revisions"}],"predecessor-version":[{"id":2472,"href":"https:\/\/tribunadapraia.com.br\/index.php?rest_route=\/wp\/v2\/posts\/2470\/revisions\/2472"}],"wp:featuredmedia":[{"embeddable":true,"href":"https:\/\/tribunadapraia.com.br\/index.php?rest_route=\/wp\/v2\/media\/2471"}],"wp:attachment":[{"href":"https:\/\/tribunadapraia.com.br\/index.php?rest_route=%2Fwp%2Fv2%2Fmedia&parent=2470"}],"wp:term":[{"taxonomy":"category","embeddable":true,"href":"https:\/\/tribunadapraia.com.br\/index.php?rest_route=%2Fwp%2Fv2%2Fcategories&post=2470"},{"taxonomy":"post_tag","embeddable":true,"href":"https:\/\/tribunadapraia.com.br\/index.php?rest_route=%2Fwp%2Fv2%2Ftags&post=2470"}],"curies":[{"name":"wp","href":"https:\/\/api.w.org\/{rel}","templated":true}]}}