{"id":2467,"date":"2021-04-23T08:27:56","date_gmt":"2021-04-23T11:27:56","guid":{"rendered":"https:\/\/tribunadapraia.com.br\/?p=2467"},"modified":"2021-04-23T08:27:56","modified_gmt":"2021-04-23T11:27:56","slug":"fique-de-olho-eliane-aquino-e-o-nome-natural-para-disputar-o-governo-de-sergipe-a-coluna-de-claudomir-herzog","status":"publish","type":"post","link":"https:\/\/tribunadapraia.com.br\/?p=2467","title":{"rendered":"Fique de Olho: Eliane Aquino \u00e9 o nome natural para disputar o governo de Sergipe [a coluna de ClaudOmir Herzog]"},"content":{"rendered":"<p>Para os apressadinhos, um alerta: n\u00e3o temos procura\u00e7\u00e3o nem afinidade pol\u00edtica para defender a vice governadora Eliane Aquino (PT), mas segundo nosso sentimento de justi\u00e7a e observando o curso da pr\u00f3pria constru\u00e7\u00e3o do projeto de poder que desde 2007 impera em Sergipe, ela \u00e9 o nome natural para disputar o mandato de governadora em 2022, gesto que deveria ser assumido preliminarmente pelo seu partido, que agora teria um elemento substantivo a mais com a possibilidade real de Lula, l\u00edder em todas \u00e0s pesquisas, voltar a disputa presidencial, assim, secundariamente atrairia os olhares&#8230; e apoio da base governista.<\/p>\n<p>A ordem natural &#8211; Justifica-se essa condi\u00e7\u00e3o de legitimidade de Eliane, os condicionantes que al\u00e7aram a candidatura de Belivaldo Chagas (hoje no PSD) a vice-governador em 2006 para contemplar o peso pol\u00edtico dos Valadares (PSB), a barganha e &#8220;fura fila&#8221; de Jackson Barreto (MDB) em 2010, a compensa\u00e7\u00e3o ao pr\u00f3prio Belivaldo em 2014 que herdou a titularidade em 2018 e disputou a reelei\u00e7\u00e3o em 2018.<\/p>\n<p>\u25a0 O esp\u00f3lio de D\u00e9da:<\/p>\n<p>Para assegurar aos eleitores de Marcelo D\u00e9da (1960\/2014), a vi\u00fava Eliane Aquino comp\u00f4s \u00e0s chapas vitoriosas do prefeito de Aracaju, Edvaldo Nogueira, atualmente no PDT (2016) e dois anos depois de Belivaldo Chagas (2018). N\u00e3o seria razo\u00e1vel sugestionar seu nome como substituta natural quando inspirassem \u00e0s possibilidades naturais de disputa do atual chefe do executivo, ou Eliane s\u00f3 serviu como cabedal e esp\u00f3lio de D\u00e9da para manter o atual projeto no poder e depois ser descartada?<\/p>\n<p>\u25a0 Nem F\u00e1bio nem Rog\u00e9rio<\/p>\n<p>Ao nosso ver, erra o PT ao preciptar uma pr\u00e9-candidatura do senador Rog\u00e9rio Carvalho e o PSD ao estimular o deputado federal F\u00e1bio Mitidieri, este sem viabilidade eleitoral, ignorando a vice-governadora, a &#8220;bola da vez.&#8221;<\/p>\n<p>\u25a0 Ah Edivaldo<\/p>\n<p>Seria uma ingratid\u00e3o a mem\u00f3ria de Marcelo D\u00e9da se o prefeito de Aracaju, Edivaldo Nogueira, n\u00e3o fosse o signat\u00e1rio de uma pr\u00e9-candidatura da vi\u00fava de seu padrinho pol\u00edtico, pois este s\u00f3 chegou onde est\u00e1 gra\u00e7as a fidelidade e amizade do saudoso l\u00edder pol\u00edtico. Mas o que esperar de quem desembarcou de um partido (PCdoB) que o hospedou por longos 40 anos?<\/p>\n<p>\u25a0 O 1\u00b0 jornal do interior de Sergipe na internet<\/p>\n<p>No ar desde 24 de abril de 2004, o site da Tribuna da Praia esart\u00e1 completando 17 anos no ar, sendo o 1\u00aa jornal do interior de Sergipe na internet. Fundada em 23 de agosto de 1983, a Tribuna da Praia \u00e9 uma metamorfose na imprensa sergipana, nunca baixando a guarda, na trincheira da liberdade de express\u00e3o.<\/p>\n<p>\u25a0 Nosso lema<\/p>\n<p>&#8220;A fun\u00e7\u00e3o da imprensa \u00e9 ser o c\u00e3o-de-guarda, o denunciador incans\u00e1vel dos opressores, o olho onipresente e a boca onipresente do esp\u00edrito do povo que guarda com ci\u00fame sua liberdade. [&#8230;] O dever da imprensa \u00e9 tomar a palavra em favor dos oprimidos a sua volta. [&#8230;] O primeiro dever da imprensa \u00e9 minar todas as bases do sistema pol\u00edtico existente.&#8221; (Karl Marx).<\/p>\n<p>\u25a0 Gratid\u00e3o<\/p>\n<p>Muito obrigado aos nossos leitores, antes da edi\u00e7\u00e3o impressa, atualmente da edi\u00e7\u00e3o online e digital.<\/p>\n<p>\u25a0 Mensagem<\/p>\n<p>\u201cA utopia est\u00e1 l\u00e1 no horizonte. Me aproximo dois passos, ela se afasta dois passos. Caminho dez passos e o horizonte corre dez passos. Por mais que eu caminhe, jamais alcan\u00e7arei. Para que serve a utopia? Serve para isso: para que eu n\u00e3o deixe de caminhar.\u201d (Eduardo Galeano)<\/p>\n<p>por ClaudOmir Herzog | Claudomir21@gmail.com<\/p>\n<p>(1) Devido a baixa vis\u00e3o, o autor utiliza a ferramrmta acessibilidade<\/p>\n","protected":false},"excerpt":{"rendered":"<p>Para os apressadinhos, um alerta: n\u00e3o temos procura\u00e7\u00e3o nem afinidade pol\u00edtica para defender a vice governadora Eliane Aquino (PT), mas segundo nosso sentimento de justi\u00e7a e observando o curso da pr\u00f3pria constru\u00e7\u00e3o do projeto de poder que desde 2007 impera em Sergipe, ela \u00e9 o nome natural para disputar o mandato de governadora em 2022, gesto que deveria ser assumido preliminarmente pelo seu partido, que agora teria um elemento substantivo<\/p>\n","protected":false},"author":3,"featured_media":2468,"comment_status":"open","ping_status":"open","sticky":false,"template":"","format":"standard","meta":[],"categories":[18],"tags":[],"yoast_head":"<!-- This site is optimized with the Yoast SEO plugin v16.3 - https:\/\/yoast.com\/wordpress\/plugins\/seo\/ -->\n<title>Fique de Olho: Eliane Aquino \u00e9 o nome natural para disputar o governo de Sergipe [a coluna de ClaudOmir Herzog] - TRIBUNA DA PRAIA<\/title>\n<meta name=\"robots\" content=\"index, follow, max-snippet:-1, max-image-preview:large, max-video-preview:-1\" \/>\n<link rel=\"canonical\" href=\"https:\/\/tribunadapraia.com.br\/?p=2467\" \/>\n<meta property=\"og:locale\" content=\"pt_BR\" \/>\n<meta property=\"og:type\" content=\"article\" \/>\n<meta property=\"og:title\" content=\"Fique de Olho: Eliane Aquino \u00e9 o nome natural para disputar o governo de Sergipe [a coluna de ClaudOmir Herzog] - TRIBUNA DA PRAIA\" \/>\n<meta property=\"og:description\" content=\"Para os apressadinhos, um alerta: n\u00e3o temos procura\u00e7\u00e3o nem afinidade pol\u00edtica para defender a vice governadora Eliane Aquino (PT), mas segundo nosso sentimento de justi\u00e7a e observando o curso da pr\u00f3pria constru\u00e7\u00e3o do projeto de poder que desde 2007 impera em Sergipe, ela \u00e9 o nome natural para disputar o mandato de governadora em 2022, gesto que deveria ser assumido preliminarmente pelo seu partido, que agora teria um elemento substantivo\" \/>\n<meta property=\"og:url\" content=\"https:\/\/tribunadapraia.com.br\/?p=2467\" \/>\n<meta property=\"og:site_name\" content=\"TRIBUNA DA PRAIA\" \/>\n<meta property=\"article:publisher\" content=\"https:\/\/www.facebook.com\/tribunadapraiaonline\/\" \/>\n<meta property=\"article:published_time\" content=\"2021-04-23T11:27:56+00:00\" \/>\n<meta property=\"og:image\" content=\"https:\/\/tribunadapraia.com.br\/wp-content\/uploads\/2021\/04\/IMG-20210423-WA0002.jpg\" \/>\n\t<meta property=\"og:image:width\" content=\"533\" \/>\n\t<meta property=\"og:image:height\" content=\"378\" \/>\n<meta name=\"twitter:card\" content=\"summary_large_image\" \/>\n<meta name=\"twitter:creator\" content=\"@Claudomir21\" \/>\n<meta name=\"twitter:site\" content=\"@Claudomir21\" \/>\n<meta name=\"twitter:label1\" content=\"Est. tempo de leitura\">\n\t<meta name=\"twitter:data1\" content=\"3 minutos\">\n<script type=\"application\/ld+json\" class=\"yoast-schema-graph\">{\"@context\":\"https:\/\/schema.org\",\"@graph\":[{\"@type\":\"Organization\",\"@id\":\"https:\/\/tribunadapraia.com.br\/#organization\",\"name\":\"Tribuna da Praia\",\"url\":\"https:\/\/tribunadapraia.com.br\/\",\"sameAs\":[\"https:\/\/www.facebook.com\/tribunadapraiaonline\/\",\"https:\/\/www.instagram.com\/claudomirtavares\/\",\"https:\/\/www.youtube.com\/channel\/UCwQf80nxiMzCefAyjbp53Rw\",\"https:\/\/twitter.com\/Claudomir21\"],\"logo\":{\"@type\":\"ImageObject\",\"@id\":\"https:\/\/tribunadapraia.com.br\/#logo\",\"inLanguage\":\"pt-BR\",\"url\":\"https:\/\/tribunadapraia.com.br\/wp-content\/uploads\/2020\/02\/logo.png\",\"contentUrl\":\"https:\/\/tribunadapraia.com.br\/wp-content\/uploads\/2020\/02\/logo.png\",\"width\":501,\"height\":121,\"caption\":\"Tribuna da Praia\"},\"image\":{\"@id\":\"https:\/\/tribunadapraia.com.br\/#logo\"}},{\"@type\":\"WebSite\",\"@id\":\"https:\/\/tribunadapraia.com.br\/#website\",\"url\":\"https:\/\/tribunadapraia.com.br\/\",\"name\":\"TRIBUNA DA PRAIA\",\"description\":\"O 1\\u00ba jornal do interior de Sergipe na internet\",\"publisher\":{\"@id\":\"https:\/\/tribunadapraia.com.br\/#organization\"},\"potentialAction\":[{\"@type\":\"SearchAction\",\"target\":\"https:\/\/tribunadapraia.com.br\/?s={search_term_string}\",\"query-input\":\"required name=search_term_string\"}],\"inLanguage\":\"pt-BR\"},{\"@type\":\"ImageObject\",\"@id\":\"https:\/\/tribunadapraia.com.br\/?p=2467#primaryimage\",\"inLanguage\":\"pt-BR\",\"url\":\"https:\/\/tribunadapraia.com.br\/wp-content\/uploads\/2021\/04\/IMG-20210423-WA0002.jpg\",\"contentUrl\":\"https:\/\/tribunadapraia.com.br\/wp-content\/uploads\/2021\/04\/IMG-20210423-WA0002.jpg\",\"width\":533,\"height\":378},{\"@type\":\"WebPage\",\"@id\":\"https:\/\/tribunadapraia.com.br\/?p=2467#webpage\",\"url\":\"https:\/\/tribunadapraia.com.br\/?p=2467\",\"name\":\"Fique de Olho: Eliane Aquino \\u00e9 o nome natural para disputar o governo de Sergipe [a coluna de ClaudOmir Herzog] - TRIBUNA DA PRAIA\",\"isPartOf\":{\"@id\":\"https:\/\/tribunadapraia.com.br\/#website\"},\"primaryImageOfPage\":{\"@id\":\"https:\/\/tribunadapraia.com.br\/?p=2467#primaryimage\"},\"datePublished\":\"2021-04-23T11:27:56+00:00\",\"dateModified\":\"2021-04-23T11:27:56+00:00\",\"breadcrumb\":{\"@id\":\"https:\/\/tribunadapraia.com.br\/?p=2467#breadcrumb\"},\"inLanguage\":\"pt-BR\",\"potentialAction\":[{\"@type\":\"ReadAction\",\"target\":[\"https:\/\/tribunadapraia.com.br\/?p=2467\"]}]},{\"@type\":\"BreadcrumbList\",\"@id\":\"https:\/\/tribunadapraia.com.br\/?p=2467#breadcrumb\",\"itemListElement\":[{\"@type\":\"ListItem\",\"position\":1,\"item\":{\"@type\":\"WebPage\",\"@id\":\"https:\/\/tribunadapraia.com.br\/\",\"url\":\"https:\/\/tribunadapraia.com.br\/\",\"name\":\"In\\u00edcio\"}},{\"@type\":\"ListItem\",\"position\":2,\"item\":{\"@id\":\"https:\/\/tribunadapraia.com.br\/?p=2467#webpage\"}}]},{\"@type\":\"Article\",\"@id\":\"https:\/\/tribunadapraia.com.br\/?p=2467#article\",\"isPartOf\":{\"@id\":\"https:\/\/tribunadapraia.com.br\/?p=2467#webpage\"},\"author\":{\"@id\":\"https:\/\/tribunadapraia.com.br\/#\/schema\/person\/099fbbf59acc5895c0d7d52b4fc46c97\"},\"headline\":\"Fique de Olho: Eliane Aquino \\u00e9 o nome natural para disputar o governo de Sergipe [a coluna de ClaudOmir Herzog]\",\"datePublished\":\"2021-04-23T11:27:56+00:00\",\"dateModified\":\"2021-04-23T11:27:56+00:00\",\"mainEntityOfPage\":{\"@id\":\"https:\/\/tribunadapraia.com.br\/?p=2467#webpage\"},\"wordCount\":601,\"commentCount\":0,\"publisher\":{\"@id\":\"https:\/\/tribunadapraia.com.br\/#organization\"},\"image\":{\"@id\":\"https:\/\/tribunadapraia.com.br\/?p=2467#primaryimage\"},\"thumbnailUrl\":\"https:\/\/tribunadapraia.com.br\/wp-content\/uploads\/2021\/04\/IMG-20210423-WA0002.jpg\",\"articleSection\":[\"Not\\u00edcias\"],\"inLanguage\":\"pt-BR\",\"potentialAction\":[{\"@type\":\"CommentAction\",\"name\":\"Comment\",\"target\":[\"https:\/\/tribunadapraia.com.br\/?p=2467#respond\"]}]},{\"@type\":\"Person\",\"@id\":\"https:\/\/tribunadapraia.com.br\/#\/schema\/person\/099fbbf59acc5895c0d7d52b4fc46c97\",\"name\":\"Reda\\u00e7\\u00e3o\",\"image\":{\"@type\":\"ImageObject\",\"@id\":\"https:\/\/tribunadapraia.com.br\/#personlogo\",\"inLanguage\":\"pt-BR\",\"url\":\"https:\/\/secure.gravatar.com\/avatar\/91c8b91d2bfd7784eac5c3e055361f64?s=96&d=identicon&r=g\",\"contentUrl\":\"https:\/\/secure.gravatar.com\/avatar\/91c8b91d2bfd7784eac5c3e055361f64?s=96&d=identicon&r=g\",\"caption\":\"Reda\\u00e7\\u00e3o\"}}]}<\/script>\n<!-- \/ Yoast SEO plugin. -->","wps_subtitle":"","_links":{"self":[{"href":"https:\/\/tribunadapraia.com.br\/index.php?rest_route=\/wp\/v2\/posts\/2467"}],"collection":[{"href":"https:\/\/tribunadapraia.com.br\/index.php?rest_route=\/wp\/v2\/posts"}],"about":[{"href":"https:\/\/tribunadapraia.com.br\/index.php?rest_route=\/wp\/v2\/types\/post"}],"author":[{"embeddable":true,"href":"https:\/\/tribunadapraia.com.br\/index.php?rest_route=\/wp\/v2\/users\/3"}],"replies":[{"embeddable":true,"href":"https:\/\/tribunadapraia.com.br\/index.php?rest_route=%2Fwp%2Fv2%2Fcomments&post=2467"}],"version-history":[{"count":1,"href":"https:\/\/tribunadapraia.com.br\/index.php?rest_route=\/wp\/v2\/posts\/2467\/revisions"}],"predecessor-version":[{"id":2469,"href":"https:\/\/tribunadapraia.com.br\/index.php?rest_route=\/wp\/v2\/posts\/2467\/revisions\/2469"}],"wp:featuredmedia":[{"embeddable":true,"href":"https:\/\/tribunadapraia.com.br\/index.php?rest_route=\/wp\/v2\/media\/2468"}],"wp:attachment":[{"href":"https:\/\/tribunadapraia.com.br\/index.php?rest_route=%2Fwp%2Fv2%2Fmedia&parent=2467"}],"wp:term":[{"taxonomy":"category","embeddable":true,"href":"https:\/\/tribunadapraia.com.br\/index.php?rest_route=%2Fwp%2Fv2%2Fcategories&post=2467"},{"taxonomy":"post_tag","embeddable":true,"href":"https:\/\/tribunadapraia.com.br\/index.php?rest_route=%2Fwp%2Fv2%2Ftags&post=2467"}],"curies":[{"name":"wp","href":"https:\/\/api.w.org\/{rel}","templated":true}]}}