{"id":2461,"date":"2021-04-20T06:21:42","date_gmt":"2021-04-20T09:21:42","guid":{"rendered":"https:\/\/tribunadapraia.com.br\/?p=2461"},"modified":"2021-04-20T06:21:42","modified_gmt":"2021-04-20T09:21:42","slug":"fique-de-olho-subnotificados-municipios-de-barra-dos-coqueiros-japaratuba-pirambu-e-prpria-teriam-pelo-menos-metade-da-populacao-infectada-pelo-covid-19-a-coluna-de-claudomir-herzog","status":"publish","type":"post","link":"https:\/\/tribunadapraia.com.br\/?p=2461","title":{"rendered":"Fique de olho: Subnotificados, munic\u00edpios de Barra dos Coqueiros, Japaratuba, Pirambu e Prpri\u00e1 teriam, pelo menos, metade da popula\u00e7\u00e3o infectada pelo Covid-19 [a coluna de ClaudOmir Herzog]"},"content":{"rendered":"<p>A popula\u00e7\u00e3o de Pirambu recebeu assustada e c\u00e9tica os resultados da testagem por amostragem (exatos 370 unidades) realizada em mar\u00e7o pela UFS e SES\/Governo de Sergipe, dados que foram contestados pela Prefeitura, mas nenhuma surpresa para quem os receberam \u00e0 luz da raz\u00e3o. No munic\u00edpio praiano, encontrar nas ruas algu\u00e9m fazendo uso da m\u00e1scsra \u00e9 como se deparar com uma c\u00e9dula de R$ 200,00 (duzentos reais). Se estender a testagem para o conjunto da popula\u00e7\u00e3o (9.359: IBGE, 2020), considerando o desrespeito ao distanciamento e isolamento social, n\u00e3o seria falso concluir que pelo menos 4,5 mil habitantes j\u00e1 teriam sido infectados em um ano de pandemia, n\u00fameros que deveriam colocar a popula\u00e7\u00e3o em alerta m\u00e1xima, mas &#8230;<\/p>\n<p>\u25a0 Outras cidades<\/p>\n<p>Da mesms forma subnotificados e observados os relatos de terceiros e de nosso pr\u00f3prios testemunho, se estabelecidos paralelos, os n\u00fameros de Pirambu corresponderiam a 15 mil habitantes positivados em Barra dos Coqueiros e Propri\u00e1 e 7,5 mil em Japaratuba, metade destas popula\u00e7\u00f5es.<\/p>\n<p>\u25a0 Que se fa\u00e7a justi\u00e7a<\/p>\n<p>Dentro do poss\u00edvel, a Secretaria Muni\u00e7ipal de Sa\u00fade de Pirambu t\u00eam feito sua parte, inclusive avan\u00e7ando em uma semana o cronograma nacional de vacina\u00e7\u00e3o, contemplando profissionais de sa\u00fade, idosos, for\u00e7as de seguran\u00e7a, portadores de sindrome de down e autistas.<\/p>\n<p>\u25a0 H\u00e1 30 anos<\/p>\n<p>Logo ap\u00f3s o carnaval de 1991, um surto de meningite meningoc\u00f3cica do tipo B acometeu a cidade, ceifando a vida de crian\u00e7as, sendo 6 em fevereiro e 1 em abril. Nenhuma medida sanit\u00e1ria foi tomada pela Prefeitura de Pirambu (gest\u00e3o C\u00e9sar Rocha) e Governo de Sergipe (gest\u00e3 Jo\u00e3o Alves Filho).<\/p>\n<p>\u25a0 Ao longo da Hist\u00f3ria<\/p>\n<p>Pandemias t\u00eam varrido ao longo da hist\u00f3ria da humanidade popula\u00e7\u00f5es da Terra, desde a Peste Bub\u00f4nica no Imp\u00e9rio Bizantino (s\u00e9culo VI), Peste Negra na Idade M\u00e9da (s\u00e9culo XIV)), a Var\u00edola em Laranjeiras (s\u00e9culo XIX), a Gripe Espanhola (s\u00e9culo XX) e o Covid 19, s\u00f3 para pontuar alguns exemplos.<\/p>\n<p>\u25a0 Mensagem<\/p>\n<p>\u201cOlhe para tr\u00e1s e nada mudar\u00e1. Olhe para frente e nada mudar\u00e1. Olhe para si. Tudo mudar\u00e1.\u201d (Pensamento Zen)<\/p>\n<p>por ClaudOmir Herzog | foto: Prefeitura de Pirambu<\/p>\n","protected":false},"excerpt":{"rendered":"<p>A popula\u00e7\u00e3o de Pirambu recebeu assustada e c\u00e9tica os resultados da testagem por amostragem (exatos 370 unidades) realizada em mar\u00e7o pela UFS e SES\/Governo de Sergipe, dados que foram contestados pela Prefeitura, mas nenhuma surpresa para quem os receberam \u00e0 luz da raz\u00e3o. No munic\u00edpio praiano, encontrar nas ruas algu\u00e9m fazendo uso da m\u00e1scsra \u00e9 como se deparar com uma c\u00e9dula de R$ 200,00 (duzentos reais). Se estender a testagem<\/p>\n","protected":false},"author":3,"featured_media":2462,"comment_status":"open","ping_status":"open","sticky":false,"template":"","format":"standard","meta":[],"categories":[18],"tags":[],"yoast_head":"<!-- This site is optimized with the Yoast SEO plugin v16.3 - https:\/\/yoast.com\/wordpress\/plugins\/seo\/ -->\n<title>Fique de olho: Subnotificados, munic\u00edpios de Barra dos Coqueiros, Japaratuba, Pirambu e Prpri\u00e1 teriam, pelo menos, metade da popula\u00e7\u00e3o infectada pelo Covid-19 [a coluna de ClaudOmir Herzog] - TRIBUNA DA PRAIA<\/title>\n<meta name=\"robots\" content=\"index, follow, max-snippet:-1, max-image-preview:large, max-video-preview:-1\" \/>\n<link rel=\"canonical\" href=\"https:\/\/tribunadapraia.com.br\/?p=2461\" \/>\n<meta property=\"og:locale\" content=\"pt_BR\" \/>\n<meta property=\"og:type\" content=\"article\" \/>\n<meta property=\"og:title\" content=\"Fique de olho: Subnotificados, munic\u00edpios de Barra dos Coqueiros, Japaratuba, Pirambu e Prpri\u00e1 teriam, pelo menos, metade da popula\u00e7\u00e3o infectada pelo Covid-19 [a coluna de ClaudOmir Herzog] - TRIBUNA DA PRAIA\" \/>\n<meta property=\"og:description\" content=\"A popula\u00e7\u00e3o de Pirambu recebeu assustada e c\u00e9tica os resultados da testagem por amostragem (exatos 370 unidades) realizada em mar\u00e7o pela UFS e SES\/Governo de Sergipe, dados que foram contestados pela Prefeitura, mas nenhuma surpresa para quem os receberam \u00e0 luz da raz\u00e3o. No munic\u00edpio praiano, encontrar nas ruas algu\u00e9m fazendo uso da m\u00e1scsra \u00e9 como se deparar com uma c\u00e9dula de R$ 200,00 (duzentos reais). Se estender a testagem\" \/>\n<meta property=\"og:url\" content=\"https:\/\/tribunadapraia.com.br\/?p=2461\" \/>\n<meta property=\"og:site_name\" content=\"TRIBUNA DA PRAIA\" \/>\n<meta property=\"article:publisher\" content=\"https:\/\/www.facebook.com\/tribunadapraiaonline\/\" \/>\n<meta property=\"article:published_time\" content=\"2021-04-20T09:21:42+00:00\" \/>\n<meta property=\"og:image\" content=\"https:\/\/tribunadapraia.com.br\/wp-content\/uploads\/2021\/04\/IMG-20210420-WA0001.jpg\" \/>\n\t<meta property=\"og:image:width\" content=\"720\" \/>\n\t<meta property=\"og:image:height\" content=\"499\" \/>\n<meta name=\"twitter:card\" content=\"summary_large_image\" \/>\n<meta name=\"twitter:creator\" content=\"@Claudomir21\" \/>\n<meta name=\"twitter:site\" content=\"@Claudomir21\" \/>\n<meta name=\"twitter:label1\" content=\"Est. tempo de leitura\">\n\t<meta name=\"twitter:data1\" content=\"2 minutos\">\n<script type=\"application\/ld+json\" class=\"yoast-schema-graph\">{\"@context\":\"https:\/\/schema.org\",\"@graph\":[{\"@type\":\"Organization\",\"@id\":\"https:\/\/tribunadapraia.com.br\/#organization\",\"name\":\"Tribuna da Praia\",\"url\":\"https:\/\/tribunadapraia.com.br\/\",\"sameAs\":[\"https:\/\/www.facebook.com\/tribunadapraiaonline\/\",\"https:\/\/www.instagram.com\/claudomirtavares\/\",\"https:\/\/www.youtube.com\/channel\/UCwQf80nxiMzCefAyjbp53Rw\",\"https:\/\/twitter.com\/Claudomir21\"],\"logo\":{\"@type\":\"ImageObject\",\"@id\":\"https:\/\/tribunadapraia.com.br\/#logo\",\"inLanguage\":\"pt-BR\",\"url\":\"https:\/\/tribunadapraia.com.br\/wp-content\/uploads\/2020\/02\/logo.png\",\"contentUrl\":\"https:\/\/tribunadapraia.com.br\/wp-content\/uploads\/2020\/02\/logo.png\",\"width\":501,\"height\":121,\"caption\":\"Tribuna da Praia\"},\"image\":{\"@id\":\"https:\/\/tribunadapraia.com.br\/#logo\"}},{\"@type\":\"WebSite\",\"@id\":\"https:\/\/tribunadapraia.com.br\/#website\",\"url\":\"https:\/\/tribunadapraia.com.br\/\",\"name\":\"TRIBUNA DA PRAIA\",\"description\":\"O 1\\u00ba jornal do interior de Sergipe na internet\",\"publisher\":{\"@id\":\"https:\/\/tribunadapraia.com.br\/#organization\"},\"potentialAction\":[{\"@type\":\"SearchAction\",\"target\":\"https:\/\/tribunadapraia.com.br\/?s={search_term_string}\",\"query-input\":\"required name=search_term_string\"}],\"inLanguage\":\"pt-BR\"},{\"@type\":\"ImageObject\",\"@id\":\"https:\/\/tribunadapraia.com.br\/?p=2461#primaryimage\",\"inLanguage\":\"pt-BR\",\"url\":\"https:\/\/tribunadapraia.com.br\/wp-content\/uploads\/2021\/04\/IMG-20210420-WA0001.jpg\",\"contentUrl\":\"https:\/\/tribunadapraia.com.br\/wp-content\/uploads\/2021\/04\/IMG-20210420-WA0001.jpg\",\"width\":720,\"height\":499},{\"@type\":\"WebPage\",\"@id\":\"https:\/\/tribunadapraia.com.br\/?p=2461#webpage\",\"url\":\"https:\/\/tribunadapraia.com.br\/?p=2461\",\"name\":\"Fique de olho: Subnotificados, munic\\u00edpios de Barra dos Coqueiros, Japaratuba, Pirambu e Prpri\\u00e1 teriam, pelo menos, metade da popula\\u00e7\\u00e3o infectada pelo Covid-19 [a coluna de ClaudOmir Herzog] - TRIBUNA DA PRAIA\",\"isPartOf\":{\"@id\":\"https:\/\/tribunadapraia.com.br\/#website\"},\"primaryImageOfPage\":{\"@id\":\"https:\/\/tribunadapraia.com.br\/?p=2461#primaryimage\"},\"datePublished\":\"2021-04-20T09:21:42+00:00\",\"dateModified\":\"2021-04-20T09:21:42+00:00\",\"breadcrumb\":{\"@id\":\"https:\/\/tribunadapraia.com.br\/?p=2461#breadcrumb\"},\"inLanguage\":\"pt-BR\",\"potentialAction\":[{\"@type\":\"ReadAction\",\"target\":[\"https:\/\/tribunadapraia.com.br\/?p=2461\"]}]},{\"@type\":\"BreadcrumbList\",\"@id\":\"https:\/\/tribunadapraia.com.br\/?p=2461#breadcrumb\",\"itemListElement\":[{\"@type\":\"ListItem\",\"position\":1,\"item\":{\"@type\":\"WebPage\",\"@id\":\"https:\/\/tribunadapraia.com.br\/\",\"url\":\"https:\/\/tribunadapraia.com.br\/\",\"name\":\"In\\u00edcio\"}},{\"@type\":\"ListItem\",\"position\":2,\"item\":{\"@id\":\"https:\/\/tribunadapraia.com.br\/?p=2461#webpage\"}}]},{\"@type\":\"Article\",\"@id\":\"https:\/\/tribunadapraia.com.br\/?p=2461#article\",\"isPartOf\":{\"@id\":\"https:\/\/tribunadapraia.com.br\/?p=2461#webpage\"},\"author\":{\"@id\":\"https:\/\/tribunadapraia.com.br\/#\/schema\/person\/099fbbf59acc5895c0d7d52b4fc46c97\"},\"headline\":\"Fique de olho: Subnotificados, munic\\u00edpios de Barra dos Coqueiros, Japaratuba, Pirambu e Prpri\\u00e1 teriam, pelo menos, metade da popula\\u00e7\\u00e3o infectada pelo Covid-19 [a coluna de ClaudOmir Herzog]\",\"datePublished\":\"2021-04-20T09:21:42+00:00\",\"dateModified\":\"2021-04-20T09:21:42+00:00\",\"mainEntityOfPage\":{\"@id\":\"https:\/\/tribunadapraia.com.br\/?p=2461#webpage\"},\"wordCount\":397,\"commentCount\":0,\"publisher\":{\"@id\":\"https:\/\/tribunadapraia.com.br\/#organization\"},\"image\":{\"@id\":\"https:\/\/tribunadapraia.com.br\/?p=2461#primaryimage\"},\"thumbnailUrl\":\"https:\/\/tribunadapraia.com.br\/wp-content\/uploads\/2021\/04\/IMG-20210420-WA0001.jpg\",\"articleSection\":[\"Not\\u00edcias\"],\"inLanguage\":\"pt-BR\",\"potentialAction\":[{\"@type\":\"CommentAction\",\"name\":\"Comment\",\"target\":[\"https:\/\/tribunadapraia.com.br\/?p=2461#respond\"]}]},{\"@type\":\"Person\",\"@id\":\"https:\/\/tribunadapraia.com.br\/#\/schema\/person\/099fbbf59acc5895c0d7d52b4fc46c97\",\"name\":\"Reda\\u00e7\\u00e3o\",\"image\":{\"@type\":\"ImageObject\",\"@id\":\"https:\/\/tribunadapraia.com.br\/#personlogo\",\"inLanguage\":\"pt-BR\",\"url\":\"https:\/\/secure.gravatar.com\/avatar\/91c8b91d2bfd7784eac5c3e055361f64?s=96&d=identicon&r=g\",\"contentUrl\":\"https:\/\/secure.gravatar.com\/avatar\/91c8b91d2bfd7784eac5c3e055361f64?s=96&d=identicon&r=g\",\"caption\":\"Reda\\u00e7\\u00e3o\"}}]}<\/script>\n<!-- \/ Yoast SEO plugin. -->","wps_subtitle":"","_links":{"self":[{"href":"https:\/\/tribunadapraia.com.br\/index.php?rest_route=\/wp\/v2\/posts\/2461"}],"collection":[{"href":"https:\/\/tribunadapraia.com.br\/index.php?rest_route=\/wp\/v2\/posts"}],"about":[{"href":"https:\/\/tribunadapraia.com.br\/index.php?rest_route=\/wp\/v2\/types\/post"}],"author":[{"embeddable":true,"href":"https:\/\/tribunadapraia.com.br\/index.php?rest_route=\/wp\/v2\/users\/3"}],"replies":[{"embeddable":true,"href":"https:\/\/tribunadapraia.com.br\/index.php?rest_route=%2Fwp%2Fv2%2Fcomments&post=2461"}],"version-history":[{"count":1,"href":"https:\/\/tribunadapraia.com.br\/index.php?rest_route=\/wp\/v2\/posts\/2461\/revisions"}],"predecessor-version":[{"id":2463,"href":"https:\/\/tribunadapraia.com.br\/index.php?rest_route=\/wp\/v2\/posts\/2461\/revisions\/2463"}],"wp:featuredmedia":[{"embeddable":true,"href":"https:\/\/tribunadapraia.com.br\/index.php?rest_route=\/wp\/v2\/media\/2462"}],"wp:attachment":[{"href":"https:\/\/tribunadapraia.com.br\/index.php?rest_route=%2Fwp%2Fv2%2Fmedia&parent=2461"}],"wp:term":[{"taxonomy":"category","embeddable":true,"href":"https:\/\/tribunadapraia.com.br\/index.php?rest_route=%2Fwp%2Fv2%2Fcategories&post=2461"},{"taxonomy":"post_tag","embeddable":true,"href":"https:\/\/tribunadapraia.com.br\/index.php?rest_route=%2Fwp%2Fv2%2Ftags&post=2461"}],"curies":[{"name":"wp","href":"https:\/\/api.w.org\/{rel}","templated":true}]}}