{"id":2455,"date":"2021-04-19T00:01:17","date_gmt":"2021-04-19T03:01:17","guid":{"rendered":"https:\/\/tribunadapraia.com.br\/?p=2455"},"modified":"2021-04-19T00:09:30","modified_gmt":"2021-04-19T03:09:30","slug":"fique-de-olho-vice-prefeito-e-secretario-de-turismo-de-em-lauto-buffet-contrariam-emergencia-sanitaria-a-coluna-de-claudomir-herzog","status":"publish","type":"post","link":"https:\/\/tribunadapraia.com.br\/?p=2455","title":{"rendered":"Fique de olho: Vice-prefeito e secret\u00e1rio de turismo de &#8230; em lauto buffet contrariam emerg\u00eancia sanit\u00e1ria [a coluna de ClaudOmir Herzog]"},"content":{"rendered":"<p>Ningu\u00e9m t\u00eam o direito de opinar sobre a vida pessoal, nem no que estes decidem fazer delas e com elas, um direito individual inalien\u00e1vel preconizado no art. 5\u00b0 da Constitui\u00e7\u00e3o Federal, mas quando estes indiv\u00edduos est\u00e3o investidos em fun\u00e7\u00f5es p\u00fablicas relevantes, devem primar por certa prud\u00eancia para que suas atitudes n\u00e3o sejam classificadas como mal exemplo para o conjunto da sociedade. Aqui n\u00e3o \u00e9 um exerc\u00edcio de falso moralismo, nem de hipocrisia, mas lembrar que os olhos da popula\u00e7\u00e3o est\u00e3o cada vez mais vigilantes, inclusive nas contas &#8220;fechadas&#8221; no Instagran de quem \u00e9 crivel que entre os seguidores n\u00e3o existam quem socialize \u00e0s informa\u00e7\u00f5es al\u00ed publicadas.<\/p>\n<p>Por princ\u00edpios &#8211; Aqui n\u00e3o vamos declinar de nomres e cidade dos suplicantes, apenas identificando o Baixo S\u00e3o Francisco como base territorial e raio geogr\u00e1fico de aproximadamente 100 km do epicentro pol\u00edtico e domiciliar, o cen\u00e1rio do certame pois, para bom entendedor, basta um churrasco personalizado para identificar o lauto buffet que teve como protagonistas um vice-prefeito, um secret\u00e1rio de turismo e &#8220;servidores&#8221; com la\u00e7os pol\u00edticos que nem se preocuparam com o indispens\u00e1vel uso da m\u00e1scara e o distanciamento social, cenas de aglomera\u00e7\u00e3o, em plena situa\u00e7\u00e3o extrema de emerg\u00eancia sanit\u00e1ria nacional.<\/p>\n<p>\u25a0 Entre elas<\/p>\n<p>Apresentado por Juliana Melo e Simone Louredo, estreou neste s\u00e1bado, 17, das 12 \u00e0s 13 horas, na R\u00e1dio Propri\u00e1 104,9 FM, o programa semanal &#8220;Entre Elas&#8221;, a voz feminina no r\u00e1dio arrebatando a audi\u00eancia &#8230; e cora\u00e7\u00f5es. Parab\u00e9ns!<\/p>\n<p>\u25a0 Padre Cl\u00eanisson Ferreira<\/p>\n<p>Ordenado em sua terra natal, Piramnu e depois de passar sua primeira experi\u00eancia sacerdotal como p\u00e1roco de Brejo Grande, o padre Cl\u00eanisson Ferreira agora est\u00e1 \u00e0 frente da par\u00f3quia de Canind\u00e9 de S\u00e3o Francisco.<\/p>\n<p>\u25a0 Consultas suspensas<\/p>\n<p>As consultas m\u00e9dicas regulares em Barra dos Coqueiros est\u00e3o temporariamente suspensas, salvo pacientes gestante ou diab\u00e9ticos com os niveis alterados e hipertensos com a press\u00e3o descompensada.<\/p>\n<p>\u25a0 Droga, t\u00f4 fora!<\/p>\n<p>M\u00e9dicos que prescreveram a Hidroxicloroquina como tratamento precoce contra o Covid 19, est\u00e3o sob investiga\u00e7\u00e3o pelas autoridades sanit\u00e1rias francesas. Sem efic\u00e1cia comprovada em testes cl\u00ednicos, com efeitos colaterais que sequelam, pode at\u00e9 levar a morte.<\/p>\n<p>\u25a0 H\u00e1 21 anos<\/p>\n<p>Em 19 de abril de 2000, ano do Jubileun, Pirambu era elevada \u00e0 condi\u00e7\u00e3o de Par\u00f3quia N\u00aa S\u00aa de Lourdes.<\/p>\n<p>\u25a0 Mensagem:<\/p>\n<p>&#8220;Quando eu descobri a verdade das coisas, mudaram-se as perguntas&#8221;. (S\u00f3crates)<\/p>\n<p>por ClaudOmir Herzog<\/p>\n","protected":false},"excerpt":{"rendered":"<p>Ningu\u00e9m t\u00eam o direito de opinar sobre a vida pessoal, nem no que estes decidem fazer delas e com elas, um direito individual inalien\u00e1vel preconizado no art. 5\u00b0 da Constitui\u00e7\u00e3o Federal, mas quando estes indiv\u00edduos est\u00e3o investidos em fun\u00e7\u00f5es p\u00fablicas relevantes, devem primar por certa prud\u00eancia para que suas atitudes n\u00e3o sejam classificadas como mal exemplo para o conjunto da sociedade. Aqui n\u00e3o \u00e9 um exerc\u00edcio de falso moralismo, nem<\/p>\n","protected":false},"author":3,"featured_media":2456,"comment_status":"open","ping_status":"open","sticky":false,"template":"","format":"standard","meta":[],"categories":[18],"tags":[],"yoast_head":"<!-- This site is optimized with the Yoast SEO plugin v16.3 - https:\/\/yoast.com\/wordpress\/plugins\/seo\/ -->\n<title>Fique de olho: Vice-prefeito e secret\u00e1rio de turismo de ... em lauto buffet contrariam emerg\u00eancia sanit\u00e1ria [a coluna de ClaudOmir Herzog] - TRIBUNA DA PRAIA<\/title>\n<meta name=\"robots\" content=\"index, follow, max-snippet:-1, max-image-preview:large, max-video-preview:-1\" \/>\n<link rel=\"canonical\" href=\"https:\/\/tribunadapraia.com.br\/?p=2455\" \/>\n<meta property=\"og:locale\" content=\"pt_BR\" \/>\n<meta property=\"og:type\" content=\"article\" \/>\n<meta property=\"og:title\" content=\"Fique de olho: Vice-prefeito e secret\u00e1rio de turismo de ... em lauto buffet contrariam emerg\u00eancia sanit\u00e1ria [a coluna de ClaudOmir Herzog] - TRIBUNA DA PRAIA\" \/>\n<meta property=\"og:description\" content=\"Ningu\u00e9m t\u00eam o direito de opinar sobre a vida pessoal, nem no que estes decidem fazer delas e com elas, um direito individual inalien\u00e1vel preconizado no art. 5\u00b0 da Constitui\u00e7\u00e3o Federal, mas quando estes indiv\u00edduos est\u00e3o investidos em fun\u00e7\u00f5es p\u00fablicas relevantes, devem primar por certa prud\u00eancia para que suas atitudes n\u00e3o sejam classificadas como mal exemplo para o conjunto da sociedade. Aqui n\u00e3o \u00e9 um exerc\u00edcio de falso moralismo, nem\" \/>\n<meta property=\"og:url\" content=\"https:\/\/tribunadapraia.com.br\/?p=2455\" \/>\n<meta property=\"og:site_name\" content=\"TRIBUNA DA PRAIA\" \/>\n<meta property=\"article:publisher\" content=\"https:\/\/www.facebook.com\/tribunadapraiaonline\/\" \/>\n<meta property=\"article:published_time\" content=\"2021-04-19T03:01:17+00:00\" \/>\n<meta property=\"article:modified_time\" content=\"2021-04-19T03:09:30+00:00\" \/>\n<meta property=\"og:image\" content=\"https:\/\/tribunadapraia.com.br\/wp-content\/uploads\/2021\/04\/IMG-20210418-WA0132.jpg\" \/>\n\t<meta property=\"og:image:width\" content=\"1024\" \/>\n\t<meta property=\"og:image:height\" content=\"1024\" \/>\n<meta name=\"twitter:card\" content=\"summary_large_image\" \/>\n<meta name=\"twitter:creator\" content=\"@Claudomir21\" \/>\n<meta name=\"twitter:site\" content=\"@Claudomir21\" \/>\n<meta name=\"twitter:label1\" content=\"Est. tempo de leitura\">\n\t<meta name=\"twitter:data1\" content=\"2 minutos\">\n<script type=\"application\/ld+json\" class=\"yoast-schema-graph\">{\"@context\":\"https:\/\/schema.org\",\"@graph\":[{\"@type\":\"Organization\",\"@id\":\"https:\/\/tribunadapraia.com.br\/#organization\",\"name\":\"Tribuna da Praia\",\"url\":\"https:\/\/tribunadapraia.com.br\/\",\"sameAs\":[\"https:\/\/www.facebook.com\/tribunadapraiaonline\/\",\"https:\/\/www.instagram.com\/claudomirtavares\/\",\"https:\/\/www.youtube.com\/channel\/UCwQf80nxiMzCefAyjbp53Rw\",\"https:\/\/twitter.com\/Claudomir21\"],\"logo\":{\"@type\":\"ImageObject\",\"@id\":\"https:\/\/tribunadapraia.com.br\/#logo\",\"inLanguage\":\"pt-BR\",\"url\":\"https:\/\/tribunadapraia.com.br\/wp-content\/uploads\/2020\/02\/logo.png\",\"contentUrl\":\"https:\/\/tribunadapraia.com.br\/wp-content\/uploads\/2020\/02\/logo.png\",\"width\":501,\"height\":121,\"caption\":\"Tribuna da Praia\"},\"image\":{\"@id\":\"https:\/\/tribunadapraia.com.br\/#logo\"}},{\"@type\":\"WebSite\",\"@id\":\"https:\/\/tribunadapraia.com.br\/#website\",\"url\":\"https:\/\/tribunadapraia.com.br\/\",\"name\":\"TRIBUNA DA PRAIA\",\"description\":\"O 1\\u00ba jornal do interior de Sergipe na internet\",\"publisher\":{\"@id\":\"https:\/\/tribunadapraia.com.br\/#organization\"},\"potentialAction\":[{\"@type\":\"SearchAction\",\"target\":\"https:\/\/tribunadapraia.com.br\/?s={search_term_string}\",\"query-input\":\"required name=search_term_string\"}],\"inLanguage\":\"pt-BR\"},{\"@type\":\"ImageObject\",\"@id\":\"https:\/\/tribunadapraia.com.br\/?p=2455#primaryimage\",\"inLanguage\":\"pt-BR\",\"url\":\"https:\/\/tribunadapraia.com.br\/wp-content\/uploads\/2021\/04\/IMG-20210418-WA0132.jpg\",\"contentUrl\":\"https:\/\/tribunadapraia.com.br\/wp-content\/uploads\/2021\/04\/IMG-20210418-WA0132.jpg\",\"width\":1024,\"height\":1024},{\"@type\":\"WebPage\",\"@id\":\"https:\/\/tribunadapraia.com.br\/?p=2455#webpage\",\"url\":\"https:\/\/tribunadapraia.com.br\/?p=2455\",\"name\":\"Fique de olho: Vice-prefeito e secret\\u00e1rio de turismo de ... em lauto buffet contrariam emerg\\u00eancia sanit\\u00e1ria [a coluna de ClaudOmir Herzog] - TRIBUNA DA PRAIA\",\"isPartOf\":{\"@id\":\"https:\/\/tribunadapraia.com.br\/#website\"},\"primaryImageOfPage\":{\"@id\":\"https:\/\/tribunadapraia.com.br\/?p=2455#primaryimage\"},\"datePublished\":\"2021-04-19T03:01:17+00:00\",\"dateModified\":\"2021-04-19T03:09:30+00:00\",\"breadcrumb\":{\"@id\":\"https:\/\/tribunadapraia.com.br\/?p=2455#breadcrumb\"},\"inLanguage\":\"pt-BR\",\"potentialAction\":[{\"@type\":\"ReadAction\",\"target\":[\"https:\/\/tribunadapraia.com.br\/?p=2455\"]}]},{\"@type\":\"BreadcrumbList\",\"@id\":\"https:\/\/tribunadapraia.com.br\/?p=2455#breadcrumb\",\"itemListElement\":[{\"@type\":\"ListItem\",\"position\":1,\"item\":{\"@type\":\"WebPage\",\"@id\":\"https:\/\/tribunadapraia.com.br\/\",\"url\":\"https:\/\/tribunadapraia.com.br\/\",\"name\":\"In\\u00edcio\"}},{\"@type\":\"ListItem\",\"position\":2,\"item\":{\"@id\":\"https:\/\/tribunadapraia.com.br\/?p=2455#webpage\"}}]},{\"@type\":\"Article\",\"@id\":\"https:\/\/tribunadapraia.com.br\/?p=2455#article\",\"isPartOf\":{\"@id\":\"https:\/\/tribunadapraia.com.br\/?p=2455#webpage\"},\"author\":{\"@id\":\"https:\/\/tribunadapraia.com.br\/#\/schema\/person\/099fbbf59acc5895c0d7d52b4fc46c97\"},\"headline\":\"Fique de olho: Vice-prefeito e secret\\u00e1rio de turismo de &#8230; em lauto buffet contrariam emerg\\u00eancia sanit\\u00e1ria [a coluna de ClaudOmir Herzog]\",\"datePublished\":\"2021-04-19T03:01:17+00:00\",\"dateModified\":\"2021-04-19T03:09:30+00:00\",\"mainEntityOfPage\":{\"@id\":\"https:\/\/tribunadapraia.com.br\/?p=2455#webpage\"},\"wordCount\":442,\"commentCount\":0,\"publisher\":{\"@id\":\"https:\/\/tribunadapraia.com.br\/#organization\"},\"image\":{\"@id\":\"https:\/\/tribunadapraia.com.br\/?p=2455#primaryimage\"},\"thumbnailUrl\":\"https:\/\/tribunadapraia.com.br\/wp-content\/uploads\/2021\/04\/IMG-20210418-WA0132.jpg\",\"articleSection\":[\"Not\\u00edcias\"],\"inLanguage\":\"pt-BR\",\"potentialAction\":[{\"@type\":\"CommentAction\",\"name\":\"Comment\",\"target\":[\"https:\/\/tribunadapraia.com.br\/?p=2455#respond\"]}]},{\"@type\":\"Person\",\"@id\":\"https:\/\/tribunadapraia.com.br\/#\/schema\/person\/099fbbf59acc5895c0d7d52b4fc46c97\",\"name\":\"Reda\\u00e7\\u00e3o\",\"image\":{\"@type\":\"ImageObject\",\"@id\":\"https:\/\/tribunadapraia.com.br\/#personlogo\",\"inLanguage\":\"pt-BR\",\"url\":\"https:\/\/secure.gravatar.com\/avatar\/91c8b91d2bfd7784eac5c3e055361f64?s=96&d=identicon&r=g\",\"contentUrl\":\"https:\/\/secure.gravatar.com\/avatar\/91c8b91d2bfd7784eac5c3e055361f64?s=96&d=identicon&r=g\",\"caption\":\"Reda\\u00e7\\u00e3o\"}}]}<\/script>\n<!-- \/ Yoast SEO plugin. -->","wps_subtitle":"","_links":{"self":[{"href":"https:\/\/tribunadapraia.com.br\/index.php?rest_route=\/wp\/v2\/posts\/2455"}],"collection":[{"href":"https:\/\/tribunadapraia.com.br\/index.php?rest_route=\/wp\/v2\/posts"}],"about":[{"href":"https:\/\/tribunadapraia.com.br\/index.php?rest_route=\/wp\/v2\/types\/post"}],"author":[{"embeddable":true,"href":"https:\/\/tribunadapraia.com.br\/index.php?rest_route=\/wp\/v2\/users\/3"}],"replies":[{"embeddable":true,"href":"https:\/\/tribunadapraia.com.br\/index.php?rest_route=%2Fwp%2Fv2%2Fcomments&post=2455"}],"version-history":[{"count":1,"href":"https:\/\/tribunadapraia.com.br\/index.php?rest_route=\/wp\/v2\/posts\/2455\/revisions"}],"predecessor-version":[{"id":2457,"href":"https:\/\/tribunadapraia.com.br\/index.php?rest_route=\/wp\/v2\/posts\/2455\/revisions\/2457"}],"wp:featuredmedia":[{"embeddable":true,"href":"https:\/\/tribunadapraia.com.br\/index.php?rest_route=\/wp\/v2\/media\/2456"}],"wp:attachment":[{"href":"https:\/\/tribunadapraia.com.br\/index.php?rest_route=%2Fwp%2Fv2%2Fmedia&parent=2455"}],"wp:term":[{"taxonomy":"category","embeddable":true,"href":"https:\/\/tribunadapraia.com.br\/index.php?rest_route=%2Fwp%2Fv2%2Fcategories&post=2455"},{"taxonomy":"post_tag","embeddable":true,"href":"https:\/\/tribunadapraia.com.br\/index.php?rest_route=%2Fwp%2Fv2%2Ftags&post=2455"}],"curies":[{"name":"wp","href":"https:\/\/api.w.org\/{rel}","templated":true}]}}