{"id":2451,"date":"2021-04-17T22:48:16","date_gmt":"2021-04-18T01:48:16","guid":{"rendered":"https:\/\/tribunadapraia.com.br\/?p=2451"},"modified":"2021-04-17T22:49:13","modified_gmt":"2021-04-18T01:49:13","slug":"memoria-e-justica-mst-realiza-acoes-em-todo-o-pais-nos-25-anos-do-massacre-de-eldorado-do-carajas","status":"publish","type":"post","link":"https:\/\/tribunadapraia.com.br\/?p=2451","title":{"rendered":"MEM\u00d3RIA E JUSTI\u00c7A: MST realiza a\u00e7\u00f5es em todo o pa\u00eds nos 25 anos do Massacre de Eldorado do Caraj\u00e1s"},"content":{"rendered":"<p>Bloqueios de rodovias, atos pol\u00edticos e culturais est\u00e3o na agenda da data que marca o Dia de Luta pela Reforma Agr\u00e1ria<br \/>\nReda\u00e7\u00e3o<\/p>\n<p>Sem terras do Rec\u00f4ncavo Baiano fecham BR 093. A\u00e7\u00f5es organizadas pelo MST por todo Brasil pedem, al\u00e9m de justi\u00e7a e reforma agr\u00e1ria, vacinas, aux\u00edlio emergencial e o impeachment do presidente<\/p>\n<p>No dia 17 de abril de 1996 acontecia o maior massacre contra camponeses da hist\u00f3ria recente do pa\u00eds. Vinte e um sem terras foram assassinados por policiais no estado do Par\u00e1 durante marcha que se direcionava para a capital do estado.<\/p>\n<p>Em mem\u00f3ria \u00e0s v\u00edtimas que ap\u00f3s 25 anos do crime ainda n\u00e3o foram justi\u00e7adas pelo Estado, o Movimento dos Trabalhadores Rurais Sem Terra (MST) realizada neste s\u00e1bado (17), a\u00e7\u00f5es por todo pa\u00eds. Estradas estaduais e federais est\u00e3o sendo bloqueadas por 21 minutos, em refer\u00eancia ao n\u00famero de mortos, e atos culturais e pol\u00edticos, realizados de forma digital, trazem a mem\u00f3ria e as demandas atuais do movimento que luta pela Reforma Agr\u00e1ria. No Brasil, 200 mil fam\u00edlias ainda aguardam para serem assentadas.<\/p>\n<p>\u201cTodos os anos fazemos um ato pol\u00edtico, cultural e religioso na curva do S, mas, em fun\u00e7\u00e3o da pandemia, o nosso ato desse ano ser\u00e1 um ato virtual, como tem ocorrido v\u00e1rias atividades celebrando a vida dos que seguem na luta por Reforma Agr\u00e1ria, por justi\u00e7a, dignidade, terra, trabalho e alimenta\u00e7\u00e3o saud\u00e1vel&#8221;, ressalta Ayala Ferreira, da Dire\u00e7\u00e3o do MST.<\/p>\n<p>A data tamb\u00e9m marca o Dia Nacional de Luta pela Reforma Agr\u00e1ria (Lei n\u00ba 10.469\/2002), e o Dia Internacional da Luta Camponesa, declarada pela Via Campesina como um marco na luta pela terra em todo o mundo. Neste contexto, a Jornada Nacional de Luta pela Reforma Agr\u00e1ria inaugura a \u201cParada pela Vida\u201d, um lockdown popular articulado a partir dos movimentos populares para salvar vidas.<\/p>\n","protected":false},"excerpt":{"rendered":"<p>Bloqueios de rodovias, atos pol\u00edticos e culturais est\u00e3o na agenda da data que marca o Dia de Luta pela Reforma Agr\u00e1ria Reda\u00e7\u00e3o Sem terras do Rec\u00f4ncavo Baiano fecham BR 093. A\u00e7\u00f5es organizadas pelo MST por todo Brasil pedem, al\u00e9m de justi\u00e7a e reforma agr\u00e1ria, vacinas, aux\u00edlio emergencial e o impeachment do presidente No dia 17 de abril de 1996 acontecia o maior massacre contra camponeses da hist\u00f3ria recente do pa\u00eds.<\/p>\n","protected":false},"author":1,"featured_media":2452,"comment_status":"open","ping_status":"open","sticky":false,"template":"","format":"standard","meta":[],"categories":[18],"tags":[],"yoast_head":"<!-- This site is optimized with the Yoast SEO plugin v16.3 - https:\/\/yoast.com\/wordpress\/plugins\/seo\/ -->\n<title>MEM\u00d3RIA E JUSTI\u00c7A: MST realiza a\u00e7\u00f5es em todo o pa\u00eds nos 25 anos do Massacre de Eldorado do Caraj\u00e1s - TRIBUNA DA PRAIA<\/title>\n<meta name=\"robots\" content=\"index, follow, max-snippet:-1, max-image-preview:large, max-video-preview:-1\" \/>\n<link rel=\"canonical\" href=\"https:\/\/tribunadapraia.com.br\/?p=2451\" \/>\n<meta property=\"og:locale\" content=\"pt_BR\" \/>\n<meta property=\"og:type\" content=\"article\" \/>\n<meta property=\"og:title\" content=\"MEM\u00d3RIA E JUSTI\u00c7A: MST realiza a\u00e7\u00f5es em todo o pa\u00eds nos 25 anos do Massacre de Eldorado do Caraj\u00e1s - TRIBUNA DA PRAIA\" \/>\n<meta property=\"og:description\" content=\"Bloqueios de rodovias, atos pol\u00edticos e culturais est\u00e3o na agenda da data que marca o Dia de Luta pela Reforma Agr\u00e1ria Reda\u00e7\u00e3o Sem terras do Rec\u00f4ncavo Baiano fecham BR 093. A\u00e7\u00f5es organizadas pelo MST por todo Brasil pedem, al\u00e9m de justi\u00e7a e reforma agr\u00e1ria, vacinas, aux\u00edlio emergencial e o impeachment do presidente No dia 17 de abril de 1996 acontecia o maior massacre contra camponeses da hist\u00f3ria recente do pa\u00eds.\" \/>\n<meta property=\"og:url\" content=\"https:\/\/tribunadapraia.com.br\/?p=2451\" \/>\n<meta property=\"og:site_name\" content=\"TRIBUNA DA PRAIA\" \/>\n<meta property=\"article:publisher\" content=\"https:\/\/www.facebook.com\/tribunadapraiaonline\/\" \/>\n<meta property=\"article:published_time\" content=\"2021-04-18T01:48:16+00:00\" \/>\n<meta property=\"article:modified_time\" content=\"2021-04-18T01:49:13+00:00\" \/>\n<meta property=\"og:image\" content=\"https:\/\/tribunadapraia.com.br\/wp-content\/uploads\/2021\/04\/IMG-20210417-WA0070.jpg\" \/>\n\t<meta property=\"og:image:width\" content=\"800\" \/>\n\t<meta property=\"og:image:height\" content=\"600\" \/>\n<meta name=\"twitter:card\" content=\"summary_large_image\" \/>\n<meta name=\"twitter:creator\" content=\"@Claudomir21\" \/>\n<meta name=\"twitter:site\" content=\"@Claudomir21\" \/>\n<meta name=\"twitter:label1\" content=\"Est. tempo de leitura\">\n\t<meta name=\"twitter:data1\" content=\"2 minutos\">\n<script type=\"application\/ld+json\" class=\"yoast-schema-graph\">{\"@context\":\"https:\/\/schema.org\",\"@graph\":[{\"@type\":\"Organization\",\"@id\":\"https:\/\/tribunadapraia.com.br\/#organization\",\"name\":\"Tribuna da Praia\",\"url\":\"https:\/\/tribunadapraia.com.br\/\",\"sameAs\":[\"https:\/\/www.facebook.com\/tribunadapraiaonline\/\",\"https:\/\/www.instagram.com\/claudomirtavares\/\",\"https:\/\/www.youtube.com\/channel\/UCwQf80nxiMzCefAyjbp53Rw\",\"https:\/\/twitter.com\/Claudomir21\"],\"logo\":{\"@type\":\"ImageObject\",\"@id\":\"https:\/\/tribunadapraia.com.br\/#logo\",\"inLanguage\":\"pt-BR\",\"url\":\"https:\/\/tribunadapraia.com.br\/wp-content\/uploads\/2020\/02\/logo.png\",\"contentUrl\":\"https:\/\/tribunadapraia.com.br\/wp-content\/uploads\/2020\/02\/logo.png\",\"width\":501,\"height\":121,\"caption\":\"Tribuna da Praia\"},\"image\":{\"@id\":\"https:\/\/tribunadapraia.com.br\/#logo\"}},{\"@type\":\"WebSite\",\"@id\":\"https:\/\/tribunadapraia.com.br\/#website\",\"url\":\"https:\/\/tribunadapraia.com.br\/\",\"name\":\"TRIBUNA DA PRAIA\",\"description\":\"O 1\\u00ba jornal do interior de Sergipe na internet\",\"publisher\":{\"@id\":\"https:\/\/tribunadapraia.com.br\/#organization\"},\"potentialAction\":[{\"@type\":\"SearchAction\",\"target\":\"https:\/\/tribunadapraia.com.br\/?s={search_term_string}\",\"query-input\":\"required name=search_term_string\"}],\"inLanguage\":\"pt-BR\"},{\"@type\":\"ImageObject\",\"@id\":\"https:\/\/tribunadapraia.com.br\/?p=2451#primaryimage\",\"inLanguage\":\"pt-BR\",\"url\":\"https:\/\/tribunadapraia.com.br\/wp-content\/uploads\/2021\/04\/IMG-20210417-WA0070.jpg\",\"contentUrl\":\"https:\/\/tribunadapraia.com.br\/wp-content\/uploads\/2021\/04\/IMG-20210417-WA0070.jpg\",\"width\":800,\"height\":600},{\"@type\":\"WebPage\",\"@id\":\"https:\/\/tribunadapraia.com.br\/?p=2451#webpage\",\"url\":\"https:\/\/tribunadapraia.com.br\/?p=2451\",\"name\":\"MEM\\u00d3RIA E JUSTI\\u00c7A: MST realiza a\\u00e7\\u00f5es em todo o pa\\u00eds nos 25 anos do Massacre de Eldorado do Caraj\\u00e1s - TRIBUNA DA PRAIA\",\"isPartOf\":{\"@id\":\"https:\/\/tribunadapraia.com.br\/#website\"},\"primaryImageOfPage\":{\"@id\":\"https:\/\/tribunadapraia.com.br\/?p=2451#primaryimage\"},\"datePublished\":\"2021-04-18T01:48:16+00:00\",\"dateModified\":\"2021-04-18T01:49:13+00:00\",\"breadcrumb\":{\"@id\":\"https:\/\/tribunadapraia.com.br\/?p=2451#breadcrumb\"},\"inLanguage\":\"pt-BR\",\"potentialAction\":[{\"@type\":\"ReadAction\",\"target\":[\"https:\/\/tribunadapraia.com.br\/?p=2451\"]}]},{\"@type\":\"BreadcrumbList\",\"@id\":\"https:\/\/tribunadapraia.com.br\/?p=2451#breadcrumb\",\"itemListElement\":[{\"@type\":\"ListItem\",\"position\":1,\"item\":{\"@type\":\"WebPage\",\"@id\":\"https:\/\/tribunadapraia.com.br\/\",\"url\":\"https:\/\/tribunadapraia.com.br\/\",\"name\":\"In\\u00edcio\"}},{\"@type\":\"ListItem\",\"position\":2,\"item\":{\"@id\":\"https:\/\/tribunadapraia.com.br\/?p=2451#webpage\"}}]},{\"@type\":\"Article\",\"@id\":\"https:\/\/tribunadapraia.com.br\/?p=2451#article\",\"isPartOf\":{\"@id\":\"https:\/\/tribunadapraia.com.br\/?p=2451#webpage\"},\"author\":{\"@id\":\"https:\/\/tribunadapraia.com.br\/#\/schema\/person\/326b0a9f3163b479142c64eba4928de0\"},\"headline\":\"MEM\\u00d3RIA E JUSTI\\u00c7A: MST realiza a\\u00e7\\u00f5es em todo o pa\\u00eds nos 25 anos do Massacre de Eldorado do Caraj\\u00e1s\",\"datePublished\":\"2021-04-18T01:48:16+00:00\",\"dateModified\":\"2021-04-18T01:49:13+00:00\",\"mainEntityOfPage\":{\"@id\":\"https:\/\/tribunadapraia.com.br\/?p=2451#webpage\"},\"wordCount\":350,\"commentCount\":0,\"publisher\":{\"@id\":\"https:\/\/tribunadapraia.com.br\/#organization\"},\"image\":{\"@id\":\"https:\/\/tribunadapraia.com.br\/?p=2451#primaryimage\"},\"thumbnailUrl\":\"https:\/\/tribunadapraia.com.br\/wp-content\/uploads\/2021\/04\/IMG-20210417-WA0070.jpg\",\"articleSection\":[\"Not\\u00edcias\"],\"inLanguage\":\"pt-BR\",\"potentialAction\":[{\"@type\":\"CommentAction\",\"name\":\"Comment\",\"target\":[\"https:\/\/tribunadapraia.com.br\/?p=2451#respond\"]}]},{\"@type\":\"Person\",\"@id\":\"https:\/\/tribunadapraia.com.br\/#\/schema\/person\/326b0a9f3163b479142c64eba4928de0\",\"name\":\"tribunadapraia\",\"image\":{\"@type\":\"ImageObject\",\"@id\":\"https:\/\/tribunadapraia.com.br\/#personlogo\",\"inLanguage\":\"pt-BR\",\"url\":\"https:\/\/secure.gravatar.com\/avatar\/38b019c74762496076b7355024a0dad9?s=96&d=identicon&r=g\",\"contentUrl\":\"https:\/\/secure.gravatar.com\/avatar\/38b019c74762496076b7355024a0dad9?s=96&d=identicon&r=g\",\"caption\":\"tribunadapraia\"}}]}<\/script>\n<!-- \/ Yoast SEO plugin. -->","wps_subtitle":"","_links":{"self":[{"href":"https:\/\/tribunadapraia.com.br\/index.php?rest_route=\/wp\/v2\/posts\/2451"}],"collection":[{"href":"https:\/\/tribunadapraia.com.br\/index.php?rest_route=\/wp\/v2\/posts"}],"about":[{"href":"https:\/\/tribunadapraia.com.br\/index.php?rest_route=\/wp\/v2\/types\/post"}],"author":[{"embeddable":true,"href":"https:\/\/tribunadapraia.com.br\/index.php?rest_route=\/wp\/v2\/users\/1"}],"replies":[{"embeddable":true,"href":"https:\/\/tribunadapraia.com.br\/index.php?rest_route=%2Fwp%2Fv2%2Fcomments&post=2451"}],"version-history":[{"count":1,"href":"https:\/\/tribunadapraia.com.br\/index.php?rest_route=\/wp\/v2\/posts\/2451\/revisions"}],"predecessor-version":[{"id":2453,"href":"https:\/\/tribunadapraia.com.br\/index.php?rest_route=\/wp\/v2\/posts\/2451\/revisions\/2453"}],"wp:featuredmedia":[{"embeddable":true,"href":"https:\/\/tribunadapraia.com.br\/index.php?rest_route=\/wp\/v2\/media\/2452"}],"wp:attachment":[{"href":"https:\/\/tribunadapraia.com.br\/index.php?rest_route=%2Fwp%2Fv2%2Fmedia&parent=2451"}],"wp:term":[{"taxonomy":"category","embeddable":true,"href":"https:\/\/tribunadapraia.com.br\/index.php?rest_route=%2Fwp%2Fv2%2Fcategories&post=2451"},{"taxonomy":"post_tag","embeddable":true,"href":"https:\/\/tribunadapraia.com.br\/index.php?rest_route=%2Fwp%2Fv2%2Ftags&post=2451"}],"curies":[{"name":"wp","href":"https:\/\/api.w.org\/{rel}","templated":true}]}}