{"id":2448,"date":"2021-04-17T22:27:50","date_gmt":"2021-04-18T01:27:50","guid":{"rendered":"https:\/\/tribunadapraia.com.br\/?p=2448"},"modified":"2021-04-17T22:28:53","modified_gmt":"2021-04-18T01:28:53","slug":"coronavirus-brasil-supera-as-371-mil-mortes-por-covid-19-e-contagios-se-aproximam-a-14-milhoes","status":"publish","type":"post","link":"https:\/\/tribunadapraia.com.br\/?p=2448","title":{"rendered":"CORONAV\u00cdRUS Brasil supera as 371 mil mortes por covid-19 e cont\u00e1gios se aproximam a 14 milh\u00f5es"},"content":{"rendered":"<p>Presidente da Rep\u00fablica continua desrespeitando protocolos de seguran\u00e7a recomendados por autoridades sanit\u00e1rias<\/p>\n<p>Jair Bolsonaro cumprimenta pessoas, sem m\u00e1scara, e segura beb\u00ea em Goian\u00e1polis (GO) neste s\u00e1bado (17) &#8211; Instagram<\/p>\n<p>O Brasil registrou 2.929 mortes por covid-19 e mais 67.636 casos da doen\u00e7a nas \u00faltimas 24 horas, segundo o Conselho Nacional de Secretarias de Sa\u00fade (Conass). Com as cifras, o pa\u00eds acumula 13.900.091 casos de covid-19 e 371.678 \u00f3bitos.<\/p>\n<p>A pior taxa de letalidade continua sendo a do estado do Rio de Janeiro, com 5,9%, seguido por Pernambuco (3,5%) e Amazonas (3,4%). Essa taxa \u00e9 medida pela quantidade de mortes em rela\u00e7\u00e3o ao n\u00famero de casos registrados em cada estado.<\/p>\n<p>Os tr\u00eas estados com pior taxa de mortalidade (que apresenta o n\u00famero de mortes por covid em cada estado em fun\u00e7\u00e3o de sua popula\u00e7\u00e3o), s\u00e3o Amazonas com 298,3 mortes por covid a cada 100 mil habitantes, Rond\u00f4nia (269,4) e Mato Grosso (254,8).<\/p>\n<p>Bolsonaro e a pandemia<\/p>\n<p>O presidente da Rep\u00fablica viajou neste s\u00e1bado (17) para a cidade de Goian\u00e1polis (GO), onde pousou em um est\u00e1dio de futebol e cumprimentou diversas pessoas que se encontravam aglomeradas, segundo o jornal Folha de S.Paulo. Bolsonaro estava sem m\u00e1scara e estendeu a m\u00e3o a diversas pessoas.<\/p>\n<p>Essa semana, teve in\u00edcio a CPI da Covid, que investigar\u00e1 omiss\u00f5es e eventuais crimes do governo federal em rela\u00e7\u00e3o \u00e0 pandemia. A oposi\u00e7\u00e3o tem apresentado diversos pedidos de impeachment em fun\u00e7\u00e3o de crimes de responsabilidade que o presidente da Rep\u00fablica teria cometido em rela\u00e7\u00e3o \u00e0 crise sanit\u00e1ria no pa\u00eds.<\/p>\n<p>O que \u00e9 o novo coronav\u00edrus?<\/p>\n<p>Trata-se de uma extensa fam\u00edlia de v\u00edrus causadores de doen\u00e7as tanto em animais como em humanos. De acordo com a Organiza\u00e7\u00e3o Mundial de Sa\u00fade (OMS), em humanos, os v\u00e1rios tipos de v\u00edrus podem provocar infec\u00e7\u00f5es respirat\u00f3rias que v\u00e3o de resfriados comuns, como a S\u00edndrome Respirat\u00f3ria do Oriente M\u00e9dio (MERS), a crises mais graves, como a S\u00edndrome Respirat\u00f3ria Aguda Severa (SARS). O coronav\u00edrus descoberto mais recentemente causa a doen\u00e7a covid-19.<\/p>\n<p>Como ajudar quem precisa?<\/p>\n<p>A campanha \u201cVamos precisar de todo mundo\u201d \u00e9 uma a\u00e7\u00e3o de solidariedade articulada pela Frente Brasil Popular e pela Frente Povo Sem Medo. A plataforma foi criada para ajudar pessoas impactadas pela pandemia da covid-19. De acordo com os organizadores, o objetivo \u00e9 dar visibilidade e fortalecer as iniciativas populares de coopera\u00e7\u00e3o.<\/p>\n<p>Reda\u00e7\u00e3o Brasil de Fato | Edi\u00e7\u00e3o: Mauro Ramos<\/p>\n","protected":false},"excerpt":{"rendered":"<p>Presidente da Rep\u00fablica continua desrespeitando protocolos de seguran\u00e7a recomendados por autoridades sanit\u00e1rias Jair Bolsonaro cumprimenta pessoas, sem m\u00e1scara, e segura beb\u00ea em Goian\u00e1polis (GO) neste s\u00e1bado (17) &#8211; Instagram O Brasil registrou 2.929 mortes por covid-19 e mais 67.636 casos da doen\u00e7a nas \u00faltimas 24 horas, segundo o Conselho Nacional de Secretarias de Sa\u00fade (Conass). Com as cifras, o pa\u00eds acumula 13.900.091 casos de covid-19 e 371.678 \u00f3bitos. A pior<\/p>\n","protected":false},"author":1,"featured_media":2449,"comment_status":"open","ping_status":"open","sticky":false,"template":"","format":"standard","meta":[],"categories":[18],"tags":[],"yoast_head":"<!-- This site is optimized with the Yoast SEO plugin v16.3 - https:\/\/yoast.com\/wordpress\/plugins\/seo\/ -->\n<title>CORONAV\u00cdRUS Brasil supera as 371 mil mortes por covid-19 e cont\u00e1gios se aproximam a 14 milh\u00f5es - TRIBUNA DA PRAIA<\/title>\n<meta name=\"robots\" content=\"index, follow, max-snippet:-1, max-image-preview:large, max-video-preview:-1\" \/>\n<link rel=\"canonical\" href=\"https:\/\/tribunadapraia.com.br\/?p=2448\" \/>\n<meta property=\"og:locale\" content=\"pt_BR\" \/>\n<meta property=\"og:type\" content=\"article\" \/>\n<meta property=\"og:title\" content=\"CORONAV\u00cdRUS Brasil supera as 371 mil mortes por covid-19 e cont\u00e1gios se aproximam a 14 milh\u00f5es - TRIBUNA DA PRAIA\" \/>\n<meta property=\"og:description\" content=\"Presidente da Rep\u00fablica continua desrespeitando protocolos de seguran\u00e7a recomendados por autoridades sanit\u00e1rias Jair Bolsonaro cumprimenta pessoas, sem m\u00e1scara, e segura beb\u00ea em Goian\u00e1polis (GO) neste s\u00e1bado (17) &#8211; Instagram O Brasil registrou 2.929 mortes por covid-19 e mais 67.636 casos da doen\u00e7a nas \u00faltimas 24 horas, segundo o Conselho Nacional de Secretarias de Sa\u00fade (Conass). Com as cifras, o pa\u00eds acumula 13.900.091 casos de covid-19 e 371.678 \u00f3bitos. A pior\" \/>\n<meta property=\"og:url\" content=\"https:\/\/tribunadapraia.com.br\/?p=2448\" \/>\n<meta property=\"og:site_name\" content=\"TRIBUNA DA PRAIA\" \/>\n<meta property=\"article:publisher\" content=\"https:\/\/www.facebook.com\/tribunadapraiaonline\/\" \/>\n<meta property=\"article:published_time\" content=\"2021-04-18T01:27:50+00:00\" \/>\n<meta property=\"article:modified_time\" content=\"2021-04-18T01:28:53+00:00\" \/>\n<meta property=\"og:image\" content=\"https:\/\/tribunadapraia.com.br\/wp-content\/uploads\/2021\/04\/IMG-20210417-WA0069.jpg\" \/>\n\t<meta property=\"og:image:width\" content=\"427\" \/>\n\t<meta property=\"og:image:height\" content=\"367\" \/>\n<meta name=\"twitter:card\" content=\"summary_large_image\" \/>\n<meta name=\"twitter:creator\" content=\"@Claudomir21\" \/>\n<meta name=\"twitter:site\" content=\"@Claudomir21\" \/>\n<meta name=\"twitter:label1\" content=\"Est. tempo de leitura\">\n\t<meta name=\"twitter:data1\" content=\"2 minutos\">\n<script type=\"application\/ld+json\" class=\"yoast-schema-graph\">{\"@context\":\"https:\/\/schema.org\",\"@graph\":[{\"@type\":\"Organization\",\"@id\":\"https:\/\/tribunadapraia.com.br\/#organization\",\"name\":\"Tribuna da Praia\",\"url\":\"https:\/\/tribunadapraia.com.br\/\",\"sameAs\":[\"https:\/\/www.facebook.com\/tribunadapraiaonline\/\",\"https:\/\/www.instagram.com\/claudomirtavares\/\",\"https:\/\/www.youtube.com\/channel\/UCwQf80nxiMzCefAyjbp53Rw\",\"https:\/\/twitter.com\/Claudomir21\"],\"logo\":{\"@type\":\"ImageObject\",\"@id\":\"https:\/\/tribunadapraia.com.br\/#logo\",\"inLanguage\":\"pt-BR\",\"url\":\"https:\/\/tribunadapraia.com.br\/wp-content\/uploads\/2020\/02\/logo.png\",\"contentUrl\":\"https:\/\/tribunadapraia.com.br\/wp-content\/uploads\/2020\/02\/logo.png\",\"width\":501,\"height\":121,\"caption\":\"Tribuna da Praia\"},\"image\":{\"@id\":\"https:\/\/tribunadapraia.com.br\/#logo\"}},{\"@type\":\"WebSite\",\"@id\":\"https:\/\/tribunadapraia.com.br\/#website\",\"url\":\"https:\/\/tribunadapraia.com.br\/\",\"name\":\"TRIBUNA DA PRAIA\",\"description\":\"O 1\\u00ba jornal do interior de Sergipe na internet\",\"publisher\":{\"@id\":\"https:\/\/tribunadapraia.com.br\/#organization\"},\"potentialAction\":[{\"@type\":\"SearchAction\",\"target\":\"https:\/\/tribunadapraia.com.br\/?s={search_term_string}\",\"query-input\":\"required name=search_term_string\"}],\"inLanguage\":\"pt-BR\"},{\"@type\":\"ImageObject\",\"@id\":\"https:\/\/tribunadapraia.com.br\/?p=2448#primaryimage\",\"inLanguage\":\"pt-BR\",\"url\":\"https:\/\/tribunadapraia.com.br\/wp-content\/uploads\/2021\/04\/IMG-20210417-WA0069.jpg\",\"contentUrl\":\"https:\/\/tribunadapraia.com.br\/wp-content\/uploads\/2021\/04\/IMG-20210417-WA0069.jpg\",\"width\":427,\"height\":367},{\"@type\":\"WebPage\",\"@id\":\"https:\/\/tribunadapraia.com.br\/?p=2448#webpage\",\"url\":\"https:\/\/tribunadapraia.com.br\/?p=2448\",\"name\":\"CORONAV\\u00cdRUS Brasil supera as 371 mil mortes por covid-19 e cont\\u00e1gios se aproximam a 14 milh\\u00f5es - TRIBUNA DA PRAIA\",\"isPartOf\":{\"@id\":\"https:\/\/tribunadapraia.com.br\/#website\"},\"primaryImageOfPage\":{\"@id\":\"https:\/\/tribunadapraia.com.br\/?p=2448#primaryimage\"},\"datePublished\":\"2021-04-18T01:27:50+00:00\",\"dateModified\":\"2021-04-18T01:28:53+00:00\",\"breadcrumb\":{\"@id\":\"https:\/\/tribunadapraia.com.br\/?p=2448#breadcrumb\"},\"inLanguage\":\"pt-BR\",\"potentialAction\":[{\"@type\":\"ReadAction\",\"target\":[\"https:\/\/tribunadapraia.com.br\/?p=2448\"]}]},{\"@type\":\"BreadcrumbList\",\"@id\":\"https:\/\/tribunadapraia.com.br\/?p=2448#breadcrumb\",\"itemListElement\":[{\"@type\":\"ListItem\",\"position\":1,\"item\":{\"@type\":\"WebPage\",\"@id\":\"https:\/\/tribunadapraia.com.br\/\",\"url\":\"https:\/\/tribunadapraia.com.br\/\",\"name\":\"In\\u00edcio\"}},{\"@type\":\"ListItem\",\"position\":2,\"item\":{\"@id\":\"https:\/\/tribunadapraia.com.br\/?p=2448#webpage\"}}]},{\"@type\":\"Article\",\"@id\":\"https:\/\/tribunadapraia.com.br\/?p=2448#article\",\"isPartOf\":{\"@id\":\"https:\/\/tribunadapraia.com.br\/?p=2448#webpage\"},\"author\":{\"@id\":\"https:\/\/tribunadapraia.com.br\/#\/schema\/person\/326b0a9f3163b479142c64eba4928de0\"},\"headline\":\"CORONAV\\u00cdRUS Brasil supera as 371 mil mortes por covid-19 e cont\\u00e1gios se aproximam a 14 milh\\u00f5es\",\"datePublished\":\"2021-04-18T01:27:50+00:00\",\"dateModified\":\"2021-04-18T01:28:53+00:00\",\"mainEntityOfPage\":{\"@id\":\"https:\/\/tribunadapraia.com.br\/?p=2448#webpage\"},\"wordCount\":440,\"commentCount\":0,\"publisher\":{\"@id\":\"https:\/\/tribunadapraia.com.br\/#organization\"},\"image\":{\"@id\":\"https:\/\/tribunadapraia.com.br\/?p=2448#primaryimage\"},\"thumbnailUrl\":\"https:\/\/tribunadapraia.com.br\/wp-content\/uploads\/2021\/04\/IMG-20210417-WA0069.jpg\",\"articleSection\":[\"Not\\u00edcias\"],\"inLanguage\":\"pt-BR\",\"potentialAction\":[{\"@type\":\"CommentAction\",\"name\":\"Comment\",\"target\":[\"https:\/\/tribunadapraia.com.br\/?p=2448#respond\"]}]},{\"@type\":\"Person\",\"@id\":\"https:\/\/tribunadapraia.com.br\/#\/schema\/person\/326b0a9f3163b479142c64eba4928de0\",\"name\":\"tribunadapraia\",\"image\":{\"@type\":\"ImageObject\",\"@id\":\"https:\/\/tribunadapraia.com.br\/#personlogo\",\"inLanguage\":\"pt-BR\",\"url\":\"https:\/\/secure.gravatar.com\/avatar\/38b019c74762496076b7355024a0dad9?s=96&d=identicon&r=g\",\"contentUrl\":\"https:\/\/secure.gravatar.com\/avatar\/38b019c74762496076b7355024a0dad9?s=96&d=identicon&r=g\",\"caption\":\"tribunadapraia\"}}]}<\/script>\n<!-- \/ Yoast SEO plugin. -->","wps_subtitle":"","_links":{"self":[{"href":"https:\/\/tribunadapraia.com.br\/index.php?rest_route=\/wp\/v2\/posts\/2448"}],"collection":[{"href":"https:\/\/tribunadapraia.com.br\/index.php?rest_route=\/wp\/v2\/posts"}],"about":[{"href":"https:\/\/tribunadapraia.com.br\/index.php?rest_route=\/wp\/v2\/types\/post"}],"author":[{"embeddable":true,"href":"https:\/\/tribunadapraia.com.br\/index.php?rest_route=\/wp\/v2\/users\/1"}],"replies":[{"embeddable":true,"href":"https:\/\/tribunadapraia.com.br\/index.php?rest_route=%2Fwp%2Fv2%2Fcomments&post=2448"}],"version-history":[{"count":1,"href":"https:\/\/tribunadapraia.com.br\/index.php?rest_route=\/wp\/v2\/posts\/2448\/revisions"}],"predecessor-version":[{"id":2450,"href":"https:\/\/tribunadapraia.com.br\/index.php?rest_route=\/wp\/v2\/posts\/2448\/revisions\/2450"}],"wp:featuredmedia":[{"embeddable":true,"href":"https:\/\/tribunadapraia.com.br\/index.php?rest_route=\/wp\/v2\/media\/2449"}],"wp:attachment":[{"href":"https:\/\/tribunadapraia.com.br\/index.php?rest_route=%2Fwp%2Fv2%2Fmedia&parent=2448"}],"wp:term":[{"taxonomy":"category","embeddable":true,"href":"https:\/\/tribunadapraia.com.br\/index.php?rest_route=%2Fwp%2Fv2%2Fcategories&post=2448"},{"taxonomy":"post_tag","embeddable":true,"href":"https:\/\/tribunadapraia.com.br\/index.php?rest_route=%2Fwp%2Fv2%2Ftags&post=2448"}],"curies":[{"name":"wp","href":"https:\/\/api.w.org\/{rel}","templated":true}]}}