{"id":2443,"date":"2021-04-16T04:09:39","date_gmt":"2021-04-16T07:09:39","guid":{"rendered":"https:\/\/tribunadapraia.com.br\/?p=2443"},"modified":"2021-04-16T04:09:39","modified_gmt":"2021-04-16T07:09:39","slug":"fique-de-olho-prefeito-de-propria-valberto-lima-pingou-e-nao-foi-a-camara-de-vereadores","status":"publish","type":"post","link":"https:\/\/tribunadapraia.com.br\/?p=2443","title":{"rendered":"Fique de olho: Prefeito de Propri\u00e1, Valberto Lima &#8220;pingou&#8221; e n\u00e3o foi \u00e0 C\u00e2mara de Vereadores"},"content":{"rendered":"<p>Solicitada pelo pr\u00f3prio para fazer um balan\u00e7o dos 100 dias de mandato, o prefeito de Propri\u00e1, Valberto de Oliveira Lima (MDB), &#8220;pingou&#8221; e n\u00e3o compareceu \u00e0s sess\u00f5es nas noites de ter\u00e7a e quinta, 13 e 15, num gesto desrespeitoso ao parlamento municipal que havia se progrmado em ambas ocasi\u00f5es, tendo que alterar a pauta e a programa\u00e7\u00e3o minutos antes das reuni\u00f5es que ocorrem ordinariamente das 20 \u00e0s 22 horas.<\/p>\n<p>\u25a0 Compromisso secund\u00e1rio<\/p>\n<p>Atrav\u00e9s de seu filho, ex-vereador e atual secret\u00e1rio municipal de Governo e Comunica\u00e7\u00e3o, Lu\u00e3 Lima, que enviou um og\u00edcio lido no expediente da ter\u00e7a, 13, Valberto Lima remarcou sua ida ao parlamento para quinta, 15, mas n\u00e3o compareceu.<\/p>\n<p>\u25a0 Desinformado?<\/p>\n<p>Mostrando viver literalmente em outro Planeta, Valberto Lima n\u00e3o sania o hor\u00e1rio da reuni\u00e3o, achando que estas aconteciam \u00e0s 18 horas (tamb\u00e9m conhecida como seis da tarde\/noite), respeitando o toque de recolher. O secret\u00e1rio que acumula Governo e Comunica\u00e7\u00e3o esqueceu de comunicar o hor\u00e1rio ao prefeito.<\/p>\n<p>\u25a0 Estava &#8220;adonde?&#8221;<\/p>\n<p>Prefeito empossado em 1\u00b0 de janeiro, ser\u00e1 que Valberto n\u00e3o sabia que os vereadores sempre se reuniram \u00e0s 20 horas e que aquela casa n\u00e3o respeita regras sanit\u00e1rias b\u00e1sicas como o toque de recolher, o distanciamento social (\u00e0s sess\u00f5es s\u00e3o presenciais) e o uso da m\u00e1scara (alguns parlamentares a retiram ao falar espelhando got\u00edculas salivares flutuantes). Se ele estava em Propri\u00e1 (ou n\u00e3o) \u00e0s 18 horas, por qu\u00ea n\u00e3o aguarou o hor\u00e1rio real? Ah, o prefeito n\u00e3o reside na cidade, n\u00e3o d\u00e1 expediente di\u00e1rio e devia est\u00e1 se preparando para assistir ao jogo Flamengo X Vadco &#8230; em Aracaju, onde mora.<\/p>\n<p>\u25a0 Cem dias, sem nada<\/p>\n<p>Acredita-se que o motivo do n\u00e3o comparecimento do prefeito se deu por n\u00e3o ter o que apresentar a sociedade e aos parlamentares, mas sim uma s\u00e9rie de barbeiradas que se avolumam.<\/p>\n<p>\u25a0 A pior arrancada<\/p>\n<p>Atrav\u00e9s da s\u00e9rie &#8220;100 fat\u00eddicos dias&#8221;, a R\u00e1dio Atalainha concluiu quea a gest\u00e3o Valberto Lima t\u00eam o pior in\u00edcio desde 1983, superando Luiz Chaves (1983), Dona Menininha (1989), Cl\u00e1udio Nunes (1993), Renatinho (1997), Luciano de Menininha (2004), Paulo Britto (2006), Ze Am\u00e9rico (2011) e Yocanaan (2017).<\/p>\n<p>\u25a0 70,19% reprovam gest\u00e3o<\/p>\n<p>Enquete segura (1 voto por IP) que recebeu 577 votos em menos de 24 horas, indicou que 29,81% aprovam os 100 dias da gest\u00e3o do prefeito Valberto Lima, enquanto s\u00e3o 70,19% aqueles que a desaprovam.<\/p>\n<p>\u25a0 Mensagem<\/p>\n<p>&#8220;Desconfiai do mais trivial, na apar\u00eancia singelo.<br \/>\nE examinai, sobretudo, o que parece habitual.<br \/>\nSuplicamos expressamente: n\u00e3o aceiteis o que \u00e9 de h\u00e1bito como coisa natural, pois em tempo de desordem sangrenta, de confus\u00e3o organizada, de arbitrariedade consciente, de humanidade desumanizada, nada deve parecer natural nada deve parecer imposs\u00edvel de mudar.<\/p>\n<p>(Bertolt Brecht &#8211; 1898\/1957)<\/p>\n<p>por ClaudOmir Herzog<\/p>\n","protected":false},"excerpt":{"rendered":"<p>Solicitada pelo pr\u00f3prio para fazer um balan\u00e7o dos 100 dias de mandato, o prefeito de Propri\u00e1, Valberto de Oliveira Lima (MDB), &#8220;pingou&#8221; e n\u00e3o compareceu \u00e0s sess\u00f5es nas noites de ter\u00e7a e quinta, 13 e 15, num gesto desrespeitoso ao parlamento municipal que havia se progrmado em ambas ocasi\u00f5es, tendo que alterar a pauta e a programa\u00e7\u00e3o minutos antes das reuni\u00f5es que ocorrem ordinariamente das 20 \u00e0s 22 horas. \u25a0<\/p>\n","protected":false},"author":3,"featured_media":2165,"comment_status":"open","ping_status":"open","sticky":false,"template":"","format":"standard","meta":[],"categories":[18],"tags":[],"yoast_head":"<!-- This site is optimized with the Yoast SEO plugin v16.3 - https:\/\/yoast.com\/wordpress\/plugins\/seo\/ -->\n<title>Fique de olho: Prefeito de Propri\u00e1, Valberto Lima &quot;pingou&quot; e n\u00e3o foi \u00e0 C\u00e2mara de Vereadores - TRIBUNA DA PRAIA<\/title>\n<meta name=\"robots\" content=\"index, follow, max-snippet:-1, max-image-preview:large, max-video-preview:-1\" \/>\n<link rel=\"canonical\" href=\"https:\/\/tribunadapraia.com.br\/?p=2443\" \/>\n<meta property=\"og:locale\" content=\"pt_BR\" \/>\n<meta property=\"og:type\" content=\"article\" \/>\n<meta property=\"og:title\" content=\"Fique de olho: Prefeito de Propri\u00e1, Valberto Lima &quot;pingou&quot; e n\u00e3o foi \u00e0 C\u00e2mara de Vereadores - TRIBUNA DA PRAIA\" \/>\n<meta property=\"og:description\" content=\"Solicitada pelo pr\u00f3prio para fazer um balan\u00e7o dos 100 dias de mandato, o prefeito de Propri\u00e1, Valberto de Oliveira Lima (MDB), &#8220;pingou&#8221; e n\u00e3o compareceu \u00e0s sess\u00f5es nas noites de ter\u00e7a e quinta, 13 e 15, num gesto desrespeitoso ao parlamento municipal que havia se progrmado em ambas ocasi\u00f5es, tendo que alterar a pauta e a programa\u00e7\u00e3o minutos antes das reuni\u00f5es que ocorrem ordinariamente das 20 \u00e0s 22 horas. \u25a0\" \/>\n<meta property=\"og:url\" content=\"https:\/\/tribunadapraia.com.br\/?p=2443\" \/>\n<meta property=\"og:site_name\" content=\"TRIBUNA DA PRAIA\" \/>\n<meta property=\"article:publisher\" content=\"https:\/\/www.facebook.com\/tribunadapraiaonline\/\" \/>\n<meta property=\"article:published_time\" content=\"2021-04-16T07:09:39+00:00\" \/>\n<meta property=\"og:image\" content=\"https:\/\/tribunadapraia.com.br\/wp-content\/uploads\/2021\/01\/IMG_20210117_102914_052.jpg\" \/>\n\t<meta property=\"og:image:width\" content=\"767\" \/>\n\t<meta property=\"og:image:height\" content=\"767\" \/>\n<meta name=\"twitter:card\" content=\"summary_large_image\" \/>\n<meta name=\"twitter:creator\" content=\"@Claudomir21\" \/>\n<meta name=\"twitter:site\" content=\"@Claudomir21\" \/>\n<meta name=\"twitter:label1\" content=\"Est. tempo de leitura\">\n\t<meta name=\"twitter:data1\" content=\"2 minutos\">\n<script type=\"application\/ld+json\" class=\"yoast-schema-graph\">{\"@context\":\"https:\/\/schema.org\",\"@graph\":[{\"@type\":\"Organization\",\"@id\":\"https:\/\/tribunadapraia.com.br\/#organization\",\"name\":\"Tribuna da Praia\",\"url\":\"https:\/\/tribunadapraia.com.br\/\",\"sameAs\":[\"https:\/\/www.facebook.com\/tribunadapraiaonline\/\",\"https:\/\/www.instagram.com\/claudomirtavares\/\",\"https:\/\/www.youtube.com\/channel\/UCwQf80nxiMzCefAyjbp53Rw\",\"https:\/\/twitter.com\/Claudomir21\"],\"logo\":{\"@type\":\"ImageObject\",\"@id\":\"https:\/\/tribunadapraia.com.br\/#logo\",\"inLanguage\":\"pt-BR\",\"url\":\"https:\/\/tribunadapraia.com.br\/wp-content\/uploads\/2020\/02\/logo.png\",\"contentUrl\":\"https:\/\/tribunadapraia.com.br\/wp-content\/uploads\/2020\/02\/logo.png\",\"width\":501,\"height\":121,\"caption\":\"Tribuna da Praia\"},\"image\":{\"@id\":\"https:\/\/tribunadapraia.com.br\/#logo\"}},{\"@type\":\"WebSite\",\"@id\":\"https:\/\/tribunadapraia.com.br\/#website\",\"url\":\"https:\/\/tribunadapraia.com.br\/\",\"name\":\"TRIBUNA DA PRAIA\",\"description\":\"O 1\\u00ba jornal do interior de Sergipe na internet\",\"publisher\":{\"@id\":\"https:\/\/tribunadapraia.com.br\/#organization\"},\"potentialAction\":[{\"@type\":\"SearchAction\",\"target\":\"https:\/\/tribunadapraia.com.br\/?s={search_term_string}\",\"query-input\":\"required name=search_term_string\"}],\"inLanguage\":\"pt-BR\"},{\"@type\":\"ImageObject\",\"@id\":\"https:\/\/tribunadapraia.com.br\/?p=2443#primaryimage\",\"inLanguage\":\"pt-BR\",\"url\":\"https:\/\/tribunadapraia.com.br\/wp-content\/uploads\/2021\/01\/IMG_20210117_102914_052.jpg\",\"contentUrl\":\"https:\/\/tribunadapraia.com.br\/wp-content\/uploads\/2021\/01\/IMG_20210117_102914_052.jpg\",\"width\":767,\"height\":767},{\"@type\":\"WebPage\",\"@id\":\"https:\/\/tribunadapraia.com.br\/?p=2443#webpage\",\"url\":\"https:\/\/tribunadapraia.com.br\/?p=2443\",\"name\":\"Fique de olho: Prefeito de Propri\\u00e1, Valberto Lima \\\"pingou\\\" e n\\u00e3o foi \\u00e0 C\\u00e2mara de Vereadores - TRIBUNA DA PRAIA\",\"isPartOf\":{\"@id\":\"https:\/\/tribunadapraia.com.br\/#website\"},\"primaryImageOfPage\":{\"@id\":\"https:\/\/tribunadapraia.com.br\/?p=2443#primaryimage\"},\"datePublished\":\"2021-04-16T07:09:39+00:00\",\"dateModified\":\"2021-04-16T07:09:39+00:00\",\"breadcrumb\":{\"@id\":\"https:\/\/tribunadapraia.com.br\/?p=2443#breadcrumb\"},\"inLanguage\":\"pt-BR\",\"potentialAction\":[{\"@type\":\"ReadAction\",\"target\":[\"https:\/\/tribunadapraia.com.br\/?p=2443\"]}]},{\"@type\":\"BreadcrumbList\",\"@id\":\"https:\/\/tribunadapraia.com.br\/?p=2443#breadcrumb\",\"itemListElement\":[{\"@type\":\"ListItem\",\"position\":1,\"item\":{\"@type\":\"WebPage\",\"@id\":\"https:\/\/tribunadapraia.com.br\/\",\"url\":\"https:\/\/tribunadapraia.com.br\/\",\"name\":\"In\\u00edcio\"}},{\"@type\":\"ListItem\",\"position\":2,\"item\":{\"@id\":\"https:\/\/tribunadapraia.com.br\/?p=2443#webpage\"}}]},{\"@type\":\"Article\",\"@id\":\"https:\/\/tribunadapraia.com.br\/?p=2443#article\",\"isPartOf\":{\"@id\":\"https:\/\/tribunadapraia.com.br\/?p=2443#webpage\"},\"author\":{\"@id\":\"https:\/\/tribunadapraia.com.br\/#\/schema\/person\/099fbbf59acc5895c0d7d52b4fc46c97\"},\"headline\":\"Fique de olho: Prefeito de Propri\\u00e1, Valberto Lima &#8220;pingou&#8221; e n\\u00e3o foi \\u00e0 C\\u00e2mara de Vereadores\",\"datePublished\":\"2021-04-16T07:09:39+00:00\",\"dateModified\":\"2021-04-16T07:09:39+00:00\",\"mainEntityOfPage\":{\"@id\":\"https:\/\/tribunadapraia.com.br\/?p=2443#webpage\"},\"wordCount\":483,\"commentCount\":0,\"publisher\":{\"@id\":\"https:\/\/tribunadapraia.com.br\/#organization\"},\"image\":{\"@id\":\"https:\/\/tribunadapraia.com.br\/?p=2443#primaryimage\"},\"thumbnailUrl\":\"https:\/\/tribunadapraia.com.br\/wp-content\/uploads\/2021\/01\/IMG_20210117_102914_052.jpg\",\"articleSection\":[\"Not\\u00edcias\"],\"inLanguage\":\"pt-BR\",\"potentialAction\":[{\"@type\":\"CommentAction\",\"name\":\"Comment\",\"target\":[\"https:\/\/tribunadapraia.com.br\/?p=2443#respond\"]}]},{\"@type\":\"Person\",\"@id\":\"https:\/\/tribunadapraia.com.br\/#\/schema\/person\/099fbbf59acc5895c0d7d52b4fc46c97\",\"name\":\"Reda\\u00e7\\u00e3o\",\"image\":{\"@type\":\"ImageObject\",\"@id\":\"https:\/\/tribunadapraia.com.br\/#personlogo\",\"inLanguage\":\"pt-BR\",\"url\":\"https:\/\/secure.gravatar.com\/avatar\/91c8b91d2bfd7784eac5c3e055361f64?s=96&d=identicon&r=g\",\"contentUrl\":\"https:\/\/secure.gravatar.com\/avatar\/91c8b91d2bfd7784eac5c3e055361f64?s=96&d=identicon&r=g\",\"caption\":\"Reda\\u00e7\\u00e3o\"}}]}<\/script>\n<!-- \/ Yoast SEO plugin. -->","wps_subtitle":"","_links":{"self":[{"href":"https:\/\/tribunadapraia.com.br\/index.php?rest_route=\/wp\/v2\/posts\/2443"}],"collection":[{"href":"https:\/\/tribunadapraia.com.br\/index.php?rest_route=\/wp\/v2\/posts"}],"about":[{"href":"https:\/\/tribunadapraia.com.br\/index.php?rest_route=\/wp\/v2\/types\/post"}],"author":[{"embeddable":true,"href":"https:\/\/tribunadapraia.com.br\/index.php?rest_route=\/wp\/v2\/users\/3"}],"replies":[{"embeddable":true,"href":"https:\/\/tribunadapraia.com.br\/index.php?rest_route=%2Fwp%2Fv2%2Fcomments&post=2443"}],"version-history":[{"count":1,"href":"https:\/\/tribunadapraia.com.br\/index.php?rest_route=\/wp\/v2\/posts\/2443\/revisions"}],"predecessor-version":[{"id":2444,"href":"https:\/\/tribunadapraia.com.br\/index.php?rest_route=\/wp\/v2\/posts\/2443\/revisions\/2444"}],"wp:featuredmedia":[{"embeddable":true,"href":"https:\/\/tribunadapraia.com.br\/index.php?rest_route=\/wp\/v2\/media\/2165"}],"wp:attachment":[{"href":"https:\/\/tribunadapraia.com.br\/index.php?rest_route=%2Fwp%2Fv2%2Fmedia&parent=2443"}],"wp:term":[{"taxonomy":"category","embeddable":true,"href":"https:\/\/tribunadapraia.com.br\/index.php?rest_route=%2Fwp%2Fv2%2Fcategories&post=2443"},{"taxonomy":"post_tag","embeddable":true,"href":"https:\/\/tribunadapraia.com.br\/index.php?rest_route=%2Fwp%2Fv2%2Ftags&post=2443"}],"curies":[{"name":"wp","href":"https:\/\/api.w.org\/{rel}","templated":true}]}}