{"id":2440,"date":"2021-04-15T08:47:55","date_gmt":"2021-04-15T11:47:55","guid":{"rendered":"https:\/\/tribunadapraia.com.br\/?p=2440"},"modified":"2021-04-15T08:47:55","modified_gmt":"2021-04-15T11:47:55","slug":"fique-de-olho-bando-de-picaretas-infestando-as-camaras-municipais","status":"publish","type":"post","link":"https:\/\/tribunadapraia.com.br\/?p=2440","title":{"rendered":"Fique de olho: Bando de PICARETAS infestando \u00e0s c\u00e2maras municipais."},"content":{"rendered":"<p>Vereadores (e vereadoras) que participam de imorais e ilegais &#8220;cursos&#8221; (sic) que n\u00e3o acreacentam p&#8230;a de nada aos parlamentos (cada vez mais de desqualificada composi\u00e7\u00e3o) e a vida da flagelada popula\u00e7\u00e3o, est\u00e3o cometendo um crime hediondo e por isso devem ser enjaulados &#8211; a culpa por tal ignomia deve ser compartilhada com a ignor\u00e2ncia coletiva de quem colocou &#8220;c\u00e1gados em \u00e1rvores&#8221; (com v\u00eania aos quel\u00f4neos).<\/p>\n<p>\u25a0 Sal\u00e1rios exorbitantes<\/p>\n<p>Ali\u00e1s, \u00e9 preciso rever algumas aberra\u00e7\u00f5es nestas, pasmem, &#8220;casas do povo&#8221;, como o n\u00famere excessivo de vereadores (que se diminua para 5 o n\u00famero m\u00ednimo) e pagamento de &#8220;sal\u00e1rios&#8221; (que se fixe em m\u00e1ximo de um sal\u00e1rio m\u00ednimo) a estes &#8220;representantes do povo&#8221; (???) em munic\u00edpios cuja popula\u00e7\u00e3o seja inferior a 30 mil habitantes.<\/p>\n<p>\u25a0 Ratos e serpentes<\/p>\n<p>Assim como na f\u00e1bula e nos contos, parece que prefeitos tocam litetalmente flauta$$$ que atraem quem se elege para fiscalizar, esquecendo de tal prerrogativa, atuando como &#8220;selas ou cangalhas&#8221; dos novos &#8220;donos&#8221;.<\/p>\n<p>\u25a0 Mensagem<\/p>\n<p>&#8220;\u00c9 mais f\u00e1cil um camelo entrar pelo buraco de uma agulha, do que um rico entrar no Reino de Deus.&#8221; (Matheus: 19, 23-30).<\/p>\n<p>por ClaudOmir Herzog<\/p>\n","protected":false},"excerpt":{"rendered":"<p>Vereadores (e vereadoras) que participam de imorais e ilegais &#8220;cursos&#8221; (sic) que n\u00e3o acreacentam p&#8230;a de nada aos parlamentos (cada vez mais de desqualificada composi\u00e7\u00e3o) e a vida da flagelada popula\u00e7\u00e3o, est\u00e3o cometendo um crime hediondo e por isso devem ser enjaulados &#8211; a culpa por tal ignomia deve ser compartilhada com a ignor\u00e2ncia coletiva de quem colocou &#8220;c\u00e1gados em \u00e1rvores&#8221; (com v\u00eania aos quel\u00f4neos). \u25a0 Sal\u00e1rios exorbitantes Ali\u00e1s, \u00e9<\/p>\n","protected":false},"author":3,"featured_media":2441,"comment_status":"open","ping_status":"open","sticky":false,"template":"","format":"standard","meta":[],"categories":[18],"tags":[],"yoast_head":"<!-- This site is optimized with the Yoast SEO plugin v16.3 - https:\/\/yoast.com\/wordpress\/plugins\/seo\/ -->\n<title>Fique de olho: Bando de PICARETAS infestando \u00e0s c\u00e2maras municipais. - TRIBUNA DA PRAIA<\/title>\n<meta name=\"robots\" content=\"index, follow, max-snippet:-1, max-image-preview:large, max-video-preview:-1\" \/>\n<link rel=\"canonical\" href=\"https:\/\/tribunadapraia.com.br\/?p=2440\" \/>\n<meta property=\"og:locale\" content=\"pt_BR\" \/>\n<meta property=\"og:type\" content=\"article\" \/>\n<meta property=\"og:title\" content=\"Fique de olho: Bando de PICARETAS infestando \u00e0s c\u00e2maras municipais. - TRIBUNA DA PRAIA\" \/>\n<meta property=\"og:description\" content=\"Vereadores (e vereadoras) que participam de imorais e ilegais &#8220;cursos&#8221; (sic) que n\u00e3o acreacentam p&#8230;a de nada aos parlamentos (cada vez mais de desqualificada composi\u00e7\u00e3o) e a vida da flagelada popula\u00e7\u00e3o, est\u00e3o cometendo um crime hediondo e por isso devem ser enjaulados &#8211; a culpa por tal ignomia deve ser compartilhada com a ignor\u00e2ncia coletiva de quem colocou &#8220;c\u00e1gados em \u00e1rvores&#8221; (com v\u00eania aos quel\u00f4neos). \u25a0 Sal\u00e1rios exorbitantes Ali\u00e1s, \u00e9\" \/>\n<meta property=\"og:url\" content=\"https:\/\/tribunadapraia.com.br\/?p=2440\" \/>\n<meta property=\"og:site_name\" content=\"TRIBUNA DA PRAIA\" \/>\n<meta property=\"article:publisher\" content=\"https:\/\/www.facebook.com\/tribunadapraiaonline\/\" \/>\n<meta property=\"article:published_time\" content=\"2021-04-15T11:47:55+00:00\" \/>\n<meta property=\"og:image\" content=\"https:\/\/tribunadapraia.com.br\/wp-content\/uploads\/2021\/04\/IMG-20210415-WA0018.jpg\" \/>\n\t<meta property=\"og:image:width\" content=\"800\" \/>\n\t<meta property=\"og:image:height\" content=\"626\" \/>\n<meta name=\"twitter:card\" content=\"summary_large_image\" \/>\n<meta name=\"twitter:creator\" content=\"@Claudomir21\" \/>\n<meta name=\"twitter:site\" content=\"@Claudomir21\" \/>\n<meta name=\"twitter:label1\" content=\"Est. tempo de leitura\">\n\t<meta name=\"twitter:data1\" content=\"1 minuto\">\n<script type=\"application\/ld+json\" class=\"yoast-schema-graph\">{\"@context\":\"https:\/\/schema.org\",\"@graph\":[{\"@type\":\"Organization\",\"@id\":\"https:\/\/tribunadapraia.com.br\/#organization\",\"name\":\"Tribuna da Praia\",\"url\":\"https:\/\/tribunadapraia.com.br\/\",\"sameAs\":[\"https:\/\/www.facebook.com\/tribunadapraiaonline\/\",\"https:\/\/www.instagram.com\/claudomirtavares\/\",\"https:\/\/www.youtube.com\/channel\/UCwQf80nxiMzCefAyjbp53Rw\",\"https:\/\/twitter.com\/Claudomir21\"],\"logo\":{\"@type\":\"ImageObject\",\"@id\":\"https:\/\/tribunadapraia.com.br\/#logo\",\"inLanguage\":\"pt-BR\",\"url\":\"https:\/\/tribunadapraia.com.br\/wp-content\/uploads\/2020\/02\/logo.png\",\"contentUrl\":\"https:\/\/tribunadapraia.com.br\/wp-content\/uploads\/2020\/02\/logo.png\",\"width\":501,\"height\":121,\"caption\":\"Tribuna da Praia\"},\"image\":{\"@id\":\"https:\/\/tribunadapraia.com.br\/#logo\"}},{\"@type\":\"WebSite\",\"@id\":\"https:\/\/tribunadapraia.com.br\/#website\",\"url\":\"https:\/\/tribunadapraia.com.br\/\",\"name\":\"TRIBUNA DA PRAIA\",\"description\":\"O 1\\u00ba jornal do interior de Sergipe na internet\",\"publisher\":{\"@id\":\"https:\/\/tribunadapraia.com.br\/#organization\"},\"potentialAction\":[{\"@type\":\"SearchAction\",\"target\":\"https:\/\/tribunadapraia.com.br\/?s={search_term_string}\",\"query-input\":\"required name=search_term_string\"}],\"inLanguage\":\"pt-BR\"},{\"@type\":\"ImageObject\",\"@id\":\"https:\/\/tribunadapraia.com.br\/?p=2440#primaryimage\",\"inLanguage\":\"pt-BR\",\"url\":\"https:\/\/tribunadapraia.com.br\/wp-content\/uploads\/2021\/04\/IMG-20210415-WA0018.jpg\",\"contentUrl\":\"https:\/\/tribunadapraia.com.br\/wp-content\/uploads\/2021\/04\/IMG-20210415-WA0018.jpg\",\"width\":800,\"height\":626},{\"@type\":\"WebPage\",\"@id\":\"https:\/\/tribunadapraia.com.br\/?p=2440#webpage\",\"url\":\"https:\/\/tribunadapraia.com.br\/?p=2440\",\"name\":\"Fique de olho: Bando de PICARETAS infestando \\u00e0s c\\u00e2maras municipais. - TRIBUNA DA PRAIA\",\"isPartOf\":{\"@id\":\"https:\/\/tribunadapraia.com.br\/#website\"},\"primaryImageOfPage\":{\"@id\":\"https:\/\/tribunadapraia.com.br\/?p=2440#primaryimage\"},\"datePublished\":\"2021-04-15T11:47:55+00:00\",\"dateModified\":\"2021-04-15T11:47:55+00:00\",\"breadcrumb\":{\"@id\":\"https:\/\/tribunadapraia.com.br\/?p=2440#breadcrumb\"},\"inLanguage\":\"pt-BR\",\"potentialAction\":[{\"@type\":\"ReadAction\",\"target\":[\"https:\/\/tribunadapraia.com.br\/?p=2440\"]}]},{\"@type\":\"BreadcrumbList\",\"@id\":\"https:\/\/tribunadapraia.com.br\/?p=2440#breadcrumb\",\"itemListElement\":[{\"@type\":\"ListItem\",\"position\":1,\"item\":{\"@type\":\"WebPage\",\"@id\":\"https:\/\/tribunadapraia.com.br\/\",\"url\":\"https:\/\/tribunadapraia.com.br\/\",\"name\":\"In\\u00edcio\"}},{\"@type\":\"ListItem\",\"position\":2,\"item\":{\"@id\":\"https:\/\/tribunadapraia.com.br\/?p=2440#webpage\"}}]},{\"@type\":\"Article\",\"@id\":\"https:\/\/tribunadapraia.com.br\/?p=2440#article\",\"isPartOf\":{\"@id\":\"https:\/\/tribunadapraia.com.br\/?p=2440#webpage\"},\"author\":{\"@id\":\"https:\/\/tribunadapraia.com.br\/#\/schema\/person\/099fbbf59acc5895c0d7d52b4fc46c97\"},\"headline\":\"Fique de olho: Bando de PICARETAS infestando \\u00e0s c\\u00e2maras municipais.\",\"datePublished\":\"2021-04-15T11:47:55+00:00\",\"dateModified\":\"2021-04-15T11:47:55+00:00\",\"mainEntityOfPage\":{\"@id\":\"https:\/\/tribunadapraia.com.br\/?p=2440#webpage\"},\"wordCount\":211,\"commentCount\":0,\"publisher\":{\"@id\":\"https:\/\/tribunadapraia.com.br\/#organization\"},\"image\":{\"@id\":\"https:\/\/tribunadapraia.com.br\/?p=2440#primaryimage\"},\"thumbnailUrl\":\"https:\/\/tribunadapraia.com.br\/wp-content\/uploads\/2021\/04\/IMG-20210415-WA0018.jpg\",\"articleSection\":[\"Not\\u00edcias\"],\"inLanguage\":\"pt-BR\",\"potentialAction\":[{\"@type\":\"CommentAction\",\"name\":\"Comment\",\"target\":[\"https:\/\/tribunadapraia.com.br\/?p=2440#respond\"]}]},{\"@type\":\"Person\",\"@id\":\"https:\/\/tribunadapraia.com.br\/#\/schema\/person\/099fbbf59acc5895c0d7d52b4fc46c97\",\"name\":\"Reda\\u00e7\\u00e3o\",\"image\":{\"@type\":\"ImageObject\",\"@id\":\"https:\/\/tribunadapraia.com.br\/#personlogo\",\"inLanguage\":\"pt-BR\",\"url\":\"https:\/\/secure.gravatar.com\/avatar\/91c8b91d2bfd7784eac5c3e055361f64?s=96&d=identicon&r=g\",\"contentUrl\":\"https:\/\/secure.gravatar.com\/avatar\/91c8b91d2bfd7784eac5c3e055361f64?s=96&d=identicon&r=g\",\"caption\":\"Reda\\u00e7\\u00e3o\"}}]}<\/script>\n<!-- \/ Yoast SEO plugin. -->","wps_subtitle":"","_links":{"self":[{"href":"https:\/\/tribunadapraia.com.br\/index.php?rest_route=\/wp\/v2\/posts\/2440"}],"collection":[{"href":"https:\/\/tribunadapraia.com.br\/index.php?rest_route=\/wp\/v2\/posts"}],"about":[{"href":"https:\/\/tribunadapraia.com.br\/index.php?rest_route=\/wp\/v2\/types\/post"}],"author":[{"embeddable":true,"href":"https:\/\/tribunadapraia.com.br\/index.php?rest_route=\/wp\/v2\/users\/3"}],"replies":[{"embeddable":true,"href":"https:\/\/tribunadapraia.com.br\/index.php?rest_route=%2Fwp%2Fv2%2Fcomments&post=2440"}],"version-history":[{"count":1,"href":"https:\/\/tribunadapraia.com.br\/index.php?rest_route=\/wp\/v2\/posts\/2440\/revisions"}],"predecessor-version":[{"id":2442,"href":"https:\/\/tribunadapraia.com.br\/index.php?rest_route=\/wp\/v2\/posts\/2440\/revisions\/2442"}],"wp:featuredmedia":[{"embeddable":true,"href":"https:\/\/tribunadapraia.com.br\/index.php?rest_route=\/wp\/v2\/media\/2441"}],"wp:attachment":[{"href":"https:\/\/tribunadapraia.com.br\/index.php?rest_route=%2Fwp%2Fv2%2Fmedia&parent=2440"}],"wp:term":[{"taxonomy":"category","embeddable":true,"href":"https:\/\/tribunadapraia.com.br\/index.php?rest_route=%2Fwp%2Fv2%2Fcategories&post=2440"},{"taxonomy":"post_tag","embeddable":true,"href":"https:\/\/tribunadapraia.com.br\/index.php?rest_route=%2Fwp%2Fv2%2Ftags&post=2440"}],"curies":[{"name":"wp","href":"https:\/\/api.w.org\/{rel}","templated":true}]}}