{"id":2434,"date":"2021-04-14T03:21:13","date_gmt":"2021-04-14T06:21:13","guid":{"rendered":"https:\/\/tribunadapraia.com.br\/?p=2434"},"modified":"2021-04-14T03:22:05","modified_gmt":"2021-04-14T06:22:05","slug":"senado-cria-cpi-da-covid-e-bolsonaro-sofre-nova-derrota-no-legislativo","status":"publish","type":"post","link":"https:\/\/tribunadapraia.com.br\/?p=2434","title":{"rendered":"Senado cria CPI da Covid, e Bolsonaro sofre nova derrota no Legislativo"},"content":{"rendered":"<p>Aliado de Bolsonaro, Rodrigo Pacheco resistia ao pedido, mas acabou oficializando cria\u00e7\u00e3o ap\u00f3s decis\u00e3o do STF<\/p>\n<p>Cristiane Sampaio<br \/>\nBrasil de Fato |<\/p>\n<p>Descontente com a cria\u00e7\u00e3o da CPI, governo Bolsonaro tenta turvar os planos do colegiado e atrasar as atividades; tend\u00eancia \u00e9 gest\u00e3o sofrer novos desgastes &#8211; Evaristo Sa\/AFP<br \/>\nApesar da contrariedade do governo Bolsonaro, o Senado criou oficialmente, nesta ter\u00e7a-feira (13), a Comiss\u00e3o Parlamentar de Inqu\u00e9rito (CPI) da Covid, que dever\u00e1 apurar atos, omiss\u00f5es e eventuais crimes da gest\u00e3o na condu\u00e7\u00e3o da pandemia.<\/p>\n<p>Os trabalhos devem se concentrar em casos como o de Manaus (AM), por exemplo, onde diversos pacientes morreram em janeiro deste ano por falta de oxig\u00eanio hospitalar.<\/p>\n<p>Apesar de ser um mero ato formal, a novidade representa um cap\u00edtulo a mais no jogo pol\u00edtico que envolve o governo e os senadores que pleiteavam a cria\u00e7\u00e3o da comiss\u00e3o.<\/p>\n<p>Ao todo, mais de 30 parlamentares se somavam no requerimento, n\u00famero acima do qu\u00f3rum de 27 assinaturas exigido pela Constitui\u00e7\u00e3o Federal para criar a comiss\u00e3o.<\/p>\n<p>Eles ainda t\u00eam at\u00e9 a meia noite desta ter\u00e7a para retirar o apoio \u00e0 iniciativa, o que pode colocar em xeque os planos do grupo e inviabilizar a CPI.<\/p>\n<p>Aliado de Bolsonaro, o presidente da Casa, Rodrigo Pacheco (DEM-MG), apresentou resist\u00eancia ao pedido, mas acabou oficializando a cria\u00e7\u00e3o do colegiado cinco dias ap\u00f3s determina\u00e7\u00e3o do ministro Lu\u00eds Roberto Barroso, do Supremo Tribunal Federal (STF) \u2013 a decis\u00e3o judicial acirrou os \u00e2nimos no tabuleiro da pol\u00edtica e dever\u00e1 ser submetida ao crivo do plen\u00e1rio da Corte nesta quarta-feira (14).<\/p>\n<p>Atividades<\/p>\n<p>O primeiro passo ap\u00f3s a cria\u00e7\u00e3o do colegiado \u00e9 a instala\u00e7\u00e3o da CPI, que ocorre no dia em que a comiss\u00e3o tiver sua primeira agenda, em data a ser marcada. \u00c9 nesse dia que deve ocorrer tamb\u00e9m a escolha do presidente e do relator e o in\u00edcio dos trabalhos da comiss\u00e3o.<\/p>\n<p>O grupo ter\u00e1 11 membros titulares e sete suplentes, mas a nomea\u00e7\u00e3o dos integrantes precisa se dar antes dos passos citados e n\u00e3o tem prazo regimental definido. Por conta disso, pode ocorrer a qualquer momento, dependendo da mar\u00e9 pol\u00edtica.<\/p>\n<p>Nos bastidores, o governo tenta conter os planos da CPI e atrasar as atividades. A estrat\u00e9gia dos aliados do Planalto inclui o adiamento da indica\u00e7\u00e3o dos membros, por exemplo.<\/p>\n<p>O grupo tamb\u00e9m tentou inserir os entes locais no p\u00fablico-alvo de investiga\u00e7\u00e3o do colegiado, mas n\u00e3o conseguiu exatamente o que queria. Pacheco autorizou, no entanto, que a CPI se debruce sobre repasses federais feitos a estados e munic\u00edpios.<\/p>\n<p>A ideia do governo \u00e9 desgastar a imagem de governos e prefeituras para reduzir os impactos que a comiss\u00e3o da covid tende a causar para a imagem da gest\u00e3o Bolsonaro, dividindo as aten\u00e7\u00f5es e os riscos pol\u00edticos envolvidos.<\/p>\n<p>A ideia dialoga com as seguidas investidas que o presidente da Rep\u00fablica tem feito no sentido de culpar os governadores pela piora da crise socioecon\u00f4mica do pa\u00eds, atribuindo o feito \u00e0s pol\u00edticas de isolamento e ofuscando as agendas social e econ\u00f4mica que hoje dominam o Executivo federal.<\/p>\n<p>Edi\u00e7\u00e3o: Leandro Melito<\/p>\n","protected":false},"excerpt":{"rendered":"<p>Aliado de Bolsonaro, Rodrigo Pacheco resistia ao pedido, mas acabou oficializando cria\u00e7\u00e3o ap\u00f3s decis\u00e3o do STF Cristiane Sampaio Brasil de Fato | Descontente com a cria\u00e7\u00e3o da CPI, governo Bolsonaro tenta turvar os planos do colegiado e atrasar as atividades; tend\u00eancia \u00e9 gest\u00e3o sofrer novos desgastes &#8211; Evaristo Sa\/AFP Apesar da contrariedade do governo Bolsonaro, o Senado criou oficialmente, nesta ter\u00e7a-feira (13), a Comiss\u00e3o Parlamentar de Inqu\u00e9rito (CPI) da Covid,<\/p>\n","protected":false},"author":1,"featured_media":2435,"comment_status":"open","ping_status":"open","sticky":false,"template":"","format":"standard","meta":[],"categories":[18],"tags":[],"yoast_head":"<!-- This site is optimized with the Yoast SEO plugin v16.3 - https:\/\/yoast.com\/wordpress\/plugins\/seo\/ -->\n<title>Senado cria CPI da Covid, e Bolsonaro sofre nova derrota no Legislativo - TRIBUNA DA PRAIA<\/title>\n<meta name=\"robots\" content=\"index, follow, max-snippet:-1, max-image-preview:large, max-video-preview:-1\" \/>\n<link rel=\"canonical\" href=\"https:\/\/tribunadapraia.com.br\/?p=2434\" \/>\n<meta property=\"og:locale\" content=\"pt_BR\" \/>\n<meta property=\"og:type\" content=\"article\" \/>\n<meta property=\"og:title\" content=\"Senado cria CPI da Covid, e Bolsonaro sofre nova derrota no Legislativo - TRIBUNA DA PRAIA\" \/>\n<meta property=\"og:description\" content=\"Aliado de Bolsonaro, Rodrigo Pacheco resistia ao pedido, mas acabou oficializando cria\u00e7\u00e3o ap\u00f3s decis\u00e3o do STF Cristiane Sampaio Brasil de Fato | Descontente com a cria\u00e7\u00e3o da CPI, governo Bolsonaro tenta turvar os planos do colegiado e atrasar as atividades; tend\u00eancia \u00e9 gest\u00e3o sofrer novos desgastes &#8211; Evaristo Sa\/AFP Apesar da contrariedade do governo Bolsonaro, o Senado criou oficialmente, nesta ter\u00e7a-feira (13), a Comiss\u00e3o Parlamentar de Inqu\u00e9rito (CPI) da Covid,\" \/>\n<meta property=\"og:url\" content=\"https:\/\/tribunadapraia.com.br\/?p=2434\" \/>\n<meta property=\"og:site_name\" content=\"TRIBUNA DA PRAIA\" \/>\n<meta property=\"article:publisher\" content=\"https:\/\/www.facebook.com\/tribunadapraiaonline\/\" \/>\n<meta property=\"article:published_time\" content=\"2021-04-14T06:21:13+00:00\" \/>\n<meta property=\"article:modified_time\" content=\"2021-04-14T06:22:05+00:00\" \/>\n<meta property=\"og:image\" content=\"https:\/\/tribunadapraia.com.br\/wp-content\/uploads\/2021\/04\/IMG-20210414-WA0005.jpg\" \/>\n\t<meta property=\"og:image:width\" content=\"800\" \/>\n\t<meta property=\"og:image:height\" content=\"533\" \/>\n<meta name=\"twitter:card\" content=\"summary_large_image\" \/>\n<meta name=\"twitter:creator\" content=\"@Claudomir21\" \/>\n<meta name=\"twitter:site\" content=\"@Claudomir21\" \/>\n<meta name=\"twitter:label1\" content=\"Est. tempo de leitura\">\n\t<meta name=\"twitter:data1\" content=\"3 minutos\">\n<script type=\"application\/ld+json\" class=\"yoast-schema-graph\">{\"@context\":\"https:\/\/schema.org\",\"@graph\":[{\"@type\":\"Organization\",\"@id\":\"https:\/\/tribunadapraia.com.br\/#organization\",\"name\":\"Tribuna da Praia\",\"url\":\"https:\/\/tribunadapraia.com.br\/\",\"sameAs\":[\"https:\/\/www.facebook.com\/tribunadapraiaonline\/\",\"https:\/\/www.instagram.com\/claudomirtavares\/\",\"https:\/\/www.youtube.com\/channel\/UCwQf80nxiMzCefAyjbp53Rw\",\"https:\/\/twitter.com\/Claudomir21\"],\"logo\":{\"@type\":\"ImageObject\",\"@id\":\"https:\/\/tribunadapraia.com.br\/#logo\",\"inLanguage\":\"pt-BR\",\"url\":\"https:\/\/tribunadapraia.com.br\/wp-content\/uploads\/2020\/02\/logo.png\",\"contentUrl\":\"https:\/\/tribunadapraia.com.br\/wp-content\/uploads\/2020\/02\/logo.png\",\"width\":501,\"height\":121,\"caption\":\"Tribuna da Praia\"},\"image\":{\"@id\":\"https:\/\/tribunadapraia.com.br\/#logo\"}},{\"@type\":\"WebSite\",\"@id\":\"https:\/\/tribunadapraia.com.br\/#website\",\"url\":\"https:\/\/tribunadapraia.com.br\/\",\"name\":\"TRIBUNA DA PRAIA\",\"description\":\"O 1\\u00ba jornal do interior de Sergipe na internet\",\"publisher\":{\"@id\":\"https:\/\/tribunadapraia.com.br\/#organization\"},\"potentialAction\":[{\"@type\":\"SearchAction\",\"target\":\"https:\/\/tribunadapraia.com.br\/?s={search_term_string}\",\"query-input\":\"required name=search_term_string\"}],\"inLanguage\":\"pt-BR\"},{\"@type\":\"ImageObject\",\"@id\":\"https:\/\/tribunadapraia.com.br\/?p=2434#primaryimage\",\"inLanguage\":\"pt-BR\",\"url\":\"https:\/\/tribunadapraia.com.br\/wp-content\/uploads\/2021\/04\/IMG-20210414-WA0005.jpg\",\"contentUrl\":\"https:\/\/tribunadapraia.com.br\/wp-content\/uploads\/2021\/04\/IMG-20210414-WA0005.jpg\",\"width\":800,\"height\":533},{\"@type\":\"WebPage\",\"@id\":\"https:\/\/tribunadapraia.com.br\/?p=2434#webpage\",\"url\":\"https:\/\/tribunadapraia.com.br\/?p=2434\",\"name\":\"Senado cria CPI da Covid, e Bolsonaro sofre nova derrota no Legislativo - TRIBUNA DA PRAIA\",\"isPartOf\":{\"@id\":\"https:\/\/tribunadapraia.com.br\/#website\"},\"primaryImageOfPage\":{\"@id\":\"https:\/\/tribunadapraia.com.br\/?p=2434#primaryimage\"},\"datePublished\":\"2021-04-14T06:21:13+00:00\",\"dateModified\":\"2021-04-14T06:22:05+00:00\",\"breadcrumb\":{\"@id\":\"https:\/\/tribunadapraia.com.br\/?p=2434#breadcrumb\"},\"inLanguage\":\"pt-BR\",\"potentialAction\":[{\"@type\":\"ReadAction\",\"target\":[\"https:\/\/tribunadapraia.com.br\/?p=2434\"]}]},{\"@type\":\"BreadcrumbList\",\"@id\":\"https:\/\/tribunadapraia.com.br\/?p=2434#breadcrumb\",\"itemListElement\":[{\"@type\":\"ListItem\",\"position\":1,\"item\":{\"@type\":\"WebPage\",\"@id\":\"https:\/\/tribunadapraia.com.br\/\",\"url\":\"https:\/\/tribunadapraia.com.br\/\",\"name\":\"In\\u00edcio\"}},{\"@type\":\"ListItem\",\"position\":2,\"item\":{\"@id\":\"https:\/\/tribunadapraia.com.br\/?p=2434#webpage\"}}]},{\"@type\":\"Article\",\"@id\":\"https:\/\/tribunadapraia.com.br\/?p=2434#article\",\"isPartOf\":{\"@id\":\"https:\/\/tribunadapraia.com.br\/?p=2434#webpage\"},\"author\":{\"@id\":\"https:\/\/tribunadapraia.com.br\/#\/schema\/person\/326b0a9f3163b479142c64eba4928de0\"},\"headline\":\"Senado cria CPI da Covid, e Bolsonaro sofre nova derrota no Legislativo\",\"datePublished\":\"2021-04-14T06:21:13+00:00\",\"dateModified\":\"2021-04-14T06:22:05+00:00\",\"mainEntityOfPage\":{\"@id\":\"https:\/\/tribunadapraia.com.br\/?p=2434#webpage\"},\"wordCount\":559,\"commentCount\":0,\"publisher\":{\"@id\":\"https:\/\/tribunadapraia.com.br\/#organization\"},\"image\":{\"@id\":\"https:\/\/tribunadapraia.com.br\/?p=2434#primaryimage\"},\"thumbnailUrl\":\"https:\/\/tribunadapraia.com.br\/wp-content\/uploads\/2021\/04\/IMG-20210414-WA0005.jpg\",\"articleSection\":[\"Not\\u00edcias\"],\"inLanguage\":\"pt-BR\",\"potentialAction\":[{\"@type\":\"CommentAction\",\"name\":\"Comment\",\"target\":[\"https:\/\/tribunadapraia.com.br\/?p=2434#respond\"]}]},{\"@type\":\"Person\",\"@id\":\"https:\/\/tribunadapraia.com.br\/#\/schema\/person\/326b0a9f3163b479142c64eba4928de0\",\"name\":\"tribunadapraia\",\"image\":{\"@type\":\"ImageObject\",\"@id\":\"https:\/\/tribunadapraia.com.br\/#personlogo\",\"inLanguage\":\"pt-BR\",\"url\":\"https:\/\/secure.gravatar.com\/avatar\/38b019c74762496076b7355024a0dad9?s=96&d=identicon&r=g\",\"contentUrl\":\"https:\/\/secure.gravatar.com\/avatar\/38b019c74762496076b7355024a0dad9?s=96&d=identicon&r=g\",\"caption\":\"tribunadapraia\"}}]}<\/script>\n<!-- \/ Yoast SEO plugin. -->","wps_subtitle":"","_links":{"self":[{"href":"https:\/\/tribunadapraia.com.br\/index.php?rest_route=\/wp\/v2\/posts\/2434"}],"collection":[{"href":"https:\/\/tribunadapraia.com.br\/index.php?rest_route=\/wp\/v2\/posts"}],"about":[{"href":"https:\/\/tribunadapraia.com.br\/index.php?rest_route=\/wp\/v2\/types\/post"}],"author":[{"embeddable":true,"href":"https:\/\/tribunadapraia.com.br\/index.php?rest_route=\/wp\/v2\/users\/1"}],"replies":[{"embeddable":true,"href":"https:\/\/tribunadapraia.com.br\/index.php?rest_route=%2Fwp%2Fv2%2Fcomments&post=2434"}],"version-history":[{"count":1,"href":"https:\/\/tribunadapraia.com.br\/index.php?rest_route=\/wp\/v2\/posts\/2434\/revisions"}],"predecessor-version":[{"id":2436,"href":"https:\/\/tribunadapraia.com.br\/index.php?rest_route=\/wp\/v2\/posts\/2434\/revisions\/2436"}],"wp:featuredmedia":[{"embeddable":true,"href":"https:\/\/tribunadapraia.com.br\/index.php?rest_route=\/wp\/v2\/media\/2435"}],"wp:attachment":[{"href":"https:\/\/tribunadapraia.com.br\/index.php?rest_route=%2Fwp%2Fv2%2Fmedia&parent=2434"}],"wp:term":[{"taxonomy":"category","embeddable":true,"href":"https:\/\/tribunadapraia.com.br\/index.php?rest_route=%2Fwp%2Fv2%2Fcategories&post=2434"},{"taxonomy":"post_tag","embeddable":true,"href":"https:\/\/tribunadapraia.com.br\/index.php?rest_route=%2Fwp%2Fv2%2Ftags&post=2434"}],"curies":[{"name":"wp","href":"https:\/\/api.w.org\/{rel}","templated":true}]}}