{"id":2429,"date":"2021-04-14T02:56:44","date_gmt":"2021-04-14T05:56:44","guid":{"rendered":"https:\/\/tribunadapraia.com.br\/?p=2429"},"modified":"2021-04-14T03:12:10","modified_gmt":"2021-04-14T06:12:10","slug":"fique-de-olho-cidades-gastaram-mais-com-as-camaras-municipais-do-que-arrecadaram-em-todo-o-ano-claudomir-herzog-um-estudo-divulgando-recentemente-indica-que-no-estado-de-sao-paulo-31-cidades-g","status":"publish","type":"post","link":"https:\/\/tribunadapraia.com.br\/?p=2429","title":{"rendered":"Fique de Olho: cidades gastaram mais com as c\u00e2maras municipais do que arrecadaram em todo o ano"},"content":{"rendered":"<p>(*) ClaudOmir Herzog<\/p>\n<p>Um estudo divulgando recentemente indica que no estado de S\u00e3o Paulo, 31 cidades gastaram mais com as c\u00e2maras municipais do que arrecadaram em todo o ano 2020. O ponto comum \u00e9 que s\u00e3o munic\u00edpios pequenos, com popula\u00e7\u00e3o inferior a 6 mil habitantes.<\/p>\n<p>\u25a0 Sergipe<\/p>\n<p>Estabelecendo um paralelo com Sergipe, estes dados se aplicam consoante popula\u00e7\u00e3o, arrecada\u00e7\u00e3o pr\u00f3pria e gastos com \u00e0s chamadas &#8220;casas do povo&#8221;.<\/p>\n<p>\u25a0 Apenas 15 cidades<\/p>\n<p>\u00c9 preciso abrir o debate para que munic\u00edpios com menos de 30 mil habitantes devam fundir ou ser incorporados a estes &#8211; pela \u00faltima contagem do IBGE, em Sergipe apenas 15 seriam mantidos.<\/p>\n<p>\u25a0 Reduzir para 5 vereadores<\/p>\n<p>Al\u00e9m disso, seria necess\u00e1rio reduzir m\u00ednimo de 9 para 5 vereadores e extinguir remunera\u00e7\u00e3o, ali\u00e1s, como j\u00e1 fora no passado n\u00e3o t\u00e3o distante.<\/p>\n<p>\u25a0 Sofr\u00edvel<\/p>\n<p>\u00c9 penoso e sofr\u00edvel a baixa qualifica\u00e7\u00e3o de vereadores\/as em c\u00e2maras de vereadores de Sergipe.<\/p>\n<p>\u25a0 Reduzir secretarias<\/p>\n<p>Secretarias municipais sem ger\u00eancia de recursos, devem ser transformadas em departamentos, diretorias e departamentos, gerando uma economia substantiva.<\/p>\n<p>\u25a0 Mensagem<\/p>\n<p>&#8220;Pois, que adianta ao homem ganhar o mundo inteiro e perder a sua alma?&#8221; (Marcos, 8:36).<\/p>\n<p>(*) ClaudOmir Herzog (52) escreve a coluna \u00e0s quartas-feiras &#8211; _ claudomir21@gmail.com<\/p>\n","protected":false},"excerpt":{"rendered":"<p>(*) ClaudOmir Herzog Um estudo divulgando recentemente indica que no estado de S\u00e3o Paulo, 31 cidades gastaram mais com as c\u00e2maras municipais do que arrecadaram em todo o ano 2020. O ponto comum \u00e9 que s\u00e3o munic\u00edpios pequenos, com popula\u00e7\u00e3o inferior a 6 mil habitantes. \u25a0 Sergipe Estabelecendo um paralelo com Sergipe, estes dados se aplicam consoante popula\u00e7\u00e3o, arrecada\u00e7\u00e3o pr\u00f3pria e gastos com \u00e0s chamadas &#8220;casas do povo&#8221;. \u25a0 Apenas<\/p>\n","protected":false},"author":3,"featured_media":2430,"comment_status":"open","ping_status":"open","sticky":false,"template":"","format":"standard","meta":[],"categories":[18],"tags":[],"yoast_head":"<!-- This site is optimized with the Yoast SEO plugin v16.3 - https:\/\/yoast.com\/wordpress\/plugins\/seo\/ -->\n<title>Fique de Olho: cidades gastaram mais com as c\u00e2maras municipais do que arrecadaram em todo o ano - TRIBUNA DA PRAIA<\/title>\n<meta name=\"robots\" content=\"index, follow, max-snippet:-1, max-image-preview:large, max-video-preview:-1\" \/>\n<link rel=\"canonical\" href=\"https:\/\/tribunadapraia.com.br\/?p=2429\" \/>\n<meta property=\"og:locale\" content=\"pt_BR\" \/>\n<meta property=\"og:type\" content=\"article\" \/>\n<meta property=\"og:title\" content=\"Fique de Olho: cidades gastaram mais com as c\u00e2maras municipais do que arrecadaram em todo o ano - TRIBUNA DA PRAIA\" \/>\n<meta property=\"og:description\" content=\"(*) ClaudOmir Herzog Um estudo divulgando recentemente indica que no estado de S\u00e3o Paulo, 31 cidades gastaram mais com as c\u00e2maras municipais do que arrecadaram em todo o ano 2020. O ponto comum \u00e9 que s\u00e3o munic\u00edpios pequenos, com popula\u00e7\u00e3o inferior a 6 mil habitantes. \u25a0 Sergipe Estabelecendo um paralelo com Sergipe, estes dados se aplicam consoante popula\u00e7\u00e3o, arrecada\u00e7\u00e3o pr\u00f3pria e gastos com \u00e0s chamadas &#8220;casas do povo&#8221;. \u25a0 Apenas\" \/>\n<meta property=\"og:url\" content=\"https:\/\/tribunadapraia.com.br\/?p=2429\" \/>\n<meta property=\"og:site_name\" content=\"TRIBUNA DA PRAIA\" \/>\n<meta property=\"article:publisher\" content=\"https:\/\/www.facebook.com\/tribunadapraiaonline\/\" \/>\n<meta property=\"article:published_time\" content=\"2021-04-14T05:56:44+00:00\" \/>\n<meta property=\"article:modified_time\" content=\"2021-04-14T06:12:10+00:00\" \/>\n<meta property=\"og:image\" content=\"https:\/\/tribunadapraia.com.br\/wp-content\/uploads\/2021\/04\/IMG-20210414-WA0004.jpg\" \/>\n\t<meta property=\"og:image:width\" content=\"800\" \/>\n\t<meta property=\"og:image:height\" content=\"450\" \/>\n<meta name=\"twitter:card\" content=\"summary_large_image\" \/>\n<meta name=\"twitter:creator\" content=\"@Claudomir21\" \/>\n<meta name=\"twitter:site\" content=\"@Claudomir21\" \/>\n<meta name=\"twitter:label1\" content=\"Est. tempo de leitura\">\n\t<meta name=\"twitter:data1\" content=\"1 minuto\">\n<script type=\"application\/ld+json\" class=\"yoast-schema-graph\">{\"@context\":\"https:\/\/schema.org\",\"@graph\":[{\"@type\":\"Organization\",\"@id\":\"https:\/\/tribunadapraia.com.br\/#organization\",\"name\":\"Tribuna da Praia\",\"url\":\"https:\/\/tribunadapraia.com.br\/\",\"sameAs\":[\"https:\/\/www.facebook.com\/tribunadapraiaonline\/\",\"https:\/\/www.instagram.com\/claudomirtavares\/\",\"https:\/\/www.youtube.com\/channel\/UCwQf80nxiMzCefAyjbp53Rw\",\"https:\/\/twitter.com\/Claudomir21\"],\"logo\":{\"@type\":\"ImageObject\",\"@id\":\"https:\/\/tribunadapraia.com.br\/#logo\",\"inLanguage\":\"pt-BR\",\"url\":\"https:\/\/tribunadapraia.com.br\/wp-content\/uploads\/2020\/02\/logo.png\",\"contentUrl\":\"https:\/\/tribunadapraia.com.br\/wp-content\/uploads\/2020\/02\/logo.png\",\"width\":501,\"height\":121,\"caption\":\"Tribuna da Praia\"},\"image\":{\"@id\":\"https:\/\/tribunadapraia.com.br\/#logo\"}},{\"@type\":\"WebSite\",\"@id\":\"https:\/\/tribunadapraia.com.br\/#website\",\"url\":\"https:\/\/tribunadapraia.com.br\/\",\"name\":\"TRIBUNA DA PRAIA\",\"description\":\"O 1\\u00ba jornal do interior de Sergipe na internet\",\"publisher\":{\"@id\":\"https:\/\/tribunadapraia.com.br\/#organization\"},\"potentialAction\":[{\"@type\":\"SearchAction\",\"target\":\"https:\/\/tribunadapraia.com.br\/?s={search_term_string}\",\"query-input\":\"required name=search_term_string\"}],\"inLanguage\":\"pt-BR\"},{\"@type\":\"ImageObject\",\"@id\":\"https:\/\/tribunadapraia.com.br\/?p=2429#primaryimage\",\"inLanguage\":\"pt-BR\",\"url\":\"https:\/\/tribunadapraia.com.br\/wp-content\/uploads\/2021\/04\/IMG-20210414-WA0004.jpg\",\"contentUrl\":\"https:\/\/tribunadapraia.com.br\/wp-content\/uploads\/2021\/04\/IMG-20210414-WA0004.jpg\",\"width\":800,\"height\":450},{\"@type\":\"WebPage\",\"@id\":\"https:\/\/tribunadapraia.com.br\/?p=2429#webpage\",\"url\":\"https:\/\/tribunadapraia.com.br\/?p=2429\",\"name\":\"Fique de Olho: cidades gastaram mais com as c\\u00e2maras municipais do que arrecadaram em todo o ano - TRIBUNA DA PRAIA\",\"isPartOf\":{\"@id\":\"https:\/\/tribunadapraia.com.br\/#website\"},\"primaryImageOfPage\":{\"@id\":\"https:\/\/tribunadapraia.com.br\/?p=2429#primaryimage\"},\"datePublished\":\"2021-04-14T05:56:44+00:00\",\"dateModified\":\"2021-04-14T06:12:10+00:00\",\"breadcrumb\":{\"@id\":\"https:\/\/tribunadapraia.com.br\/?p=2429#breadcrumb\"},\"inLanguage\":\"pt-BR\",\"potentialAction\":[{\"@type\":\"ReadAction\",\"target\":[\"https:\/\/tribunadapraia.com.br\/?p=2429\"]}]},{\"@type\":\"BreadcrumbList\",\"@id\":\"https:\/\/tribunadapraia.com.br\/?p=2429#breadcrumb\",\"itemListElement\":[{\"@type\":\"ListItem\",\"position\":1,\"item\":{\"@type\":\"WebPage\",\"@id\":\"https:\/\/tribunadapraia.com.br\/\",\"url\":\"https:\/\/tribunadapraia.com.br\/\",\"name\":\"In\\u00edcio\"}},{\"@type\":\"ListItem\",\"position\":2,\"item\":{\"@id\":\"https:\/\/tribunadapraia.com.br\/?p=2429#webpage\"}}]},{\"@type\":\"Article\",\"@id\":\"https:\/\/tribunadapraia.com.br\/?p=2429#article\",\"isPartOf\":{\"@id\":\"https:\/\/tribunadapraia.com.br\/?p=2429#webpage\"},\"author\":{\"@id\":\"https:\/\/tribunadapraia.com.br\/#\/schema\/person\/099fbbf59acc5895c0d7d52b4fc46c97\"},\"headline\":\"Fique de Olho: cidades gastaram mais com as c\\u00e2maras municipais do que arrecadaram em todo o ano\",\"datePublished\":\"2021-04-14T05:56:44+00:00\",\"dateModified\":\"2021-04-14T06:12:10+00:00\",\"mainEntityOfPage\":{\"@id\":\"https:\/\/tribunadapraia.com.br\/?p=2429#webpage\"},\"wordCount\":220,\"commentCount\":0,\"publisher\":{\"@id\":\"https:\/\/tribunadapraia.com.br\/#organization\"},\"image\":{\"@id\":\"https:\/\/tribunadapraia.com.br\/?p=2429#primaryimage\"},\"thumbnailUrl\":\"https:\/\/tribunadapraia.com.br\/wp-content\/uploads\/2021\/04\/IMG-20210414-WA0004.jpg\",\"articleSection\":[\"Not\\u00edcias\"],\"inLanguage\":\"pt-BR\",\"potentialAction\":[{\"@type\":\"CommentAction\",\"name\":\"Comment\",\"target\":[\"https:\/\/tribunadapraia.com.br\/?p=2429#respond\"]}]},{\"@type\":\"Person\",\"@id\":\"https:\/\/tribunadapraia.com.br\/#\/schema\/person\/099fbbf59acc5895c0d7d52b4fc46c97\",\"name\":\"Reda\\u00e7\\u00e3o\",\"image\":{\"@type\":\"ImageObject\",\"@id\":\"https:\/\/tribunadapraia.com.br\/#personlogo\",\"inLanguage\":\"pt-BR\",\"url\":\"https:\/\/secure.gravatar.com\/avatar\/91c8b91d2bfd7784eac5c3e055361f64?s=96&d=identicon&r=g\",\"contentUrl\":\"https:\/\/secure.gravatar.com\/avatar\/91c8b91d2bfd7784eac5c3e055361f64?s=96&d=identicon&r=g\",\"caption\":\"Reda\\u00e7\\u00e3o\"}}]}<\/script>\n<!-- \/ Yoast SEO plugin. -->","wps_subtitle":"","_links":{"self":[{"href":"https:\/\/tribunadapraia.com.br\/index.php?rest_route=\/wp\/v2\/posts\/2429"}],"collection":[{"href":"https:\/\/tribunadapraia.com.br\/index.php?rest_route=\/wp\/v2\/posts"}],"about":[{"href":"https:\/\/tribunadapraia.com.br\/index.php?rest_route=\/wp\/v2\/types\/post"}],"author":[{"embeddable":true,"href":"https:\/\/tribunadapraia.com.br\/index.php?rest_route=\/wp\/v2\/users\/3"}],"replies":[{"embeddable":true,"href":"https:\/\/tribunadapraia.com.br\/index.php?rest_route=%2Fwp%2Fv2%2Fcomments&post=2429"}],"version-history":[{"count":3,"href":"https:\/\/tribunadapraia.com.br\/index.php?rest_route=\/wp\/v2\/posts\/2429\/revisions"}],"predecessor-version":[{"id":2433,"href":"https:\/\/tribunadapraia.com.br\/index.php?rest_route=\/wp\/v2\/posts\/2429\/revisions\/2433"}],"wp:featuredmedia":[{"embeddable":true,"href":"https:\/\/tribunadapraia.com.br\/index.php?rest_route=\/wp\/v2\/media\/2430"}],"wp:attachment":[{"href":"https:\/\/tribunadapraia.com.br\/index.php?rest_route=%2Fwp%2Fv2%2Fmedia&parent=2429"}],"wp:term":[{"taxonomy":"category","embeddable":true,"href":"https:\/\/tribunadapraia.com.br\/index.php?rest_route=%2Fwp%2Fv2%2Fcategories&post=2429"},{"taxonomy":"post_tag","embeddable":true,"href":"https:\/\/tribunadapraia.com.br\/index.php?rest_route=%2Fwp%2Fv2%2Ftags&post=2429"}],"curies":[{"name":"wp","href":"https:\/\/api.w.org\/{rel}","templated":true}]}}