{"id":2418,"date":"2021-04-03T17:16:30","date_gmt":"2021-04-03T20:16:30","guid":{"rendered":"https:\/\/tribunadapraia.com.br\/?p=2418"},"modified":"2021-04-03T17:16:30","modified_gmt":"2021-04-03T20:16:30","slug":"isaias-a-volta-do-anjo-inocente-que-nao-se-foi","status":"publish","type":"post","link":"https:\/\/tribunadapraia.com.br\/?p=2418","title":{"rendered":"ISA\u00cdAS: A volta do Anjo Inocente que n\u00e3o se foi &#8230;"},"content":{"rendered":"<p>A grande e agrad\u00e1vel not\u00edcia desta P\u00e1scoa \u00e9 a reincorpora\u00e7\u00e3o do guitarrista Isa\u00edas Silva (foto) a banda Anjos Inocentes, a maior express\u00e3o do pop rock no Baixo S\u00e3o Francisco sergipano\/alagoano.<\/p>\n<p>Ao lado de Ricardo Vieira e outros jovens valorosos m\u00fasicos, lan\u00e7aram na virada do s\u00e9culo esta semente cujas can\u00e7\u00f5es chegam aos nossos ouvidos e ocupam para sempre nossos cora\u00e7\u00f5es. &#8220;\u00c9 nosso irm\u00e3o&#8221;, descreveu contente o vocalista da banda.<\/p>\n<p>A Anjos Inocentes se reencontra, pois fica dif\u00edcil conceber Isa\u00edas fora da Anjos e esta sem Isa\u00edas. O grupo volta a sua forma\u00e7\u00e3o original: Ricardo Vieira (voz), Henderson Alves (baixo), Weverton Oliveira (bateria),<br \/>\nIsa\u00edas Silva e Igor Honorato (guitarras).<\/p>\n<p>Para celebrar a volta do que n\u00e3o foi, a R\u00e1dio Atalainha ir\u00e1 veicular neste domingo, 04, dentro do programa Vozes do Velho Chico, que vai ao ar das 8 \u00e0s 10 da manh\u00e3, os principais sucessos da banda que canta Propri\u00e1 e encanta o Brasil.<\/p>\n<p>por ClaudOmir Herzog<\/p>\n","protected":false},"excerpt":{"rendered":"<p>A grande e agrad\u00e1vel not\u00edcia desta P\u00e1scoa \u00e9 a reincorpora\u00e7\u00e3o do guitarrista Isa\u00edas Silva (foto) a banda Anjos Inocentes, a maior express\u00e3o do pop rock no Baixo S\u00e3o Francisco sergipano\/alagoano. Ao lado de Ricardo Vieira e outros jovens valorosos m\u00fasicos, lan\u00e7aram na virada do s\u00e9culo esta semente cujas can\u00e7\u00f5es chegam aos nossos ouvidos e ocupam para sempre nossos cora\u00e7\u00f5es. &#8220;\u00c9 nosso irm\u00e3o&#8221;, descreveu contente o vocalista da banda. A Anjos<\/p>\n","protected":false},"author":3,"featured_media":2419,"comment_status":"open","ping_status":"open","sticky":false,"template":"","format":"standard","meta":[],"categories":[18],"tags":[],"yoast_head":"<!-- This site is optimized with the Yoast SEO plugin v16.3 - https:\/\/yoast.com\/wordpress\/plugins\/seo\/ -->\n<title>ISA\u00cdAS: A volta do Anjo Inocente que n\u00e3o se foi ... - TRIBUNA DA PRAIA<\/title>\n<meta name=\"robots\" content=\"index, follow, max-snippet:-1, max-image-preview:large, max-video-preview:-1\" \/>\n<link rel=\"canonical\" href=\"https:\/\/tribunadapraia.com.br\/?p=2418\" \/>\n<meta property=\"og:locale\" content=\"pt_BR\" \/>\n<meta property=\"og:type\" content=\"article\" \/>\n<meta property=\"og:title\" content=\"ISA\u00cdAS: A volta do Anjo Inocente que n\u00e3o se foi ... - TRIBUNA DA PRAIA\" \/>\n<meta property=\"og:description\" content=\"A grande e agrad\u00e1vel not\u00edcia desta P\u00e1scoa \u00e9 a reincorpora\u00e7\u00e3o do guitarrista Isa\u00edas Silva (foto) a banda Anjos Inocentes, a maior express\u00e3o do pop rock no Baixo S\u00e3o Francisco sergipano\/alagoano. Ao lado de Ricardo Vieira e outros jovens valorosos m\u00fasicos, lan\u00e7aram na virada do s\u00e9culo esta semente cujas can\u00e7\u00f5es chegam aos nossos ouvidos e ocupam para sempre nossos cora\u00e7\u00f5es. &#8220;\u00c9 nosso irm\u00e3o&#8221;, descreveu contente o vocalista da banda. A Anjos\" \/>\n<meta property=\"og:url\" content=\"https:\/\/tribunadapraia.com.br\/?p=2418\" \/>\n<meta property=\"og:site_name\" content=\"TRIBUNA DA PRAIA\" \/>\n<meta property=\"article:publisher\" content=\"https:\/\/www.facebook.com\/tribunadapraiaonline\/\" \/>\n<meta property=\"article:published_time\" content=\"2021-04-03T20:16:30+00:00\" \/>\n<meta property=\"og:image\" content=\"https:\/\/tribunadapraia.com.br\/wp-content\/uploads\/2021\/04\/IMG-20210403-WA0021.jpg\" \/>\n\t<meta property=\"og:image:width\" content=\"720\" \/>\n\t<meta property=\"og:image:height\" content=\"689\" \/>\n<meta name=\"twitter:card\" content=\"summary_large_image\" \/>\n<meta name=\"twitter:creator\" content=\"@Claudomir21\" \/>\n<meta name=\"twitter:site\" content=\"@Claudomir21\" \/>\n<meta name=\"twitter:label1\" content=\"Est. tempo de leitura\">\n\t<meta name=\"twitter:data1\" content=\"1 minuto\">\n<script type=\"application\/ld+json\" class=\"yoast-schema-graph\">{\"@context\":\"https:\/\/schema.org\",\"@graph\":[{\"@type\":\"Organization\",\"@id\":\"https:\/\/tribunadapraia.com.br\/#organization\",\"name\":\"Tribuna da Praia\",\"url\":\"https:\/\/tribunadapraia.com.br\/\",\"sameAs\":[\"https:\/\/www.facebook.com\/tribunadapraiaonline\/\",\"https:\/\/www.instagram.com\/claudomirtavares\/\",\"https:\/\/www.youtube.com\/channel\/UCwQf80nxiMzCefAyjbp53Rw\",\"https:\/\/twitter.com\/Claudomir21\"],\"logo\":{\"@type\":\"ImageObject\",\"@id\":\"https:\/\/tribunadapraia.com.br\/#logo\",\"inLanguage\":\"pt-BR\",\"url\":\"https:\/\/tribunadapraia.com.br\/wp-content\/uploads\/2020\/02\/logo.png\",\"contentUrl\":\"https:\/\/tribunadapraia.com.br\/wp-content\/uploads\/2020\/02\/logo.png\",\"width\":501,\"height\":121,\"caption\":\"Tribuna da Praia\"},\"image\":{\"@id\":\"https:\/\/tribunadapraia.com.br\/#logo\"}},{\"@type\":\"WebSite\",\"@id\":\"https:\/\/tribunadapraia.com.br\/#website\",\"url\":\"https:\/\/tribunadapraia.com.br\/\",\"name\":\"TRIBUNA DA PRAIA\",\"description\":\"O 1\\u00ba jornal do interior de Sergipe na internet\",\"publisher\":{\"@id\":\"https:\/\/tribunadapraia.com.br\/#organization\"},\"potentialAction\":[{\"@type\":\"SearchAction\",\"target\":\"https:\/\/tribunadapraia.com.br\/?s={search_term_string}\",\"query-input\":\"required name=search_term_string\"}],\"inLanguage\":\"pt-BR\"},{\"@type\":\"ImageObject\",\"@id\":\"https:\/\/tribunadapraia.com.br\/?p=2418#primaryimage\",\"inLanguage\":\"pt-BR\",\"url\":\"https:\/\/tribunadapraia.com.br\/wp-content\/uploads\/2021\/04\/IMG-20210403-WA0021.jpg\",\"contentUrl\":\"https:\/\/tribunadapraia.com.br\/wp-content\/uploads\/2021\/04\/IMG-20210403-WA0021.jpg\",\"width\":720,\"height\":689},{\"@type\":\"WebPage\",\"@id\":\"https:\/\/tribunadapraia.com.br\/?p=2418#webpage\",\"url\":\"https:\/\/tribunadapraia.com.br\/?p=2418\",\"name\":\"ISA\\u00cdAS: A volta do Anjo Inocente que n\\u00e3o se foi ... - TRIBUNA DA PRAIA\",\"isPartOf\":{\"@id\":\"https:\/\/tribunadapraia.com.br\/#website\"},\"primaryImageOfPage\":{\"@id\":\"https:\/\/tribunadapraia.com.br\/?p=2418#primaryimage\"},\"datePublished\":\"2021-04-03T20:16:30+00:00\",\"dateModified\":\"2021-04-03T20:16:30+00:00\",\"breadcrumb\":{\"@id\":\"https:\/\/tribunadapraia.com.br\/?p=2418#breadcrumb\"},\"inLanguage\":\"pt-BR\",\"potentialAction\":[{\"@type\":\"ReadAction\",\"target\":[\"https:\/\/tribunadapraia.com.br\/?p=2418\"]}]},{\"@type\":\"BreadcrumbList\",\"@id\":\"https:\/\/tribunadapraia.com.br\/?p=2418#breadcrumb\",\"itemListElement\":[{\"@type\":\"ListItem\",\"position\":1,\"item\":{\"@type\":\"WebPage\",\"@id\":\"https:\/\/tribunadapraia.com.br\/\",\"url\":\"https:\/\/tribunadapraia.com.br\/\",\"name\":\"In\\u00edcio\"}},{\"@type\":\"ListItem\",\"position\":2,\"item\":{\"@id\":\"https:\/\/tribunadapraia.com.br\/?p=2418#webpage\"}}]},{\"@type\":\"Article\",\"@id\":\"https:\/\/tribunadapraia.com.br\/?p=2418#article\",\"isPartOf\":{\"@id\":\"https:\/\/tribunadapraia.com.br\/?p=2418#webpage\"},\"author\":{\"@id\":\"https:\/\/tribunadapraia.com.br\/#\/schema\/person\/099fbbf59acc5895c0d7d52b4fc46c97\"},\"headline\":\"ISA\\u00cdAS: A volta do Anjo Inocente que n\\u00e3o se foi &#8230;\",\"datePublished\":\"2021-04-03T20:16:30+00:00\",\"dateModified\":\"2021-04-03T20:16:30+00:00\",\"mainEntityOfPage\":{\"@id\":\"https:\/\/tribunadapraia.com.br\/?p=2418#webpage\"},\"wordCount\":183,\"commentCount\":0,\"publisher\":{\"@id\":\"https:\/\/tribunadapraia.com.br\/#organization\"},\"image\":{\"@id\":\"https:\/\/tribunadapraia.com.br\/?p=2418#primaryimage\"},\"thumbnailUrl\":\"https:\/\/tribunadapraia.com.br\/wp-content\/uploads\/2021\/04\/IMG-20210403-WA0021.jpg\",\"articleSection\":[\"Not\\u00edcias\"],\"inLanguage\":\"pt-BR\",\"potentialAction\":[{\"@type\":\"CommentAction\",\"name\":\"Comment\",\"target\":[\"https:\/\/tribunadapraia.com.br\/?p=2418#respond\"]}]},{\"@type\":\"Person\",\"@id\":\"https:\/\/tribunadapraia.com.br\/#\/schema\/person\/099fbbf59acc5895c0d7d52b4fc46c97\",\"name\":\"Reda\\u00e7\\u00e3o\",\"image\":{\"@type\":\"ImageObject\",\"@id\":\"https:\/\/tribunadapraia.com.br\/#personlogo\",\"inLanguage\":\"pt-BR\",\"url\":\"https:\/\/secure.gravatar.com\/avatar\/91c8b91d2bfd7784eac5c3e055361f64?s=96&d=identicon&r=g\",\"contentUrl\":\"https:\/\/secure.gravatar.com\/avatar\/91c8b91d2bfd7784eac5c3e055361f64?s=96&d=identicon&r=g\",\"caption\":\"Reda\\u00e7\\u00e3o\"}}]}<\/script>\n<!-- \/ Yoast SEO plugin. -->","wps_subtitle":"","_links":{"self":[{"href":"https:\/\/tribunadapraia.com.br\/index.php?rest_route=\/wp\/v2\/posts\/2418"}],"collection":[{"href":"https:\/\/tribunadapraia.com.br\/index.php?rest_route=\/wp\/v2\/posts"}],"about":[{"href":"https:\/\/tribunadapraia.com.br\/index.php?rest_route=\/wp\/v2\/types\/post"}],"author":[{"embeddable":true,"href":"https:\/\/tribunadapraia.com.br\/index.php?rest_route=\/wp\/v2\/users\/3"}],"replies":[{"embeddable":true,"href":"https:\/\/tribunadapraia.com.br\/index.php?rest_route=%2Fwp%2Fv2%2Fcomments&post=2418"}],"version-history":[{"count":1,"href":"https:\/\/tribunadapraia.com.br\/index.php?rest_route=\/wp\/v2\/posts\/2418\/revisions"}],"predecessor-version":[{"id":2420,"href":"https:\/\/tribunadapraia.com.br\/index.php?rest_route=\/wp\/v2\/posts\/2418\/revisions\/2420"}],"wp:featuredmedia":[{"embeddable":true,"href":"https:\/\/tribunadapraia.com.br\/index.php?rest_route=\/wp\/v2\/media\/2419"}],"wp:attachment":[{"href":"https:\/\/tribunadapraia.com.br\/index.php?rest_route=%2Fwp%2Fv2%2Fmedia&parent=2418"}],"wp:term":[{"taxonomy":"category","embeddable":true,"href":"https:\/\/tribunadapraia.com.br\/index.php?rest_route=%2Fwp%2Fv2%2Fcategories&post=2418"},{"taxonomy":"post_tag","embeddable":true,"href":"https:\/\/tribunadapraia.com.br\/index.php?rest_route=%2Fwp%2Fv2%2Ftags&post=2418"}],"curies":[{"name":"wp","href":"https:\/\/api.w.org\/{rel}","templated":true}]}}