{"id":2414,"date":"2021-04-04T16:01:34","date_gmt":"2021-04-04T19:01:34","guid":{"rendered":"https:\/\/tribunadapraia.com.br\/?p=2414"},"modified":"2021-04-04T22:01:31","modified_gmt":"2021-04-05T01:01:31","slug":"fique-de-olho-julgamento-de-investigacao-sobre-suspeita-de-crines-eleitorais-em-propria-na-ordem-do-dia","status":"publish","type":"post","link":"https:\/\/tribunadapraia.com.br\/?p=2414","title":{"rendered":"Fique de Olho: Julgamento de investiga\u00e7\u00e3o sobre suspeita de crimes eleitorais em Propri\u00e1 na ordem do dia"},"content":{"rendered":"<p>A a\u00e7\u00e3o de investiga\u00e7\u00e3o de crimes eleitorais que tramita na Justi\u00e7a Eleitoral para ca\u00e7ar o mandato do prefeito de Propri\u00e1, Valberto Lima (MDB) ter\u00e1 desfecho ainda neste semestre, revelou uma fonte, sem declinar de poss\u00edvel resultado que se prev\u00ea diante da robust\u00eas das provas anexadas ao processo. O pedido de inelegibilidade do emedebista foi protocolado pelos advogados do ex-candidato Luciano de Nenininha (DEM) baseado na acusa\u00e7\u00e3o de abuso de poder econ\u00f4mico durante a campanha eleitoral de 2020.<\/p>\n<p>\u25a0 Sem novas elei\u00e7\u00f5es<\/p>\n<p>Eleito com 45,86% dos votos v\u00e1lidos, contra 54,14% que optaram nominalmente por outros candidatos, caso seja confirmada a cassa\u00e7\u00e3o do prefeito Valberto Lima, que nega todas \u00e0s acusa\u00e7\u00f5es a ele imputadas, seus votos ser\u00e3o anulados, assumindo a Prefeitura de Propri\u00e1 o segundo colocado, Luciano de Menininha, sem necessidade de novas elei\u00e7\u00f5es.<\/p>\n<p>\u25a0 Paralelo hist\u00f3ric<\/p>\n<p>H\u00e1 14 anos (novembro de 2016) Luciano que fora eleito prefeito em 2004, teve seu mandato cassado, assumindo o segundo colocado, Paulo Britto (h\u00e1 \u00e9poca no PTB). Luciano recorreu fora do mandato e quando conseguiu provar sua inoc\u00eancia, o mandato j\u00e1 havia se encerrado.<\/p>\n<p>Estamos agora assistindo um filme invertido? Haver!<\/p>\n<p>por ClaudOmir Herzog | com informa\u00e7\u00f5es da R\u00e1dio Atalainha<\/p>\n","protected":false},"excerpt":{"rendered":"<p>A a\u00e7\u00e3o de investiga\u00e7\u00e3o de crimes eleitorais que tramita na Justi\u00e7a Eleitoral para ca\u00e7ar o mandato do prefeito de Propri\u00e1, Valberto Lima (MDB) ter\u00e1 desfecho ainda neste semestre, revelou uma fonte, sem declinar de poss\u00edvel resultado que se prev\u00ea diante da robust\u00eas das provas anexadas ao processo. O pedido de inelegibilidade do emedebista foi protocolado pelos advogados do ex-candidato Luciano de Nenininha (DEM) baseado na acusa\u00e7\u00e3o de abuso de poder<\/p>\n","protected":false},"author":3,"featured_media":2415,"comment_status":"open","ping_status":"open","sticky":false,"template":"","format":"standard","meta":[],"categories":[18],"tags":[],"yoast_head":"<!-- This site is optimized with the Yoast SEO plugin v16.3 - https:\/\/yoast.com\/wordpress\/plugins\/seo\/ -->\n<title>Fique de Olho: Julgamento de investiga\u00e7\u00e3o sobre suspeita de crimes eleitorais em Propri\u00e1 na ordem do dia - TRIBUNA DA PRAIA<\/title>\n<meta name=\"robots\" content=\"index, follow, max-snippet:-1, max-image-preview:large, max-video-preview:-1\" \/>\n<link rel=\"canonical\" href=\"https:\/\/tribunadapraia.com.br\/?p=2414\" \/>\n<meta property=\"og:locale\" content=\"pt_BR\" \/>\n<meta property=\"og:type\" content=\"article\" \/>\n<meta property=\"og:title\" content=\"Fique de Olho: Julgamento de investiga\u00e7\u00e3o sobre suspeita de crimes eleitorais em Propri\u00e1 na ordem do dia - TRIBUNA DA PRAIA\" \/>\n<meta property=\"og:description\" content=\"A a\u00e7\u00e3o de investiga\u00e7\u00e3o de crimes eleitorais que tramita na Justi\u00e7a Eleitoral para ca\u00e7ar o mandato do prefeito de Propri\u00e1, Valberto Lima (MDB) ter\u00e1 desfecho ainda neste semestre, revelou uma fonte, sem declinar de poss\u00edvel resultado que se prev\u00ea diante da robust\u00eas das provas anexadas ao processo. O pedido de inelegibilidade do emedebista foi protocolado pelos advogados do ex-candidato Luciano de Nenininha (DEM) baseado na acusa\u00e7\u00e3o de abuso de poder\" \/>\n<meta property=\"og:url\" content=\"https:\/\/tribunadapraia.com.br\/?p=2414\" \/>\n<meta property=\"og:site_name\" content=\"TRIBUNA DA PRAIA\" \/>\n<meta property=\"article:publisher\" content=\"https:\/\/www.facebook.com\/tribunadapraiaonline\/\" \/>\n<meta property=\"article:published_time\" content=\"2021-04-04T19:01:34+00:00\" \/>\n<meta property=\"article:modified_time\" content=\"2021-04-05T01:01:31+00:00\" \/>\n<meta property=\"og:image\" content=\"https:\/\/tribunadapraia.com.br\/wp-content\/uploads\/2021\/04\/IMG-20210402-WA0027.jpg\" \/>\n\t<meta property=\"og:image:width\" content=\"768\" \/>\n\t<meta property=\"og:image:height\" content=\"512\" \/>\n<meta name=\"twitter:card\" content=\"summary_large_image\" \/>\n<meta name=\"twitter:creator\" content=\"@Claudomir21\" \/>\n<meta name=\"twitter:site\" content=\"@Claudomir21\" \/>\n<meta name=\"twitter:label1\" content=\"Est. tempo de leitura\">\n\t<meta name=\"twitter:data1\" content=\"1 minuto\">\n<script type=\"application\/ld+json\" class=\"yoast-schema-graph\">{\"@context\":\"https:\/\/schema.org\",\"@graph\":[{\"@type\":\"Organization\",\"@id\":\"https:\/\/tribunadapraia.com.br\/#organization\",\"name\":\"Tribuna da Praia\",\"url\":\"https:\/\/tribunadapraia.com.br\/\",\"sameAs\":[\"https:\/\/www.facebook.com\/tribunadapraiaonline\/\",\"https:\/\/www.instagram.com\/claudomirtavares\/\",\"https:\/\/www.youtube.com\/channel\/UCwQf80nxiMzCefAyjbp53Rw\",\"https:\/\/twitter.com\/Claudomir21\"],\"logo\":{\"@type\":\"ImageObject\",\"@id\":\"https:\/\/tribunadapraia.com.br\/#logo\",\"inLanguage\":\"pt-BR\",\"url\":\"https:\/\/tribunadapraia.com.br\/wp-content\/uploads\/2020\/02\/logo.png\",\"contentUrl\":\"https:\/\/tribunadapraia.com.br\/wp-content\/uploads\/2020\/02\/logo.png\",\"width\":501,\"height\":121,\"caption\":\"Tribuna da Praia\"},\"image\":{\"@id\":\"https:\/\/tribunadapraia.com.br\/#logo\"}},{\"@type\":\"WebSite\",\"@id\":\"https:\/\/tribunadapraia.com.br\/#website\",\"url\":\"https:\/\/tribunadapraia.com.br\/\",\"name\":\"TRIBUNA DA PRAIA\",\"description\":\"O 1\\u00ba jornal do interior de Sergipe na internet\",\"publisher\":{\"@id\":\"https:\/\/tribunadapraia.com.br\/#organization\"},\"potentialAction\":[{\"@type\":\"SearchAction\",\"target\":\"https:\/\/tribunadapraia.com.br\/?s={search_term_string}\",\"query-input\":\"required name=search_term_string\"}],\"inLanguage\":\"pt-BR\"},{\"@type\":\"ImageObject\",\"@id\":\"https:\/\/tribunadapraia.com.br\/?p=2414#primaryimage\",\"inLanguage\":\"pt-BR\",\"url\":\"https:\/\/tribunadapraia.com.br\/wp-content\/uploads\/2021\/04\/IMG-20210402-WA0027.jpg\",\"contentUrl\":\"https:\/\/tribunadapraia.com.br\/wp-content\/uploads\/2021\/04\/IMG-20210402-WA0027.jpg\",\"width\":768,\"height\":512},{\"@type\":\"WebPage\",\"@id\":\"https:\/\/tribunadapraia.com.br\/?p=2414#webpage\",\"url\":\"https:\/\/tribunadapraia.com.br\/?p=2414\",\"name\":\"Fique de Olho: Julgamento de investiga\\u00e7\\u00e3o sobre suspeita de crimes eleitorais em Propri\\u00e1 na ordem do dia - TRIBUNA DA PRAIA\",\"isPartOf\":{\"@id\":\"https:\/\/tribunadapraia.com.br\/#website\"},\"primaryImageOfPage\":{\"@id\":\"https:\/\/tribunadapraia.com.br\/?p=2414#primaryimage\"},\"datePublished\":\"2021-04-04T19:01:34+00:00\",\"dateModified\":\"2021-04-05T01:01:31+00:00\",\"breadcrumb\":{\"@id\":\"https:\/\/tribunadapraia.com.br\/?p=2414#breadcrumb\"},\"inLanguage\":\"pt-BR\",\"potentialAction\":[{\"@type\":\"ReadAction\",\"target\":[\"https:\/\/tribunadapraia.com.br\/?p=2414\"]}]},{\"@type\":\"BreadcrumbList\",\"@id\":\"https:\/\/tribunadapraia.com.br\/?p=2414#breadcrumb\",\"itemListElement\":[{\"@type\":\"ListItem\",\"position\":1,\"item\":{\"@type\":\"WebPage\",\"@id\":\"https:\/\/tribunadapraia.com.br\/\",\"url\":\"https:\/\/tribunadapraia.com.br\/\",\"name\":\"In\\u00edcio\"}},{\"@type\":\"ListItem\",\"position\":2,\"item\":{\"@id\":\"https:\/\/tribunadapraia.com.br\/?p=2414#webpage\"}}]},{\"@type\":\"Article\",\"@id\":\"https:\/\/tribunadapraia.com.br\/?p=2414#article\",\"isPartOf\":{\"@id\":\"https:\/\/tribunadapraia.com.br\/?p=2414#webpage\"},\"author\":{\"@id\":\"https:\/\/tribunadapraia.com.br\/#\/schema\/person\/099fbbf59acc5895c0d7d52b4fc46c97\"},\"headline\":\"Fique de Olho: Julgamento de investiga\\u00e7\\u00e3o sobre suspeita de crimes eleitorais em Propri\\u00e1 na ordem do dia\",\"datePublished\":\"2021-04-04T19:01:34+00:00\",\"dateModified\":\"2021-04-05T01:01:31+00:00\",\"mainEntityOfPage\":{\"@id\":\"https:\/\/tribunadapraia.com.br\/?p=2414#webpage\"},\"wordCount\":222,\"commentCount\":0,\"publisher\":{\"@id\":\"https:\/\/tribunadapraia.com.br\/#organization\"},\"image\":{\"@id\":\"https:\/\/tribunadapraia.com.br\/?p=2414#primaryimage\"},\"thumbnailUrl\":\"https:\/\/tribunadapraia.com.br\/wp-content\/uploads\/2021\/04\/IMG-20210402-WA0027.jpg\",\"articleSection\":[\"Not\\u00edcias\"],\"inLanguage\":\"pt-BR\",\"potentialAction\":[{\"@type\":\"CommentAction\",\"name\":\"Comment\",\"target\":[\"https:\/\/tribunadapraia.com.br\/?p=2414#respond\"]}]},{\"@type\":\"Person\",\"@id\":\"https:\/\/tribunadapraia.com.br\/#\/schema\/person\/099fbbf59acc5895c0d7d52b4fc46c97\",\"name\":\"Reda\\u00e7\\u00e3o\",\"image\":{\"@type\":\"ImageObject\",\"@id\":\"https:\/\/tribunadapraia.com.br\/#personlogo\",\"inLanguage\":\"pt-BR\",\"url\":\"https:\/\/secure.gravatar.com\/avatar\/91c8b91d2bfd7784eac5c3e055361f64?s=96&d=identicon&r=g\",\"contentUrl\":\"https:\/\/secure.gravatar.com\/avatar\/91c8b91d2bfd7784eac5c3e055361f64?s=96&d=identicon&r=g\",\"caption\":\"Reda\\u00e7\\u00e3o\"}}]}<\/script>\n<!-- \/ Yoast SEO plugin. -->","wps_subtitle":"","_links":{"self":[{"href":"https:\/\/tribunadapraia.com.br\/index.php?rest_route=\/wp\/v2\/posts\/2414"}],"collection":[{"href":"https:\/\/tribunadapraia.com.br\/index.php?rest_route=\/wp\/v2\/posts"}],"about":[{"href":"https:\/\/tribunadapraia.com.br\/index.php?rest_route=\/wp\/v2\/types\/post"}],"author":[{"embeddable":true,"href":"https:\/\/tribunadapraia.com.br\/index.php?rest_route=\/wp\/v2\/users\/3"}],"replies":[{"embeddable":true,"href":"https:\/\/tribunadapraia.com.br\/index.php?rest_route=%2Fwp%2Fv2%2Fcomments&post=2414"}],"version-history":[{"count":2,"href":"https:\/\/tribunadapraia.com.br\/index.php?rest_route=\/wp\/v2\/posts\/2414\/revisions"}],"predecessor-version":[{"id":2417,"href":"https:\/\/tribunadapraia.com.br\/index.php?rest_route=\/wp\/v2\/posts\/2414\/revisions\/2417"}],"wp:featuredmedia":[{"embeddable":true,"href":"https:\/\/tribunadapraia.com.br\/index.php?rest_route=\/wp\/v2\/media\/2415"}],"wp:attachment":[{"href":"https:\/\/tribunadapraia.com.br\/index.php?rest_route=%2Fwp%2Fv2%2Fmedia&parent=2414"}],"wp:term":[{"taxonomy":"category","embeddable":true,"href":"https:\/\/tribunadapraia.com.br\/index.php?rest_route=%2Fwp%2Fv2%2Fcategories&post=2414"},{"taxonomy":"post_tag","embeddable":true,"href":"https:\/\/tribunadapraia.com.br\/index.php?rest_route=%2Fwp%2Fv2%2Ftags&post=2414"}],"curies":[{"name":"wp","href":"https:\/\/api.w.org\/{rel}","templated":true}]}}