{"id":2408,"date":"2021-04-02T14:12:32","date_gmt":"2021-04-02T17:12:32","guid":{"rendered":"https:\/\/tribunadapraia.com.br\/?p=2408"},"modified":"2021-04-02T14:12:32","modified_gmt":"2021-04-02T17:12:32","slug":"para-que-jamais-se-esqueca-incendio-criminoso-na-sede-da-une-no-rio-de-janeiro-perpetrado-pelos-militares-e-forcas-reacionarias-no-dia-1o-de-abril-de-1916","status":"publish","type":"post","link":"https:\/\/tribunadapraia.com.br\/?p=2408","title":{"rendered":"Para que jamais se esque\u00e7a: Inc\u00eandio criminoso na sede da UNE, no Rio de Janeiro, perpetrado pelos militares e for\u00e7as reacion\u00e1rias no dia 1\u00ba de abril de 1916."},"content":{"rendered":"<p>H\u00e1 57 anos, uma coluna militar sa\u00eda de Minas Gerais em dire\u00e7\u00e3o ao Rio de Janeiro para tirar do poder o ent\u00e3o presidente Jo\u00e3o Goulart. Saber\u00edamos depois que, ao mesmo tempo, um contingente militar norte-americano entrincheirava-se na costa brasileira para garantir que a aventura golpista fosse at\u00e9 o fim. O conjunto de acontecimentos que antecederam o golpe militar e os que o sucederam fizeram desse momento um divisor de \u00e1guas na hist\u00f3ria. O golpe arquitetado pelos Estados Unidos com todas as for\u00e7as reacion\u00e1rias e classes dominantes foi at\u00e9 o fim, estendendo-se por 21 anos de torturas, mis\u00e9ria e censura e deixando sua marca permanente na constru\u00e7\u00e3o do Brasil.<\/p>\n<p>A encruzilhada nos anos sessenta tinha dois resultados reais e poss\u00edveis. Um era o golpe das for\u00e7as reacion\u00e1rias para a implementa\u00e7\u00e3o de um Estado contra insurgente capaz de realizar as reformas de moderniza\u00e7\u00e3o num quadro conversador. Outra era a possibilidade de uma vit\u00f3ria do bloco democr\u00e1tico e nacionalista, paralisando a rea\u00e7\u00e3o pela execu\u00e7\u00e3o das reformas de base e for\u00e7ando o bloco progressista pelas demandas do proletariado industrial e pela radicaliza\u00e7\u00e3o do subproletariado rural. A crise de hegemonia dos anos 1960 era de tal ordem que a realiza\u00e7\u00e3o da primeira alternativa passou por anos de preparo, enquanto a segunda seguia sua marcha pelas pr\u00f3prias contradi\u00e7\u00f5es em curso na sociedade e tendia \u00e0 sa\u00edda progressista na medida em que o aumento paulatino da participa\u00e7\u00e3o popular na pol\u00edtica \u2013 seja pelos partidos de massa ou nos movimentos sociais \u2013 ampliava a base das reivindica\u00e7\u00f5es e chegava nas \u201cpedras de toque\u201d da hegemonia burguesa. A ideologia identificou aqui um \u201ctransbordar da democracia\u201d, que precisava ser corrigido com paus de arara e \u201cgeladeiras\u201d.<\/p>\n<p>A derrota das for\u00e7as populares \u2013 n\u00e3o s\u00f3 aqui, mas na maioria de nosso subcontinente \u2013 abriu espa\u00e7o para a moderniza\u00e7\u00e3o conservadora. Das universidades ao sistema financeiro, grandes transforma\u00e7\u00f5es eram necess\u00e1rias para que a superestrutura da sociedade brasileira se atualizasse ao mesmo tempo que desse as bases para um novo padr\u00e3o de acumula\u00e7\u00e3o do capital. A alian\u00e7a entre capital internacional, nacional e estatal integrava o pa\u00eds a novas cadeias de valor e permitia o estabelecimento de um desenvolvimento industrial interno coordenado e submetido ao imperialismo. Nessa nova f\u00f3rmula de domina\u00e7\u00e3o pol\u00edtica, os militares ocuparam um papel bem definido de intelectualidade org\u00e2nica, preparada tecnicamente para condu\u00e7\u00e3o dos aparelhos econ\u00f4micos do Estado e de um regime ditatorial e contra insurgente contra as classes populares e sua vanguarda.<\/p>\n<p>Agora, novamente, vemos a imin\u00eancia de um poder militar crescente na pol\u00edtica brasileira \u2013 com ou sem Bolsonaro \u2013 e disso s\u00f3 podemos nos questionar: ele realmente deixou de existir? A democratiza\u00e7\u00e3o \u201clenta, gradual e segura\u201d gestou o mais longo per\u00edodo democr\u00e1tico, cujo ponto m\u00e1ximo foi a emerg\u00eancia de uma f\u00f3rmula de pacto com o campo democr\u00e1tico-popular. Mas, durante todo esse per\u00edodo, que rela\u00e7\u00e3o tiveram os militares com esse Estado, criado por eles mesmos em d\u00e9cadas de controle sobre a m\u00e1quina p\u00fablica?<\/p>\n<p>Os resqu\u00edcios jur\u00eddicos permanecem, como nas listas tr\u00edplices para reitoria das universidades federais. Mas ser\u00e3o ainda maiores os resqu\u00edcios ideol\u00f3gicos? Os pol\u00edticos? Reais v\u00ednculos entre a c\u00fapula militar e o grande capital monopolista? Um casamento de 21 anos n\u00e3o \u00e9 t\u00e3o facilmente esquecido\u2026 A alian\u00e7a entre o bloco militar e as for\u00e7as monopolistas mais reacion\u00e1rias foi a alian\u00e7a que sustentou o per\u00edodo de maiores transforma\u00e7\u00f5es no aparelho estatal brasileiro. Cinquenta e sete anos depois, n\u00e3o \u00e9 un\u00edssona nossa burguesia sobre a necessidade de \u201creformas\u201d do Estado? N\u00e3o ser\u00e1 curioso que dessa necessidade tenha sa\u00eddo um golpe cuja participa\u00e7\u00e3o das c\u00fapulas militares j\u00e1 foi confessada?<\/p>\n<p>A Nova Rep\u00fablica se ergueu e desmorona sob a tutela dos militares. Produto de uma anistia criminosa em favor dos torturadores e de uma transi\u00e7\u00e3o que garantiu imunidade ao cons\u00f3rcio militar-empresarial, nossa vertiginosa democracia mostra, sobretudo, seu formalismo puro. Uma democracia dos monop\u00f3lios, em que o presidente destila \u00f3dio ao povo e garante sua sustenta\u00e7\u00e3o no grande capital.<\/p>\n<p>Nosso pa\u00eds \u00e9 atualmente dirigido pelo produto ideol\u00f3gico de 21 anos de ditadura empresarial-miliar. Enquanto o esquecimento sobre os crimes da ditadura e o perd\u00e3o aos seus culpados reinarem, o fedor dos por\u00f5es voltar\u00e1 a subir aos palcos e com\u00edcios, na boca de Bolsonaros ou demais filhotes da ditadura.<\/p>\n<p>por Leonardo Godim<\/p>\n","protected":false},"excerpt":{"rendered":"<p>H\u00e1 57 anos, uma coluna militar sa\u00eda de Minas Gerais em dire\u00e7\u00e3o ao Rio de Janeiro para tirar do poder o ent\u00e3o presidente Jo\u00e3o Goulart. Saber\u00edamos depois que, ao mesmo tempo, um contingente militar norte-americano entrincheirava-se na costa brasileira para garantir que a aventura golpista fosse at\u00e9 o fim. O conjunto de acontecimentos que antecederam o golpe militar e os que o sucederam fizeram desse momento um divisor de \u00e1guas<\/p>\n","protected":false},"author":3,"featured_media":2409,"comment_status":"open","ping_status":"open","sticky":false,"template":"","format":"standard","meta":[],"categories":[18],"tags":[],"yoast_head":"<!-- This site is optimized with the Yoast SEO plugin v16.3 - https:\/\/yoast.com\/wordpress\/plugins\/seo\/ -->\n<title>Para que jamais se esque\u00e7a: Inc\u00eandio criminoso na sede da UNE, no Rio de Janeiro, perpetrado pelos militares e for\u00e7as reacion\u00e1rias no dia 1\u00ba de abril de 1916. - TRIBUNA DA PRAIA<\/title>\n<meta name=\"robots\" content=\"index, follow, max-snippet:-1, max-image-preview:large, max-video-preview:-1\" \/>\n<link rel=\"canonical\" href=\"https:\/\/tribunadapraia.com.br\/?p=2408\" \/>\n<meta property=\"og:locale\" content=\"pt_BR\" \/>\n<meta property=\"og:type\" content=\"article\" \/>\n<meta property=\"og:title\" content=\"Para que jamais se esque\u00e7a: Inc\u00eandio criminoso na sede da UNE, no Rio de Janeiro, perpetrado pelos militares e for\u00e7as reacion\u00e1rias no dia 1\u00ba de abril de 1916. - TRIBUNA DA PRAIA\" \/>\n<meta property=\"og:description\" content=\"H\u00e1 57 anos, uma coluna militar sa\u00eda de Minas Gerais em dire\u00e7\u00e3o ao Rio de Janeiro para tirar do poder o ent\u00e3o presidente Jo\u00e3o Goulart. Saber\u00edamos depois que, ao mesmo tempo, um contingente militar norte-americano entrincheirava-se na costa brasileira para garantir que a aventura golpista fosse at\u00e9 o fim. O conjunto de acontecimentos que antecederam o golpe militar e os que o sucederam fizeram desse momento um divisor de \u00e1guas\" \/>\n<meta property=\"og:url\" content=\"https:\/\/tribunadapraia.com.br\/?p=2408\" \/>\n<meta property=\"og:site_name\" content=\"TRIBUNA DA PRAIA\" \/>\n<meta property=\"article:publisher\" content=\"https:\/\/www.facebook.com\/tribunadapraiaonline\/\" \/>\n<meta property=\"article:published_time\" content=\"2021-04-02T17:12:32+00:00\" \/>\n<meta property=\"og:image\" content=\"https:\/\/tribunadapraia.com.br\/wp-content\/uploads\/2021\/04\/IMG-20210402-WA0020.jpg\" \/>\n\t<meta property=\"og:image:width\" content=\"1024\" \/>\n\t<meta property=\"og:image:height\" content=\"829\" \/>\n<meta name=\"twitter:card\" content=\"summary_large_image\" \/>\n<meta name=\"twitter:creator\" content=\"@Claudomir21\" \/>\n<meta name=\"twitter:site\" content=\"@Claudomir21\" \/>\n<meta name=\"twitter:label1\" content=\"Est. tempo de leitura\">\n\t<meta name=\"twitter:data1\" content=\"4 minutos\">\n<script type=\"application\/ld+json\" class=\"yoast-schema-graph\">{\"@context\":\"https:\/\/schema.org\",\"@graph\":[{\"@type\":\"Organization\",\"@id\":\"https:\/\/tribunadapraia.com.br\/#organization\",\"name\":\"Tribuna da Praia\",\"url\":\"https:\/\/tribunadapraia.com.br\/\",\"sameAs\":[\"https:\/\/www.facebook.com\/tribunadapraiaonline\/\",\"https:\/\/www.instagram.com\/claudomirtavares\/\",\"https:\/\/www.youtube.com\/channel\/UCwQf80nxiMzCefAyjbp53Rw\",\"https:\/\/twitter.com\/Claudomir21\"],\"logo\":{\"@type\":\"ImageObject\",\"@id\":\"https:\/\/tribunadapraia.com.br\/#logo\",\"inLanguage\":\"pt-BR\",\"url\":\"https:\/\/tribunadapraia.com.br\/wp-content\/uploads\/2020\/02\/logo.png\",\"contentUrl\":\"https:\/\/tribunadapraia.com.br\/wp-content\/uploads\/2020\/02\/logo.png\",\"width\":501,\"height\":121,\"caption\":\"Tribuna da Praia\"},\"image\":{\"@id\":\"https:\/\/tribunadapraia.com.br\/#logo\"}},{\"@type\":\"WebSite\",\"@id\":\"https:\/\/tribunadapraia.com.br\/#website\",\"url\":\"https:\/\/tribunadapraia.com.br\/\",\"name\":\"TRIBUNA DA PRAIA\",\"description\":\"O 1\\u00ba jornal do interior de Sergipe na internet\",\"publisher\":{\"@id\":\"https:\/\/tribunadapraia.com.br\/#organization\"},\"potentialAction\":[{\"@type\":\"SearchAction\",\"target\":\"https:\/\/tribunadapraia.com.br\/?s={search_term_string}\",\"query-input\":\"required name=search_term_string\"}],\"inLanguage\":\"pt-BR\"},{\"@type\":\"ImageObject\",\"@id\":\"https:\/\/tribunadapraia.com.br\/?p=2408#primaryimage\",\"inLanguage\":\"pt-BR\",\"url\":\"https:\/\/tribunadapraia.com.br\/wp-content\/uploads\/2021\/04\/IMG-20210402-WA0020.jpg\",\"contentUrl\":\"https:\/\/tribunadapraia.com.br\/wp-content\/uploads\/2021\/04\/IMG-20210402-WA0020.jpg\",\"width\":1024,\"height\":829},{\"@type\":\"WebPage\",\"@id\":\"https:\/\/tribunadapraia.com.br\/?p=2408#webpage\",\"url\":\"https:\/\/tribunadapraia.com.br\/?p=2408\",\"name\":\"Para que jamais se esque\\u00e7a: Inc\\u00eandio criminoso na sede da UNE, no Rio de Janeiro, perpetrado pelos militares e for\\u00e7as reacion\\u00e1rias no dia 1\\u00ba de abril de 1916. - TRIBUNA DA PRAIA\",\"isPartOf\":{\"@id\":\"https:\/\/tribunadapraia.com.br\/#website\"},\"primaryImageOfPage\":{\"@id\":\"https:\/\/tribunadapraia.com.br\/?p=2408#primaryimage\"},\"datePublished\":\"2021-04-02T17:12:32+00:00\",\"dateModified\":\"2021-04-02T17:12:32+00:00\",\"breadcrumb\":{\"@id\":\"https:\/\/tribunadapraia.com.br\/?p=2408#breadcrumb\"},\"inLanguage\":\"pt-BR\",\"potentialAction\":[{\"@type\":\"ReadAction\",\"target\":[\"https:\/\/tribunadapraia.com.br\/?p=2408\"]}]},{\"@type\":\"BreadcrumbList\",\"@id\":\"https:\/\/tribunadapraia.com.br\/?p=2408#breadcrumb\",\"itemListElement\":[{\"@type\":\"ListItem\",\"position\":1,\"item\":{\"@type\":\"WebPage\",\"@id\":\"https:\/\/tribunadapraia.com.br\/\",\"url\":\"https:\/\/tribunadapraia.com.br\/\",\"name\":\"In\\u00edcio\"}},{\"@type\":\"ListItem\",\"position\":2,\"item\":{\"@id\":\"https:\/\/tribunadapraia.com.br\/?p=2408#webpage\"}}]},{\"@type\":\"Article\",\"@id\":\"https:\/\/tribunadapraia.com.br\/?p=2408#article\",\"isPartOf\":{\"@id\":\"https:\/\/tribunadapraia.com.br\/?p=2408#webpage\"},\"author\":{\"@id\":\"https:\/\/tribunadapraia.com.br\/#\/schema\/person\/099fbbf59acc5895c0d7d52b4fc46c97\"},\"headline\":\"Para que jamais se esque\\u00e7a: Inc\\u00eandio criminoso na sede da UNE, no Rio de Janeiro, perpetrado pelos militares e for\\u00e7as reacion\\u00e1rias no dia 1\\u00ba de abril de 1916.\",\"datePublished\":\"2021-04-02T17:12:32+00:00\",\"dateModified\":\"2021-04-02T17:12:32+00:00\",\"mainEntityOfPage\":{\"@id\":\"https:\/\/tribunadapraia.com.br\/?p=2408#webpage\"},\"wordCount\":803,\"commentCount\":0,\"publisher\":{\"@id\":\"https:\/\/tribunadapraia.com.br\/#organization\"},\"image\":{\"@id\":\"https:\/\/tribunadapraia.com.br\/?p=2408#primaryimage\"},\"thumbnailUrl\":\"https:\/\/tribunadapraia.com.br\/wp-content\/uploads\/2021\/04\/IMG-20210402-WA0020.jpg\",\"articleSection\":[\"Not\\u00edcias\"],\"inLanguage\":\"pt-BR\",\"potentialAction\":[{\"@type\":\"CommentAction\",\"name\":\"Comment\",\"target\":[\"https:\/\/tribunadapraia.com.br\/?p=2408#respond\"]}]},{\"@type\":\"Person\",\"@id\":\"https:\/\/tribunadapraia.com.br\/#\/schema\/person\/099fbbf59acc5895c0d7d52b4fc46c97\",\"name\":\"Reda\\u00e7\\u00e3o\",\"image\":{\"@type\":\"ImageObject\",\"@id\":\"https:\/\/tribunadapraia.com.br\/#personlogo\",\"inLanguage\":\"pt-BR\",\"url\":\"https:\/\/secure.gravatar.com\/avatar\/91c8b91d2bfd7784eac5c3e055361f64?s=96&d=identicon&r=g\",\"contentUrl\":\"https:\/\/secure.gravatar.com\/avatar\/91c8b91d2bfd7784eac5c3e055361f64?s=96&d=identicon&r=g\",\"caption\":\"Reda\\u00e7\\u00e3o\"}}]}<\/script>\n<!-- \/ Yoast SEO plugin. -->","wps_subtitle":"","_links":{"self":[{"href":"https:\/\/tribunadapraia.com.br\/index.php?rest_route=\/wp\/v2\/posts\/2408"}],"collection":[{"href":"https:\/\/tribunadapraia.com.br\/index.php?rest_route=\/wp\/v2\/posts"}],"about":[{"href":"https:\/\/tribunadapraia.com.br\/index.php?rest_route=\/wp\/v2\/types\/post"}],"author":[{"embeddable":true,"href":"https:\/\/tribunadapraia.com.br\/index.php?rest_route=\/wp\/v2\/users\/3"}],"replies":[{"embeddable":true,"href":"https:\/\/tribunadapraia.com.br\/index.php?rest_route=%2Fwp%2Fv2%2Fcomments&post=2408"}],"version-history":[{"count":1,"href":"https:\/\/tribunadapraia.com.br\/index.php?rest_route=\/wp\/v2\/posts\/2408\/revisions"}],"predecessor-version":[{"id":2410,"href":"https:\/\/tribunadapraia.com.br\/index.php?rest_route=\/wp\/v2\/posts\/2408\/revisions\/2410"}],"wp:featuredmedia":[{"embeddable":true,"href":"https:\/\/tribunadapraia.com.br\/index.php?rest_route=\/wp\/v2\/media\/2409"}],"wp:attachment":[{"href":"https:\/\/tribunadapraia.com.br\/index.php?rest_route=%2Fwp%2Fv2%2Fmedia&parent=2408"}],"wp:term":[{"taxonomy":"category","embeddable":true,"href":"https:\/\/tribunadapraia.com.br\/index.php?rest_route=%2Fwp%2Fv2%2Fcategories&post=2408"},{"taxonomy":"post_tag","embeddable":true,"href":"https:\/\/tribunadapraia.com.br\/index.php?rest_route=%2Fwp%2Fv2%2Ftags&post=2408"}],"curies":[{"name":"wp","href":"https:\/\/api.w.org\/{rel}","templated":true}]}}