{"id":2405,"date":"2021-04-01T20:25:16","date_gmt":"2021-04-01T23:25:16","guid":{"rendered":"https:\/\/tribunadapraia.com.br\/?p=2405"},"modified":"2021-04-01T20:25:16","modified_gmt":"2021-04-01T23:25:16","slug":"sos-lagoa-das-pedrinhas-maior-patrimonio-natural-urbano-de-propria-condenado-ao-desaparecimento","status":"publish","type":"post","link":"https:\/\/tribunadapraia.com.br\/?p=2405","title":{"rendered":"SOS LAGOA DAS PEDRINHAS: Maior patrim\u00f4nio natural urbano de Propri\u00e1 condenado ao desaparecimento"},"content":{"rendered":"<p>Maior patrim\u00f4nio natural de Propri\u00e1, encrustada em pleno s\u00edtio urbano da cidade, a Lagoa das Pedrinhas (Lagoa de Zeca) est\u00e1 j\u00e1 h\u00e1 algum tempo amea\u00e7ada e literalmente condenada a desaparecer. Nela s\u00e3o despejados ininterruptamente os efluentes (e tamb\u00e9m res\u00edduos s\u00f3lidos) de 6 bairros que a circundam, a voraz especula\u00e7\u00e3o imobili\u00e1ria avan\u00e7a sobre a \u00e1rea de encharco e agora em dire\u00e7\u00e3o \u00e0s suas margens, al\u00e9m de d\u00e9cadas em que fora relegada a inexist\u00eancia de pol\u00edticas ambientais, com a coniv\u00eancia proposital do poder p\u00fablico, em uma cidade cujos \u00fanicos verde e azul valorizados t\u00eam fornato retangular.<\/p>\n<p>Com informa\u00e7\u00f5es da R\u00e1dio Atalainha<\/p>\n","protected":false},"excerpt":{"rendered":"<p>Maior patrim\u00f4nio natural de Propri\u00e1, encrustada em pleno s\u00edtio urbano da cidade, a Lagoa das Pedrinhas (Lagoa de Zeca) est\u00e1 j\u00e1 h\u00e1 algum tempo amea\u00e7ada e literalmente condenada a desaparecer. Nela s\u00e3o despejados ininterruptamente os efluentes (e tamb\u00e9m res\u00edduos s\u00f3lidos) de 6 bairros que a circundam, a voraz especula\u00e7\u00e3o imobili\u00e1ria avan\u00e7a sobre a \u00e1rea de encharco e agora em dire\u00e7\u00e3o \u00e0s suas margens, al\u00e9m de d\u00e9cadas em que fora relegada<\/p>\n","protected":false},"author":3,"featured_media":2406,"comment_status":"open","ping_status":"open","sticky":false,"template":"","format":"standard","meta":[],"categories":[18],"tags":[],"yoast_head":"<!-- This site is optimized with the Yoast SEO plugin v16.3 - https:\/\/yoast.com\/wordpress\/plugins\/seo\/ -->\n<title>SOS LAGOA DAS PEDRINHAS: Maior patrim\u00f4nio natural urbano de Propri\u00e1 condenado ao desaparecimento - TRIBUNA DA PRAIA<\/title>\n<meta name=\"robots\" content=\"index, follow, max-snippet:-1, max-image-preview:large, max-video-preview:-1\" \/>\n<link rel=\"canonical\" href=\"https:\/\/tribunadapraia.com.br\/?p=2405\" \/>\n<meta property=\"og:locale\" content=\"pt_BR\" \/>\n<meta property=\"og:type\" content=\"article\" \/>\n<meta property=\"og:title\" content=\"SOS LAGOA DAS PEDRINHAS: Maior patrim\u00f4nio natural urbano de Propri\u00e1 condenado ao desaparecimento - TRIBUNA DA PRAIA\" \/>\n<meta property=\"og:description\" content=\"Maior patrim\u00f4nio natural de Propri\u00e1, encrustada em pleno s\u00edtio urbano da cidade, a Lagoa das Pedrinhas (Lagoa de Zeca) est\u00e1 j\u00e1 h\u00e1 algum tempo amea\u00e7ada e literalmente condenada a desaparecer. Nela s\u00e3o despejados ininterruptamente os efluentes (e tamb\u00e9m res\u00edduos s\u00f3lidos) de 6 bairros que a circundam, a voraz especula\u00e7\u00e3o imobili\u00e1ria avan\u00e7a sobre a \u00e1rea de encharco e agora em dire\u00e7\u00e3o \u00e0s suas margens, al\u00e9m de d\u00e9cadas em que fora relegada\" \/>\n<meta property=\"og:url\" content=\"https:\/\/tribunadapraia.com.br\/?p=2405\" \/>\n<meta property=\"og:site_name\" content=\"TRIBUNA DA PRAIA\" \/>\n<meta property=\"article:publisher\" content=\"https:\/\/www.facebook.com\/tribunadapraiaonline\/\" \/>\n<meta property=\"article:published_time\" content=\"2021-04-01T23:25:16+00:00\" \/>\n<meta property=\"og:image\" content=\"https:\/\/tribunadapraia.com.br\/wp-content\/uploads\/2021\/04\/IMG-20210401-WA0088.jpg\" \/>\n\t<meta property=\"og:image:width\" content=\"550\" \/>\n\t<meta property=\"og:image:height\" content=\"733\" \/>\n<meta name=\"twitter:card\" content=\"summary_large_image\" \/>\n<meta name=\"twitter:creator\" content=\"@Claudomir21\" \/>\n<meta name=\"twitter:site\" content=\"@Claudomir21\" \/>\n<meta name=\"twitter:label1\" content=\"Est. tempo de leitura\">\n\t<meta name=\"twitter:data1\" content=\"1 minuto\">\n<script type=\"application\/ld+json\" class=\"yoast-schema-graph\">{\"@context\":\"https:\/\/schema.org\",\"@graph\":[{\"@type\":\"Organization\",\"@id\":\"https:\/\/tribunadapraia.com.br\/#organization\",\"name\":\"Tribuna da Praia\",\"url\":\"https:\/\/tribunadapraia.com.br\/\",\"sameAs\":[\"https:\/\/www.facebook.com\/tribunadapraiaonline\/\",\"https:\/\/www.instagram.com\/claudomirtavares\/\",\"https:\/\/www.youtube.com\/channel\/UCwQf80nxiMzCefAyjbp53Rw\",\"https:\/\/twitter.com\/Claudomir21\"],\"logo\":{\"@type\":\"ImageObject\",\"@id\":\"https:\/\/tribunadapraia.com.br\/#logo\",\"inLanguage\":\"pt-BR\",\"url\":\"https:\/\/tribunadapraia.com.br\/wp-content\/uploads\/2020\/02\/logo.png\",\"contentUrl\":\"https:\/\/tribunadapraia.com.br\/wp-content\/uploads\/2020\/02\/logo.png\",\"width\":501,\"height\":121,\"caption\":\"Tribuna da Praia\"},\"image\":{\"@id\":\"https:\/\/tribunadapraia.com.br\/#logo\"}},{\"@type\":\"WebSite\",\"@id\":\"https:\/\/tribunadapraia.com.br\/#website\",\"url\":\"https:\/\/tribunadapraia.com.br\/\",\"name\":\"TRIBUNA DA PRAIA\",\"description\":\"O 1\\u00ba jornal do interior de Sergipe na internet\",\"publisher\":{\"@id\":\"https:\/\/tribunadapraia.com.br\/#organization\"},\"potentialAction\":[{\"@type\":\"SearchAction\",\"target\":\"https:\/\/tribunadapraia.com.br\/?s={search_term_string}\",\"query-input\":\"required name=search_term_string\"}],\"inLanguage\":\"pt-BR\"},{\"@type\":\"ImageObject\",\"@id\":\"https:\/\/tribunadapraia.com.br\/?p=2405#primaryimage\",\"inLanguage\":\"pt-BR\",\"url\":\"https:\/\/tribunadapraia.com.br\/wp-content\/uploads\/2021\/04\/IMG-20210401-WA0088.jpg\",\"contentUrl\":\"https:\/\/tribunadapraia.com.br\/wp-content\/uploads\/2021\/04\/IMG-20210401-WA0088.jpg\",\"width\":550,\"height\":733},{\"@type\":\"WebPage\",\"@id\":\"https:\/\/tribunadapraia.com.br\/?p=2405#webpage\",\"url\":\"https:\/\/tribunadapraia.com.br\/?p=2405\",\"name\":\"SOS LAGOA DAS PEDRINHAS: Maior patrim\\u00f4nio natural urbano de Propri\\u00e1 condenado ao desaparecimento - TRIBUNA DA PRAIA\",\"isPartOf\":{\"@id\":\"https:\/\/tribunadapraia.com.br\/#website\"},\"primaryImageOfPage\":{\"@id\":\"https:\/\/tribunadapraia.com.br\/?p=2405#primaryimage\"},\"datePublished\":\"2021-04-01T23:25:16+00:00\",\"dateModified\":\"2021-04-01T23:25:16+00:00\",\"breadcrumb\":{\"@id\":\"https:\/\/tribunadapraia.com.br\/?p=2405#breadcrumb\"},\"inLanguage\":\"pt-BR\",\"potentialAction\":[{\"@type\":\"ReadAction\",\"target\":[\"https:\/\/tribunadapraia.com.br\/?p=2405\"]}]},{\"@type\":\"BreadcrumbList\",\"@id\":\"https:\/\/tribunadapraia.com.br\/?p=2405#breadcrumb\",\"itemListElement\":[{\"@type\":\"ListItem\",\"position\":1,\"item\":{\"@type\":\"WebPage\",\"@id\":\"https:\/\/tribunadapraia.com.br\/\",\"url\":\"https:\/\/tribunadapraia.com.br\/\",\"name\":\"In\\u00edcio\"}},{\"@type\":\"ListItem\",\"position\":2,\"item\":{\"@id\":\"https:\/\/tribunadapraia.com.br\/?p=2405#webpage\"}}]},{\"@type\":\"Article\",\"@id\":\"https:\/\/tribunadapraia.com.br\/?p=2405#article\",\"isPartOf\":{\"@id\":\"https:\/\/tribunadapraia.com.br\/?p=2405#webpage\"},\"author\":{\"@id\":\"https:\/\/tribunadapraia.com.br\/#\/schema\/person\/099fbbf59acc5895c0d7d52b4fc46c97\"},\"headline\":\"SOS LAGOA DAS PEDRINHAS: Maior patrim\\u00f4nio natural urbano de Propri\\u00e1 condenado ao desaparecimento\",\"datePublished\":\"2021-04-01T23:25:16+00:00\",\"dateModified\":\"2021-04-01T23:25:16+00:00\",\"mainEntityOfPage\":{\"@id\":\"https:\/\/tribunadapraia.com.br\/?p=2405#webpage\"},\"wordCount\":132,\"commentCount\":0,\"publisher\":{\"@id\":\"https:\/\/tribunadapraia.com.br\/#organization\"},\"image\":{\"@id\":\"https:\/\/tribunadapraia.com.br\/?p=2405#primaryimage\"},\"thumbnailUrl\":\"https:\/\/tribunadapraia.com.br\/wp-content\/uploads\/2021\/04\/IMG-20210401-WA0088.jpg\",\"articleSection\":[\"Not\\u00edcias\"],\"inLanguage\":\"pt-BR\",\"potentialAction\":[{\"@type\":\"CommentAction\",\"name\":\"Comment\",\"target\":[\"https:\/\/tribunadapraia.com.br\/?p=2405#respond\"]}]},{\"@type\":\"Person\",\"@id\":\"https:\/\/tribunadapraia.com.br\/#\/schema\/person\/099fbbf59acc5895c0d7d52b4fc46c97\",\"name\":\"Reda\\u00e7\\u00e3o\",\"image\":{\"@type\":\"ImageObject\",\"@id\":\"https:\/\/tribunadapraia.com.br\/#personlogo\",\"inLanguage\":\"pt-BR\",\"url\":\"https:\/\/secure.gravatar.com\/avatar\/91c8b91d2bfd7784eac5c3e055361f64?s=96&d=identicon&r=g\",\"contentUrl\":\"https:\/\/secure.gravatar.com\/avatar\/91c8b91d2bfd7784eac5c3e055361f64?s=96&d=identicon&r=g\",\"caption\":\"Reda\\u00e7\\u00e3o\"}}]}<\/script>\n<!-- \/ Yoast SEO plugin. -->","wps_subtitle":"","_links":{"self":[{"href":"https:\/\/tribunadapraia.com.br\/index.php?rest_route=\/wp\/v2\/posts\/2405"}],"collection":[{"href":"https:\/\/tribunadapraia.com.br\/index.php?rest_route=\/wp\/v2\/posts"}],"about":[{"href":"https:\/\/tribunadapraia.com.br\/index.php?rest_route=\/wp\/v2\/types\/post"}],"author":[{"embeddable":true,"href":"https:\/\/tribunadapraia.com.br\/index.php?rest_route=\/wp\/v2\/users\/3"}],"replies":[{"embeddable":true,"href":"https:\/\/tribunadapraia.com.br\/index.php?rest_route=%2Fwp%2Fv2%2Fcomments&post=2405"}],"version-history":[{"count":1,"href":"https:\/\/tribunadapraia.com.br\/index.php?rest_route=\/wp\/v2\/posts\/2405\/revisions"}],"predecessor-version":[{"id":2407,"href":"https:\/\/tribunadapraia.com.br\/index.php?rest_route=\/wp\/v2\/posts\/2405\/revisions\/2407"}],"wp:featuredmedia":[{"embeddable":true,"href":"https:\/\/tribunadapraia.com.br\/index.php?rest_route=\/wp\/v2\/media\/2406"}],"wp:attachment":[{"href":"https:\/\/tribunadapraia.com.br\/index.php?rest_route=%2Fwp%2Fv2%2Fmedia&parent=2405"}],"wp:term":[{"taxonomy":"category","embeddable":true,"href":"https:\/\/tribunadapraia.com.br\/index.php?rest_route=%2Fwp%2Fv2%2Fcategories&post=2405"},{"taxonomy":"post_tag","embeddable":true,"href":"https:\/\/tribunadapraia.com.br\/index.php?rest_route=%2Fwp%2Fv2%2Ftags&post=2405"}],"curies":[{"name":"wp","href":"https:\/\/api.w.org\/{rel}","templated":true}]}}