{"id":2401,"date":"2021-03-31T09:46:10","date_gmt":"2021-03-31T12:46:10","guid":{"rendered":"https:\/\/tribunadapraia.com.br\/?p=2401"},"modified":"2021-03-31T09:46:59","modified_gmt":"2021-03-31T12:46:59","slug":"ditadura-e-golpismo-nunca-mais","status":"publish","type":"post","link":"https:\/\/tribunadapraia.com.br\/?p=2401","title":{"rendered":"Ditadura e golpismo nunca mais!"},"content":{"rendered":"<p>Diante de uma descomunal crise sanit\u00e1ria que j\u00e1 ceifou mais de 300 mil vidas no Brasil, que colocou em colapso o sistema de Sa\u00fade, agravando para a classe trabalhadora os efeitos perversos da profunda crise econ\u00f4mica que, al\u00e9m das altas taxas de desemprego, trouxe \u00e0 tona o flagelo da carestia, da mis\u00e9ria e da fome, o governo genocida de Jair Bolsonaro, mais uma vez, alardeia sua inten\u00e7\u00e3o golpista com a comemora\u00e7\u00e3o do anivers\u00e1rio do golpe empresarial-militar de 1964, que imp\u00f4s uma ditadura sangrenta de 21 anos no pa\u00eds.<\/p>\n<p>Em clara queda nos \u00edndices de aprova\u00e7\u00e3o, perdendo apoio de diversos setores da sociedade, Bolsonaro mant\u00e9m a mesma postura arrivista em rela\u00e7\u00e3o \u00e0s conquistas democr\u00e1ticas e ao flerte com o golpismo, visando manter sua base ideol\u00f3gica reacion\u00e1ria. Ao mesmo tempo, busca desviar a aten\u00e7\u00e3o da popula\u00e7\u00e3o para a gravidade das consequ\u00eancias de uma gest\u00e3o deliberadamente irrespons\u00e1vel e assassina, que fez do negacionismo, das fake news e de amea\u00e7as golpistas a \u00fanica estrat\u00e9gia de governo para lidar com o agravamento da crise.<\/p>\n<p>A recente autoriza\u00e7\u00e3o do Tribunal Regional Federal da 5\u00ba Regi\u00e3o para que o Governo Federal possa \u201ccomemorar\u201d o Golpe de 1964 \u00e9 n\u00e3o s\u00f3 um acinte \u00e0 luta hist\u00f3rica de todos aqueles e aquelas que combateram a ditadura, mas um desrespeito \u00e0s v\u00edtimas e familiares atingidos pelas barbaridades promovidas pelos agentes policiais. Al\u00e9m disso, trata-se de uma evidente provoca\u00e7\u00e3o e est\u00edmulo a manifesta\u00e7\u00f5es golpistas e protofascistas, no contexto atual de instabilidade pol\u00edtica vivida pelo governo.<\/p>\n<p>O PCB, neste momento delicado e preocupante da conjuntura pol\u00edtica, vem mais uma vez denunciar as manobras golpistas do governo genocida de Jair Bolsonaro, uma administra\u00e7\u00e3o que demonstra total desprezo pelas liberdades democr\u00e1ticas e insufla o \u00f3dio, promove a distor\u00e7\u00e3o hist\u00f3rica e flerta com os segmentos mais reacion\u00e1rios, que desejam o recrudescimento da viol\u00eancia do Estado contra a classe trabalhadora e a juventude, em sua a\u00e7\u00e3o sistem\u00e1tica em prol da destrui\u00e7\u00e3o de direitos sociais e pol\u00edticos, a servi\u00e7o dos interesses capitalistas e de um projeto autorit\u00e1rio de poder.<\/p>\n<p>\u00c9 preciso estar atento e mobilizar o conjunto dos setores democr\u00e1ticos e populares contra as tentativas golpistas em curso, como o projeto para conceder super poderes ao presidente durante a pandemia; a criminaliza\u00e7\u00e3o dos partidos de esquerda, dos lutadores e das lutadoras sociais, por meio da amplia\u00e7\u00e3o da defini\u00e7\u00e3o de \u201cterrorismo\u201d; o controle sobre as pol\u00edcias civil e militar, para que ajam como mil\u00edcias a mando do presidente. Estes e outros gestos golpistas devem ser repudiados com veem\u00eancia e derrotados pela a\u00e7\u00e3o organizada da luta social.<\/p>\n<p>De igual forma, n\u00e3o devemos subestimar as poss\u00edveis manifesta\u00e7\u00f5es reacion\u00e1rias que, a pretexto da comemora\u00e7\u00e3o do golpe empresarial-militar de 1964, poder\u00e3o ocorrer no Brasil. Devemos sim relembrar e denunciar os crimes cometidos pela ditadura e seus agentes civis e militares, o retrocesso social que a interven\u00e7\u00e3o militar proporcionou \u00e0 hist\u00f3ria brasileira e as sequelas que ainda est\u00e3o presentes na estrutura social e pol\u00edtica desse pa\u00eds, como parte integrante do mecanismo de explora\u00e7\u00e3o e subjuga\u00e7\u00e3o da classe trabalhadora at\u00e9 nossos dias.<\/p>\n<p>Por isso convocamos a milit\u00e2ncia partid\u00e1ria e dos nossos coletivos a participar, com todos os cuidados necess\u00e1rios neste momento de pandemia, dos atos p\u00fablicos organizados pelas for\u00e7as populares e de esquerda em todo o pa\u00eds, em defesa das liberdades democr\u00e1ticas, dos direitos da classe trabalhadora e de rep\u00fadio a qualquer intento golpista.<\/p>\n<p>Em mem\u00f3ria de todas e todos que lutaram contra as arbitrariedades, a tortura, a censura, o ex\u00edlio for\u00e7ado, os sequestros e assassinatos promovidos pelo regime militar e sua camarilha; em mem\u00f3ria de todos os camaradas ca\u00eddos na luta contra a ditadura, dizemos: \u201cDitadura e Golpismo Nunca Mais\u201d!<\/p>\n<p>PELAS LIBERDADES DEMOCR\u00c1TICAS!<br \/>\nEM DEFESA DOS DIREITOS DA CLASSE TRABALHADORA!<br \/>\nPELO DIREITO \u00c0 VERDADE, MEM\u00d3RIA E JUSTI\u00c7A!<br \/>\nFORA BOLSONARO E MOUR\u00c3O!<br \/>\nPELO PODER POPULAR NO RUMO DO SOCIALISMO!<\/p>\n<p>Comiss\u00e3o Pol\u00edtica Nacional do PCB \u2013 Partido Comunista Brasileiro<\/p>\n","protected":false},"excerpt":{"rendered":"<p>Diante de uma descomunal crise sanit\u00e1ria que j\u00e1 ceifou mais de 300 mil vidas no Brasil, que colocou em colapso o sistema de Sa\u00fade, agravando para a classe trabalhadora os efeitos perversos da profunda crise econ\u00f4mica que, al\u00e9m das altas taxas de desemprego, trouxe \u00e0 tona o flagelo da carestia, da mis\u00e9ria e da fome, o governo genocida de Jair Bolsonaro, mais uma vez, alardeia sua inten\u00e7\u00e3o golpista com a<\/p>\n","protected":false},"author":1,"featured_media":2402,"comment_status":"open","ping_status":"open","sticky":false,"template":"","format":"standard","meta":[],"categories":[18],"tags":[],"yoast_head":"<!-- This site is optimized with the Yoast SEO plugin v16.3 - https:\/\/yoast.com\/wordpress\/plugins\/seo\/ -->\n<title>Ditadura e golpismo nunca mais! - TRIBUNA DA PRAIA<\/title>\n<meta name=\"robots\" content=\"index, follow, max-snippet:-1, max-image-preview:large, max-video-preview:-1\" \/>\n<link rel=\"canonical\" href=\"https:\/\/tribunadapraia.com.br\/?p=2401\" \/>\n<meta property=\"og:locale\" content=\"pt_BR\" \/>\n<meta property=\"og:type\" content=\"article\" \/>\n<meta property=\"og:title\" content=\"Ditadura e golpismo nunca mais! - TRIBUNA DA PRAIA\" \/>\n<meta property=\"og:description\" content=\"Diante de uma descomunal crise sanit\u00e1ria que j\u00e1 ceifou mais de 300 mil vidas no Brasil, que colocou em colapso o sistema de Sa\u00fade, agravando para a classe trabalhadora os efeitos perversos da profunda crise econ\u00f4mica que, al\u00e9m das altas taxas de desemprego, trouxe \u00e0 tona o flagelo da carestia, da mis\u00e9ria e da fome, o governo genocida de Jair Bolsonaro, mais uma vez, alardeia sua inten\u00e7\u00e3o golpista com a\" \/>\n<meta property=\"og:url\" content=\"https:\/\/tribunadapraia.com.br\/?p=2401\" \/>\n<meta property=\"og:site_name\" content=\"TRIBUNA DA PRAIA\" \/>\n<meta property=\"article:publisher\" content=\"https:\/\/www.facebook.com\/tribunadapraiaonline\/\" \/>\n<meta property=\"article:published_time\" content=\"2021-03-31T12:46:10+00:00\" \/>\n<meta property=\"article:modified_time\" content=\"2021-03-31T12:46:59+00:00\" \/>\n<meta property=\"og:image\" content=\"https:\/\/tribunadapraia.com.br\/wp-content\/uploads\/2021\/03\/IMG-20210331-WA0009.jpg\" \/>\n\t<meta property=\"og:image:width\" content=\"940\" \/>\n\t<meta property=\"og:image:height\" content=\"529\" \/>\n<meta name=\"twitter:card\" content=\"summary_large_image\" \/>\n<meta name=\"twitter:creator\" content=\"@Claudomir21\" \/>\n<meta name=\"twitter:site\" content=\"@Claudomir21\" \/>\n<meta name=\"twitter:label1\" content=\"Est. tempo de leitura\">\n\t<meta name=\"twitter:data1\" content=\"3 minutos\">\n<script type=\"application\/ld+json\" class=\"yoast-schema-graph\">{\"@context\":\"https:\/\/schema.org\",\"@graph\":[{\"@type\":\"Organization\",\"@id\":\"https:\/\/tribunadapraia.com.br\/#organization\",\"name\":\"Tribuna da Praia\",\"url\":\"https:\/\/tribunadapraia.com.br\/\",\"sameAs\":[\"https:\/\/www.facebook.com\/tribunadapraiaonline\/\",\"https:\/\/www.instagram.com\/claudomirtavares\/\",\"https:\/\/www.youtube.com\/channel\/UCwQf80nxiMzCefAyjbp53Rw\",\"https:\/\/twitter.com\/Claudomir21\"],\"logo\":{\"@type\":\"ImageObject\",\"@id\":\"https:\/\/tribunadapraia.com.br\/#logo\",\"inLanguage\":\"pt-BR\",\"url\":\"https:\/\/tribunadapraia.com.br\/wp-content\/uploads\/2020\/02\/logo.png\",\"contentUrl\":\"https:\/\/tribunadapraia.com.br\/wp-content\/uploads\/2020\/02\/logo.png\",\"width\":501,\"height\":121,\"caption\":\"Tribuna da Praia\"},\"image\":{\"@id\":\"https:\/\/tribunadapraia.com.br\/#logo\"}},{\"@type\":\"WebSite\",\"@id\":\"https:\/\/tribunadapraia.com.br\/#website\",\"url\":\"https:\/\/tribunadapraia.com.br\/\",\"name\":\"TRIBUNA DA PRAIA\",\"description\":\"O 1\\u00ba jornal do interior de Sergipe na internet\",\"publisher\":{\"@id\":\"https:\/\/tribunadapraia.com.br\/#organization\"},\"potentialAction\":[{\"@type\":\"SearchAction\",\"target\":\"https:\/\/tribunadapraia.com.br\/?s={search_term_string}\",\"query-input\":\"required name=search_term_string\"}],\"inLanguage\":\"pt-BR\"},{\"@type\":\"ImageObject\",\"@id\":\"https:\/\/tribunadapraia.com.br\/?p=2401#primaryimage\",\"inLanguage\":\"pt-BR\",\"url\":\"https:\/\/tribunadapraia.com.br\/wp-content\/uploads\/2021\/03\/IMG-20210331-WA0009.jpg\",\"contentUrl\":\"https:\/\/tribunadapraia.com.br\/wp-content\/uploads\/2021\/03\/IMG-20210331-WA0009.jpg\",\"width\":940,\"height\":529},{\"@type\":\"WebPage\",\"@id\":\"https:\/\/tribunadapraia.com.br\/?p=2401#webpage\",\"url\":\"https:\/\/tribunadapraia.com.br\/?p=2401\",\"name\":\"Ditadura e golpismo nunca mais! - TRIBUNA DA PRAIA\",\"isPartOf\":{\"@id\":\"https:\/\/tribunadapraia.com.br\/#website\"},\"primaryImageOfPage\":{\"@id\":\"https:\/\/tribunadapraia.com.br\/?p=2401#primaryimage\"},\"datePublished\":\"2021-03-31T12:46:10+00:00\",\"dateModified\":\"2021-03-31T12:46:59+00:00\",\"breadcrumb\":{\"@id\":\"https:\/\/tribunadapraia.com.br\/?p=2401#breadcrumb\"},\"inLanguage\":\"pt-BR\",\"potentialAction\":[{\"@type\":\"ReadAction\",\"target\":[\"https:\/\/tribunadapraia.com.br\/?p=2401\"]}]},{\"@type\":\"BreadcrumbList\",\"@id\":\"https:\/\/tribunadapraia.com.br\/?p=2401#breadcrumb\",\"itemListElement\":[{\"@type\":\"ListItem\",\"position\":1,\"item\":{\"@type\":\"WebPage\",\"@id\":\"https:\/\/tribunadapraia.com.br\/\",\"url\":\"https:\/\/tribunadapraia.com.br\/\",\"name\":\"In\\u00edcio\"}},{\"@type\":\"ListItem\",\"position\":2,\"item\":{\"@id\":\"https:\/\/tribunadapraia.com.br\/?p=2401#webpage\"}}]},{\"@type\":\"Article\",\"@id\":\"https:\/\/tribunadapraia.com.br\/?p=2401#article\",\"isPartOf\":{\"@id\":\"https:\/\/tribunadapraia.com.br\/?p=2401#webpage\"},\"author\":{\"@id\":\"https:\/\/tribunadapraia.com.br\/#\/schema\/person\/326b0a9f3163b479142c64eba4928de0\"},\"headline\":\"Ditadura e golpismo nunca mais!\",\"datePublished\":\"2021-03-31T12:46:10+00:00\",\"dateModified\":\"2021-03-31T12:46:59+00:00\",\"mainEntityOfPage\":{\"@id\":\"https:\/\/tribunadapraia.com.br\/?p=2401#webpage\"},\"wordCount\":712,\"commentCount\":0,\"publisher\":{\"@id\":\"https:\/\/tribunadapraia.com.br\/#organization\"},\"image\":{\"@id\":\"https:\/\/tribunadapraia.com.br\/?p=2401#primaryimage\"},\"thumbnailUrl\":\"https:\/\/tribunadapraia.com.br\/wp-content\/uploads\/2021\/03\/IMG-20210331-WA0009.jpg\",\"articleSection\":[\"Not\\u00edcias\"],\"inLanguage\":\"pt-BR\",\"potentialAction\":[{\"@type\":\"CommentAction\",\"name\":\"Comment\",\"target\":[\"https:\/\/tribunadapraia.com.br\/?p=2401#respond\"]}]},{\"@type\":\"Person\",\"@id\":\"https:\/\/tribunadapraia.com.br\/#\/schema\/person\/326b0a9f3163b479142c64eba4928de0\",\"name\":\"tribunadapraia\",\"image\":{\"@type\":\"ImageObject\",\"@id\":\"https:\/\/tribunadapraia.com.br\/#personlogo\",\"inLanguage\":\"pt-BR\",\"url\":\"https:\/\/secure.gravatar.com\/avatar\/38b019c74762496076b7355024a0dad9?s=96&d=identicon&r=g\",\"contentUrl\":\"https:\/\/secure.gravatar.com\/avatar\/38b019c74762496076b7355024a0dad9?s=96&d=identicon&r=g\",\"caption\":\"tribunadapraia\"}}]}<\/script>\n<!-- \/ Yoast SEO plugin. -->","wps_subtitle":"","_links":{"self":[{"href":"https:\/\/tribunadapraia.com.br\/index.php?rest_route=\/wp\/v2\/posts\/2401"}],"collection":[{"href":"https:\/\/tribunadapraia.com.br\/index.php?rest_route=\/wp\/v2\/posts"}],"about":[{"href":"https:\/\/tribunadapraia.com.br\/index.php?rest_route=\/wp\/v2\/types\/post"}],"author":[{"embeddable":true,"href":"https:\/\/tribunadapraia.com.br\/index.php?rest_route=\/wp\/v2\/users\/1"}],"replies":[{"embeddable":true,"href":"https:\/\/tribunadapraia.com.br\/index.php?rest_route=%2Fwp%2Fv2%2Fcomments&post=2401"}],"version-history":[{"count":1,"href":"https:\/\/tribunadapraia.com.br\/index.php?rest_route=\/wp\/v2\/posts\/2401\/revisions"}],"predecessor-version":[{"id":2403,"href":"https:\/\/tribunadapraia.com.br\/index.php?rest_route=\/wp\/v2\/posts\/2401\/revisions\/2403"}],"wp:featuredmedia":[{"embeddable":true,"href":"https:\/\/tribunadapraia.com.br\/index.php?rest_route=\/wp\/v2\/media\/2402"}],"wp:attachment":[{"href":"https:\/\/tribunadapraia.com.br\/index.php?rest_route=%2Fwp%2Fv2%2Fmedia&parent=2401"}],"wp:term":[{"taxonomy":"category","embeddable":true,"href":"https:\/\/tribunadapraia.com.br\/index.php?rest_route=%2Fwp%2Fv2%2Fcategories&post=2401"},{"taxonomy":"post_tag","embeddable":true,"href":"https:\/\/tribunadapraia.com.br\/index.php?rest_route=%2Fwp%2Fv2%2Ftags&post=2401"}],"curies":[{"name":"wp","href":"https:\/\/api.w.org\/{rel}","templated":true}]}}