{"id":2389,"date":"2021-03-29T21:46:56","date_gmt":"2021-03-30T00:46:56","guid":{"rendered":"https:\/\/tribunadapraia.com.br\/?p=2389"},"modified":"2021-03-29T21:47:46","modified_gmt":"2021-03-30T00:47:46","slug":"idesa-brasil-participou-de-forum-de-arte-cultura-e-sustentabilidade-de-sao-cristovao","status":"publish","type":"post","link":"https:\/\/tribunadapraia.com.br\/?p=2389","title":{"rendered":"IDESA-Brasil participou de F\u00f3rum de Arte, Cultura e Sustentabilidade de S\u00e3o Crist\u00f3v\u00e3o"},"content":{"rendered":"<p>F\u00f3rum de Arte, Cultura e Sustentabilidade realiza a\u00e7\u00e3o de educa\u00e7\u00e3o ambiental e coleta de res\u00edduos s\u00f3lidos em \u00e1reas de preserva\u00e7\u00e3o permanente (Banho Morno e Rio das Mo\u00e7as) no munic\u00edpio S\u00e3o Crist\u00f3v\u00e3o\/SE.<\/p>\n<p>Em alus\u00e3o \u00e0 semana da \u00e1gua, entidades ambientalistas somaram for\u00e7as para sensibilizar a popula\u00e7\u00e3o local a cerca do descarte de residuos s\u00f3lidos nos mananciais.<\/p>\n<p>Durante a atividade de educa\u00e7\u00e3o ambiental, foram feitas coletas de res\u00edduos deixados por frequentadores dos locais, plantio de mudas de esp\u00e9cies nativas da Mata Atl\u00e2ntica e tamb\u00e9m foram produzidas placas pelos artes\u00e3os e artistas da localidade e colocadas nas \u00e1reas de preserva\u00e7\u00e3o para sinaliza\u00e7\u00e3o e orienta\u00e7\u00e3o acerca dos mananciais e de como preserv\u00e1-los.<\/p>\n<p>A a\u00e7\u00e3o educativa contou com a participa\u00e7\u00e3o do IDESA-BRASIL na mobiliza\u00e7\u00e3o das entidades que comp\u00f5em o f\u00f3rum. Essa atividade faz parte do plano de a\u00e7\u00e3o do Coletivo Sol como \u00e9 chamado o F\u00f3rum de Arte, Cultura e Sustentabilidade de S\u00e3o Crist\u00f3v\u00e3o\/SE que prev\u00ea as recomenda\u00e7\u00f5es das ODS da ONU. As atividades est\u00e3o sendo realizadas dentro das normas de bioseguran\u00e7a em fun\u00e7\u00e3o da pandemia COVID-19.<\/p>\n<p>Tamb\u00e9m se fizeram presentes as entidades do munic\u00edpio: Educando e Preservando e a Associa\u00e7\u00e3o Filarm\u00f4nica de S\u00e3o Crist\u00f3v\u00e3o.<br \/>\nAl\u00e9m disso, esteve presente o vereador Marcus L\u00e1zaro membro do f\u00f3rum e presidente do CBH RIO SERGIPE.<\/p>\n","protected":false},"excerpt":{"rendered":"<p>F\u00f3rum de Arte, Cultura e Sustentabilidade realiza a\u00e7\u00e3o de educa\u00e7\u00e3o ambiental e coleta de res\u00edduos s\u00f3lidos em \u00e1reas de preserva\u00e7\u00e3o permanente (Banho Morno e Rio das Mo\u00e7as) no munic\u00edpio S\u00e3o Crist\u00f3v\u00e3o\/SE. Em alus\u00e3o \u00e0 semana da \u00e1gua, entidades ambientalistas somaram for\u00e7as para sensibilizar a popula\u00e7\u00e3o local a cerca do descarte de residuos s\u00f3lidos nos mananciais. Durante a atividade de educa\u00e7\u00e3o ambiental, foram feitas coletas de res\u00edduos deixados por frequentadores dos<\/p>\n","protected":false},"author":1,"featured_media":2390,"comment_status":"open","ping_status":"open","sticky":false,"template":"","format":"standard","meta":[],"categories":[18],"tags":[],"yoast_head":"<!-- This site is optimized with the Yoast SEO plugin v16.3 - https:\/\/yoast.com\/wordpress\/plugins\/seo\/ -->\n<title>IDESA-Brasil participou de F\u00f3rum de Arte, Cultura e Sustentabilidade de S\u00e3o Crist\u00f3v\u00e3o - TRIBUNA DA PRAIA<\/title>\n<meta name=\"robots\" content=\"index, follow, max-snippet:-1, max-image-preview:large, max-video-preview:-1\" \/>\n<link rel=\"canonical\" href=\"https:\/\/tribunadapraia.com.br\/?p=2389\" \/>\n<meta property=\"og:locale\" content=\"pt_BR\" \/>\n<meta property=\"og:type\" content=\"article\" \/>\n<meta property=\"og:title\" content=\"IDESA-Brasil participou de F\u00f3rum de Arte, Cultura e Sustentabilidade de S\u00e3o Crist\u00f3v\u00e3o - TRIBUNA DA PRAIA\" \/>\n<meta property=\"og:description\" content=\"F\u00f3rum de Arte, Cultura e Sustentabilidade realiza a\u00e7\u00e3o de educa\u00e7\u00e3o ambiental e coleta de res\u00edduos s\u00f3lidos em \u00e1reas de preserva\u00e7\u00e3o permanente (Banho Morno e Rio das Mo\u00e7as) no munic\u00edpio S\u00e3o Crist\u00f3v\u00e3o\/SE. Em alus\u00e3o \u00e0 semana da \u00e1gua, entidades ambientalistas somaram for\u00e7as para sensibilizar a popula\u00e7\u00e3o local a cerca do descarte de residuos s\u00f3lidos nos mananciais. Durante a atividade de educa\u00e7\u00e3o ambiental, foram feitas coletas de res\u00edduos deixados por frequentadores dos\" \/>\n<meta property=\"og:url\" content=\"https:\/\/tribunadapraia.com.br\/?p=2389\" \/>\n<meta property=\"og:site_name\" content=\"TRIBUNA DA PRAIA\" \/>\n<meta property=\"article:publisher\" content=\"https:\/\/www.facebook.com\/tribunadapraiaonline\/\" \/>\n<meta property=\"article:published_time\" content=\"2021-03-30T00:46:56+00:00\" \/>\n<meta property=\"article:modified_time\" content=\"2021-03-30T00:47:46+00:00\" \/>\n<meta property=\"og:image\" content=\"https:\/\/tribunadapraia.com.br\/wp-content\/uploads\/2021\/03\/IMG-20210329-WA0058.jpg\" \/>\n\t<meta property=\"og:image:width\" content=\"211\" \/>\n\t<meta property=\"og:image:height\" content=\"315\" \/>\n<meta name=\"twitter:card\" content=\"summary_large_image\" \/>\n<meta name=\"twitter:creator\" content=\"@Claudomir21\" \/>\n<meta name=\"twitter:site\" content=\"@Claudomir21\" \/>\n<meta name=\"twitter:label1\" content=\"Est. tempo de leitura\">\n\t<meta name=\"twitter:data1\" content=\"1 minuto\">\n<script type=\"application\/ld+json\" class=\"yoast-schema-graph\">{\"@context\":\"https:\/\/schema.org\",\"@graph\":[{\"@type\":\"Organization\",\"@id\":\"https:\/\/tribunadapraia.com.br\/#organization\",\"name\":\"Tribuna da Praia\",\"url\":\"https:\/\/tribunadapraia.com.br\/\",\"sameAs\":[\"https:\/\/www.facebook.com\/tribunadapraiaonline\/\",\"https:\/\/www.instagram.com\/claudomirtavares\/\",\"https:\/\/www.youtube.com\/channel\/UCwQf80nxiMzCefAyjbp53Rw\",\"https:\/\/twitter.com\/Claudomir21\"],\"logo\":{\"@type\":\"ImageObject\",\"@id\":\"https:\/\/tribunadapraia.com.br\/#logo\",\"inLanguage\":\"pt-BR\",\"url\":\"https:\/\/tribunadapraia.com.br\/wp-content\/uploads\/2020\/02\/logo.png\",\"contentUrl\":\"https:\/\/tribunadapraia.com.br\/wp-content\/uploads\/2020\/02\/logo.png\",\"width\":501,\"height\":121,\"caption\":\"Tribuna da Praia\"},\"image\":{\"@id\":\"https:\/\/tribunadapraia.com.br\/#logo\"}},{\"@type\":\"WebSite\",\"@id\":\"https:\/\/tribunadapraia.com.br\/#website\",\"url\":\"https:\/\/tribunadapraia.com.br\/\",\"name\":\"TRIBUNA DA PRAIA\",\"description\":\"O 1\\u00ba jornal do interior de Sergipe na internet\",\"publisher\":{\"@id\":\"https:\/\/tribunadapraia.com.br\/#organization\"},\"potentialAction\":[{\"@type\":\"SearchAction\",\"target\":\"https:\/\/tribunadapraia.com.br\/?s={search_term_string}\",\"query-input\":\"required name=search_term_string\"}],\"inLanguage\":\"pt-BR\"},{\"@type\":\"ImageObject\",\"@id\":\"https:\/\/tribunadapraia.com.br\/?p=2389#primaryimage\",\"inLanguage\":\"pt-BR\",\"url\":\"https:\/\/tribunadapraia.com.br\/wp-content\/uploads\/2021\/03\/IMG-20210329-WA0058.jpg\",\"contentUrl\":\"https:\/\/tribunadapraia.com.br\/wp-content\/uploads\/2021\/03\/IMG-20210329-WA0058.jpg\",\"width\":211,\"height\":315},{\"@type\":\"WebPage\",\"@id\":\"https:\/\/tribunadapraia.com.br\/?p=2389#webpage\",\"url\":\"https:\/\/tribunadapraia.com.br\/?p=2389\",\"name\":\"IDESA-Brasil participou de F\\u00f3rum de Arte, Cultura e Sustentabilidade de S\\u00e3o Crist\\u00f3v\\u00e3o - TRIBUNA DA PRAIA\",\"isPartOf\":{\"@id\":\"https:\/\/tribunadapraia.com.br\/#website\"},\"primaryImageOfPage\":{\"@id\":\"https:\/\/tribunadapraia.com.br\/?p=2389#primaryimage\"},\"datePublished\":\"2021-03-30T00:46:56+00:00\",\"dateModified\":\"2021-03-30T00:47:46+00:00\",\"breadcrumb\":{\"@id\":\"https:\/\/tribunadapraia.com.br\/?p=2389#breadcrumb\"},\"inLanguage\":\"pt-BR\",\"potentialAction\":[{\"@type\":\"ReadAction\",\"target\":[\"https:\/\/tribunadapraia.com.br\/?p=2389\"]}]},{\"@type\":\"BreadcrumbList\",\"@id\":\"https:\/\/tribunadapraia.com.br\/?p=2389#breadcrumb\",\"itemListElement\":[{\"@type\":\"ListItem\",\"position\":1,\"item\":{\"@type\":\"WebPage\",\"@id\":\"https:\/\/tribunadapraia.com.br\/\",\"url\":\"https:\/\/tribunadapraia.com.br\/\",\"name\":\"In\\u00edcio\"}},{\"@type\":\"ListItem\",\"position\":2,\"item\":{\"@id\":\"https:\/\/tribunadapraia.com.br\/?p=2389#webpage\"}}]},{\"@type\":\"Article\",\"@id\":\"https:\/\/tribunadapraia.com.br\/?p=2389#article\",\"isPartOf\":{\"@id\":\"https:\/\/tribunadapraia.com.br\/?p=2389#webpage\"},\"author\":{\"@id\":\"https:\/\/tribunadapraia.com.br\/#\/schema\/person\/326b0a9f3163b479142c64eba4928de0\"},\"headline\":\"IDESA-Brasil participou de F\\u00f3rum de Arte, Cultura e Sustentabilidade de S\\u00e3o Crist\\u00f3v\\u00e3o\",\"datePublished\":\"2021-03-30T00:46:56+00:00\",\"dateModified\":\"2021-03-30T00:47:46+00:00\",\"mainEntityOfPage\":{\"@id\":\"https:\/\/tribunadapraia.com.br\/?p=2389#webpage\"},\"wordCount\":272,\"commentCount\":0,\"publisher\":{\"@id\":\"https:\/\/tribunadapraia.com.br\/#organization\"},\"image\":{\"@id\":\"https:\/\/tribunadapraia.com.br\/?p=2389#primaryimage\"},\"thumbnailUrl\":\"https:\/\/tribunadapraia.com.br\/wp-content\/uploads\/2021\/03\/IMG-20210329-WA0058.jpg\",\"articleSection\":[\"Not\\u00edcias\"],\"inLanguage\":\"pt-BR\",\"potentialAction\":[{\"@type\":\"CommentAction\",\"name\":\"Comment\",\"target\":[\"https:\/\/tribunadapraia.com.br\/?p=2389#respond\"]}]},{\"@type\":\"Person\",\"@id\":\"https:\/\/tribunadapraia.com.br\/#\/schema\/person\/326b0a9f3163b479142c64eba4928de0\",\"name\":\"tribunadapraia\",\"image\":{\"@type\":\"ImageObject\",\"@id\":\"https:\/\/tribunadapraia.com.br\/#personlogo\",\"inLanguage\":\"pt-BR\",\"url\":\"https:\/\/secure.gravatar.com\/avatar\/38b019c74762496076b7355024a0dad9?s=96&d=identicon&r=g\",\"contentUrl\":\"https:\/\/secure.gravatar.com\/avatar\/38b019c74762496076b7355024a0dad9?s=96&d=identicon&r=g\",\"caption\":\"tribunadapraia\"}}]}<\/script>\n<!-- \/ Yoast SEO plugin. -->","wps_subtitle":"","_links":{"self":[{"href":"https:\/\/tribunadapraia.com.br\/index.php?rest_route=\/wp\/v2\/posts\/2389"}],"collection":[{"href":"https:\/\/tribunadapraia.com.br\/index.php?rest_route=\/wp\/v2\/posts"}],"about":[{"href":"https:\/\/tribunadapraia.com.br\/index.php?rest_route=\/wp\/v2\/types\/post"}],"author":[{"embeddable":true,"href":"https:\/\/tribunadapraia.com.br\/index.php?rest_route=\/wp\/v2\/users\/1"}],"replies":[{"embeddable":true,"href":"https:\/\/tribunadapraia.com.br\/index.php?rest_route=%2Fwp%2Fv2%2Fcomments&post=2389"}],"version-history":[{"count":1,"href":"https:\/\/tribunadapraia.com.br\/index.php?rest_route=\/wp\/v2\/posts\/2389\/revisions"}],"predecessor-version":[{"id":2391,"href":"https:\/\/tribunadapraia.com.br\/index.php?rest_route=\/wp\/v2\/posts\/2389\/revisions\/2391"}],"wp:featuredmedia":[{"embeddable":true,"href":"https:\/\/tribunadapraia.com.br\/index.php?rest_route=\/wp\/v2\/media\/2390"}],"wp:attachment":[{"href":"https:\/\/tribunadapraia.com.br\/index.php?rest_route=%2Fwp%2Fv2%2Fmedia&parent=2389"}],"wp:term":[{"taxonomy":"category","embeddable":true,"href":"https:\/\/tribunadapraia.com.br\/index.php?rest_route=%2Fwp%2Fv2%2Fcategories&post=2389"},{"taxonomy":"post_tag","embeddable":true,"href":"https:\/\/tribunadapraia.com.br\/index.php?rest_route=%2Fwp%2Fv2%2Ftags&post=2389"}],"curies":[{"name":"wp","href":"https:\/\/api.w.org\/{rel}","templated":true}]}}