{"id":2385,"date":"2021-03-29T21:25:32","date_gmt":"2021-03-30T00:25:32","guid":{"rendered":"https:\/\/tribunadapraia.com.br\/?p=2385"},"modified":"2021-03-29T22:42:26","modified_gmt":"2021-03-30T01:42:26","slug":"a-cultura-de-barra-dos-coqueiros-esta-de-luto","status":"publish","type":"post","link":"https:\/\/tribunadapraia.com.br\/?p=2385","title":{"rendered":"A Cultura de Barra dos Coqueiros est\u00e1 de Luto!!!"},"content":{"rendered":"<p>\u00c9 com grande pesar que a Secretaria Municipal de Cultura de Barra dos Coqueiros comunica o falecimento de Iolanda Oliveira dos Santos, Mestra do Samba de Coco e do Carimb\u00f3, ocorrido nesta segunda-feira, 29 de mar\u00e7o de 2021. Mestra Iolanda nasceu no dia 29 de abril de 1935 na cidade de Maruim-SE. Filha de Maria Aurora, desde jovem come\u00e7ou a fazer sua hist\u00f3ria na cultura sergipana, participando dos Batalh\u00f5es de S\u00e3o Jo\u00e3o e dos Reisados. Em Barra dos Coqueiros, participou dos reisados de Dona Cica e Dona Rosalva, como tamb\u00e9m no Grupo Sedutores do Frevo. Mas foi no Samba de Coco que nossa querida mestra fez hist\u00f3ria, fundando o grupo em 22 de agosto de 1983. Ao longo dos \u00faltimos anos, representou nossa cidade em diversos eventos culturais pelo pa\u00eds. Em um desses eventos, na cidade de Bel\u00e9m do Par\u00e1, trouxe a tradi\u00e7\u00e3o paraense para a nossa cidade, fundando o Carimb\u00f3 de Barra dos Coqueiros. Em 2019, recebeu o reconhecimento da Academia Barracoqueirense de Letras e Artes-ABLA, ocupando a cadeira n\u00b0 15, que tem como patrono Luiz Gomes da Costa (Luiz Sanfoneiro, com quem por muitos anos esteve junta nas atividades culturais do munic\u00edpio.<\/p>\n<p>A Cultura de Barra dos Coqueiros est\u00e1 de Luto!!!<\/p>\n<p>por Secom\/PMBC<\/p>\n","protected":false},"excerpt":{"rendered":"<p>\u00c9 com grande pesar que a Secretaria Municipal de Cultura de Barra dos Coqueiros comunica o falecimento de Iolanda Oliveira dos Santos, Mestra do Samba de Coco e do Carimb\u00f3, ocorrido nesta segunda-feira, 29 de mar\u00e7o de 2021. Mestra Iolanda nasceu no dia 29 de abril de 1935 na cidade de Maruim-SE. Filha de Maria Aurora, desde jovem come\u00e7ou a fazer sua hist\u00f3ria na cultura sergipana, participando dos Batalh\u00f5es de<\/p>\n","protected":false},"author":1,"featured_media":2394,"comment_status":"open","ping_status":"open","sticky":false,"template":"","format":"standard","meta":[],"categories":[18],"tags":[],"yoast_head":"<!-- This site is optimized with the Yoast SEO plugin v16.3 - https:\/\/yoast.com\/wordpress\/plugins\/seo\/ -->\n<title>A Cultura de Barra dos Coqueiros est\u00e1 de Luto!!! - TRIBUNA DA PRAIA<\/title>\n<meta name=\"robots\" content=\"index, follow, max-snippet:-1, max-image-preview:large, max-video-preview:-1\" \/>\n<link rel=\"canonical\" href=\"https:\/\/tribunadapraia.com.br\/?p=2385\" \/>\n<meta property=\"og:locale\" content=\"pt_BR\" \/>\n<meta property=\"og:type\" content=\"article\" \/>\n<meta property=\"og:title\" content=\"A Cultura de Barra dos Coqueiros est\u00e1 de Luto!!! - TRIBUNA DA PRAIA\" \/>\n<meta property=\"og:description\" content=\"\u00c9 com grande pesar que a Secretaria Municipal de Cultura de Barra dos Coqueiros comunica o falecimento de Iolanda Oliveira dos Santos, Mestra do Samba de Coco e do Carimb\u00f3, ocorrido nesta segunda-feira, 29 de mar\u00e7o de 2021. Mestra Iolanda nasceu no dia 29 de abril de 1935 na cidade de Maruim-SE. Filha de Maria Aurora, desde jovem come\u00e7ou a fazer sua hist\u00f3ria na cultura sergipana, participando dos Batalh\u00f5es de\" \/>\n<meta property=\"og:url\" content=\"https:\/\/tribunadapraia.com.br\/?p=2385\" \/>\n<meta property=\"og:site_name\" content=\"TRIBUNA DA PRAIA\" \/>\n<meta property=\"article:publisher\" content=\"https:\/\/www.facebook.com\/tribunadapraiaonline\/\" \/>\n<meta property=\"article:published_time\" content=\"2021-03-30T00:25:32+00:00\" \/>\n<meta property=\"article:modified_time\" content=\"2021-03-30T01:42:26+00:00\" \/>\n<meta property=\"og:image\" content=\"https:\/\/tribunadapraia.com.br\/wp-content\/uploads\/2021\/03\/IMG-20210329-WA0073.jpg\" \/>\n\t<meta property=\"og:image:width\" content=\"720\" \/>\n\t<meta property=\"og:image:height\" content=\"835\" \/>\n<meta name=\"twitter:card\" content=\"summary_large_image\" \/>\n<meta name=\"twitter:creator\" content=\"@Claudomir21\" \/>\n<meta name=\"twitter:site\" content=\"@Claudomir21\" \/>\n<meta name=\"twitter:label1\" content=\"Est. tempo de leitura\">\n\t<meta name=\"twitter:data1\" content=\"1 minuto\">\n<script type=\"application\/ld+json\" class=\"yoast-schema-graph\">{\"@context\":\"https:\/\/schema.org\",\"@graph\":[{\"@type\":\"Organization\",\"@id\":\"https:\/\/tribunadapraia.com.br\/#organization\",\"name\":\"Tribuna da Praia\",\"url\":\"https:\/\/tribunadapraia.com.br\/\",\"sameAs\":[\"https:\/\/www.facebook.com\/tribunadapraiaonline\/\",\"https:\/\/www.instagram.com\/claudomirtavares\/\",\"https:\/\/www.youtube.com\/channel\/UCwQf80nxiMzCefAyjbp53Rw\",\"https:\/\/twitter.com\/Claudomir21\"],\"logo\":{\"@type\":\"ImageObject\",\"@id\":\"https:\/\/tribunadapraia.com.br\/#logo\",\"inLanguage\":\"pt-BR\",\"url\":\"https:\/\/tribunadapraia.com.br\/wp-content\/uploads\/2020\/02\/logo.png\",\"contentUrl\":\"https:\/\/tribunadapraia.com.br\/wp-content\/uploads\/2020\/02\/logo.png\",\"width\":501,\"height\":121,\"caption\":\"Tribuna da Praia\"},\"image\":{\"@id\":\"https:\/\/tribunadapraia.com.br\/#logo\"}},{\"@type\":\"WebSite\",\"@id\":\"https:\/\/tribunadapraia.com.br\/#website\",\"url\":\"https:\/\/tribunadapraia.com.br\/\",\"name\":\"TRIBUNA DA PRAIA\",\"description\":\"O 1\\u00ba jornal do interior de Sergipe na internet\",\"publisher\":{\"@id\":\"https:\/\/tribunadapraia.com.br\/#organization\"},\"potentialAction\":[{\"@type\":\"SearchAction\",\"target\":\"https:\/\/tribunadapraia.com.br\/?s={search_term_string}\",\"query-input\":\"required name=search_term_string\"}],\"inLanguage\":\"pt-BR\"},{\"@type\":\"ImageObject\",\"@id\":\"https:\/\/tribunadapraia.com.br\/?p=2385#primaryimage\",\"inLanguage\":\"pt-BR\",\"url\":\"https:\/\/tribunadapraia.com.br\/wp-content\/uploads\/2021\/03\/IMG-20210329-WA0073.jpg\",\"contentUrl\":\"https:\/\/tribunadapraia.com.br\/wp-content\/uploads\/2021\/03\/IMG-20210329-WA0073.jpg\",\"width\":720,\"height\":835},{\"@type\":\"WebPage\",\"@id\":\"https:\/\/tribunadapraia.com.br\/?p=2385#webpage\",\"url\":\"https:\/\/tribunadapraia.com.br\/?p=2385\",\"name\":\"A Cultura de Barra dos Coqueiros est\\u00e1 de Luto!!! - TRIBUNA DA PRAIA\",\"isPartOf\":{\"@id\":\"https:\/\/tribunadapraia.com.br\/#website\"},\"primaryImageOfPage\":{\"@id\":\"https:\/\/tribunadapraia.com.br\/?p=2385#primaryimage\"},\"datePublished\":\"2021-03-30T00:25:32+00:00\",\"dateModified\":\"2021-03-30T01:42:26+00:00\",\"breadcrumb\":{\"@id\":\"https:\/\/tribunadapraia.com.br\/?p=2385#breadcrumb\"},\"inLanguage\":\"pt-BR\",\"potentialAction\":[{\"@type\":\"ReadAction\",\"target\":[\"https:\/\/tribunadapraia.com.br\/?p=2385\"]}]},{\"@type\":\"BreadcrumbList\",\"@id\":\"https:\/\/tribunadapraia.com.br\/?p=2385#breadcrumb\",\"itemListElement\":[{\"@type\":\"ListItem\",\"position\":1,\"item\":{\"@type\":\"WebPage\",\"@id\":\"https:\/\/tribunadapraia.com.br\/\",\"url\":\"https:\/\/tribunadapraia.com.br\/\",\"name\":\"In\\u00edcio\"}},{\"@type\":\"ListItem\",\"position\":2,\"item\":{\"@id\":\"https:\/\/tribunadapraia.com.br\/?p=2385#webpage\"}}]},{\"@type\":\"Article\",\"@id\":\"https:\/\/tribunadapraia.com.br\/?p=2385#article\",\"isPartOf\":{\"@id\":\"https:\/\/tribunadapraia.com.br\/?p=2385#webpage\"},\"author\":{\"@id\":\"https:\/\/tribunadapraia.com.br\/#\/schema\/person\/326b0a9f3163b479142c64eba4928de0\"},\"headline\":\"A Cultura de Barra dos Coqueiros est\\u00e1 de Luto!!!\",\"datePublished\":\"2021-03-30T00:25:32+00:00\",\"dateModified\":\"2021-03-30T01:42:26+00:00\",\"mainEntityOfPage\":{\"@id\":\"https:\/\/tribunadapraia.com.br\/?p=2385#webpage\"},\"wordCount\":218,\"commentCount\":2,\"publisher\":{\"@id\":\"https:\/\/tribunadapraia.com.br\/#organization\"},\"image\":{\"@id\":\"https:\/\/tribunadapraia.com.br\/?p=2385#primaryimage\"},\"thumbnailUrl\":\"https:\/\/tribunadapraia.com.br\/wp-content\/uploads\/2021\/03\/IMG-20210329-WA0073.jpg\",\"articleSection\":[\"Not\\u00edcias\"],\"inLanguage\":\"pt-BR\",\"potentialAction\":[{\"@type\":\"CommentAction\",\"name\":\"Comment\",\"target\":[\"https:\/\/tribunadapraia.com.br\/?p=2385#respond\"]}]},{\"@type\":\"Person\",\"@id\":\"https:\/\/tribunadapraia.com.br\/#\/schema\/person\/326b0a9f3163b479142c64eba4928de0\",\"name\":\"tribunadapraia\",\"image\":{\"@type\":\"ImageObject\",\"@id\":\"https:\/\/tribunadapraia.com.br\/#personlogo\",\"inLanguage\":\"pt-BR\",\"url\":\"https:\/\/secure.gravatar.com\/avatar\/38b019c74762496076b7355024a0dad9?s=96&d=identicon&r=g\",\"contentUrl\":\"https:\/\/secure.gravatar.com\/avatar\/38b019c74762496076b7355024a0dad9?s=96&d=identicon&r=g\",\"caption\":\"tribunadapraia\"}}]}<\/script>\n<!-- \/ Yoast SEO plugin. -->","wps_subtitle":"","_links":{"self":[{"href":"https:\/\/tribunadapraia.com.br\/index.php?rest_route=\/wp\/v2\/posts\/2385"}],"collection":[{"href":"https:\/\/tribunadapraia.com.br\/index.php?rest_route=\/wp\/v2\/posts"}],"about":[{"href":"https:\/\/tribunadapraia.com.br\/index.php?rest_route=\/wp\/v2\/types\/post"}],"author":[{"embeddable":true,"href":"https:\/\/tribunadapraia.com.br\/index.php?rest_route=\/wp\/v2\/users\/1"}],"replies":[{"embeddable":true,"href":"https:\/\/tribunadapraia.com.br\/index.php?rest_route=%2Fwp%2Fv2%2Fcomments&post=2385"}],"version-history":[{"count":4,"href":"https:\/\/tribunadapraia.com.br\/index.php?rest_route=\/wp\/v2\/posts\/2385\/revisions"}],"predecessor-version":[{"id":2395,"href":"https:\/\/tribunadapraia.com.br\/index.php?rest_route=\/wp\/v2\/posts\/2385\/revisions\/2395"}],"wp:featuredmedia":[{"embeddable":true,"href":"https:\/\/tribunadapraia.com.br\/index.php?rest_route=\/wp\/v2\/media\/2394"}],"wp:attachment":[{"href":"https:\/\/tribunadapraia.com.br\/index.php?rest_route=%2Fwp%2Fv2%2Fmedia&parent=2385"}],"wp:term":[{"taxonomy":"category","embeddable":true,"href":"https:\/\/tribunadapraia.com.br\/index.php?rest_route=%2Fwp%2Fv2%2Fcategories&post=2385"},{"taxonomy":"post_tag","embeddable":true,"href":"https:\/\/tribunadapraia.com.br\/index.php?rest_route=%2Fwp%2Fv2%2Ftags&post=2385"}],"curies":[{"name":"wp","href":"https:\/\/api.w.org\/{rel}","templated":true}]}}