{"id":2372,"date":"2021-03-17T15:18:53","date_gmt":"2021-03-17T18:18:53","guid":{"rendered":"https:\/\/tribunadapraia.com.br\/?p=2372"},"modified":"2021-03-17T15:18:53","modified_gmt":"2021-03-17T18:18:53","slug":"economia-ki-barato-e-nutrial-vao-receber-o-10-premio-tribuna-da-praia-2020-2021","status":"publish","type":"post","link":"https:\/\/tribunadapraia.com.br\/?p=2372","title":{"rendered":"Economia: KI-BARATO e NUTRIAL v\u00e3o receber o 10\u00b0 Pr\u00eamio Tribuna da Praia 2020\/2021"},"content":{"rendered":"<p>O Supermercado KI-BARATO (Com\u00e9rcio) e o Frigor\u00edfico NUTRIAL (Industria) foram escolhidos pela equipe RPCA Sergipe e ir\u00e3o receber em 24 de abril o 10\u00b0 Pr\u00eamio Tribuna da Praia (em homenagem ao radialista H\u00e9lio Palito) edi\u00e7\u00e3o 2020\/2021 (Calend\u00e1rio 2020). O an\u00fancio foi feito no final da manh\u00e3 desta tet\u00e7a-feira, 16, no prograna REPORTER ATALAINHA, na r\u00e1dio que toca o seu cora\u00e7\u00e3o.<\/p>\n<p>\u25a0 Anteriores:<\/p>\n<p>1. Educa\u00e7\u00e3o: Ant\u00f4nio Carlos e Concei\u00e7\u00e3o Vieira.<br \/>\n2. Pol\u00edtica: Zizi Andrade.<\/p>\n<p>\u25a0 Pr\u00f3ximo:<\/p>\n<p>4. Cultura.<\/p>\n<p>por ClaudOmir Herzog<\/p>\n","protected":false},"excerpt":{"rendered":"<p>O Supermercado KI-BARATO (Com\u00e9rcio) e o Frigor\u00edfico NUTRIAL (Industria) foram escolhidos pela equipe RPCA Sergipe e ir\u00e3o receber em 24 de abril o 10\u00b0 Pr\u00eamio Tribuna da Praia (em homenagem ao radialista H\u00e9lio Palito) edi\u00e7\u00e3o 2020\/2021 (Calend\u00e1rio 2020). O an\u00fancio foi feito no final da manh\u00e3 desta tet\u00e7a-feira, 16, no prograna REPORTER ATALAINHA, na r\u00e1dio que toca o seu cora\u00e7\u00e3o. \u25a0 Anteriores: 1. Educa\u00e7\u00e3o: Ant\u00f4nio Carlos e Concei\u00e7\u00e3o Vieira. 2.<\/p>\n","protected":false},"author":3,"featured_media":2373,"comment_status":"open","ping_status":"open","sticky":false,"template":"","format":"standard","meta":[],"categories":[18],"tags":[],"yoast_head":"<!-- This site is optimized with the Yoast SEO plugin v16.3 - https:\/\/yoast.com\/wordpress\/plugins\/seo\/ -->\n<title>Economia: KI-BARATO e NUTRIAL v\u00e3o receber o 10\u00b0 Pr\u00eamio Tribuna da Praia 2020\/2021 - TRIBUNA DA PRAIA<\/title>\n<meta name=\"robots\" content=\"index, follow, max-snippet:-1, max-image-preview:large, max-video-preview:-1\" \/>\n<link rel=\"canonical\" href=\"https:\/\/tribunadapraia.com.br\/?p=2372\" \/>\n<meta property=\"og:locale\" content=\"pt_BR\" \/>\n<meta property=\"og:type\" content=\"article\" \/>\n<meta property=\"og:title\" content=\"Economia: KI-BARATO e NUTRIAL v\u00e3o receber o 10\u00b0 Pr\u00eamio Tribuna da Praia 2020\/2021 - TRIBUNA DA PRAIA\" \/>\n<meta property=\"og:description\" content=\"O Supermercado KI-BARATO (Com\u00e9rcio) e o Frigor\u00edfico NUTRIAL (Industria) foram escolhidos pela equipe RPCA Sergipe e ir\u00e3o receber em 24 de abril o 10\u00b0 Pr\u00eamio Tribuna da Praia (em homenagem ao radialista H\u00e9lio Palito) edi\u00e7\u00e3o 2020\/2021 (Calend\u00e1rio 2020). O an\u00fancio foi feito no final da manh\u00e3 desta tet\u00e7a-feira, 16, no prograna REPORTER ATALAINHA, na r\u00e1dio que toca o seu cora\u00e7\u00e3o. \u25a0 Anteriores: 1. Educa\u00e7\u00e3o: Ant\u00f4nio Carlos e Concei\u00e7\u00e3o Vieira. 2.\" \/>\n<meta property=\"og:url\" content=\"https:\/\/tribunadapraia.com.br\/?p=2372\" \/>\n<meta property=\"og:site_name\" content=\"TRIBUNA DA PRAIA\" \/>\n<meta property=\"article:publisher\" content=\"https:\/\/www.facebook.com\/tribunadapraiaonline\/\" \/>\n<meta property=\"article:published_time\" content=\"2021-03-17T18:18:53+00:00\" \/>\n<meta property=\"og:image\" content=\"https:\/\/tribunadapraia.com.br\/wp-content\/uploads\/2021\/03\/IMG-20210317-WA0079.jpg\" \/>\n\t<meta property=\"og:image:width\" content=\"900\" \/>\n\t<meta property=\"og:image:height\" content=\"601\" \/>\n<meta name=\"twitter:card\" content=\"summary_large_image\" \/>\n<meta name=\"twitter:creator\" content=\"@Claudomir21\" \/>\n<meta name=\"twitter:site\" content=\"@Claudomir21\" \/>\n<meta name=\"twitter:label1\" content=\"Est. tempo de leitura\">\n\t<meta name=\"twitter:data1\" content=\"1 minuto\">\n<script type=\"application\/ld+json\" class=\"yoast-schema-graph\">{\"@context\":\"https:\/\/schema.org\",\"@graph\":[{\"@type\":\"Organization\",\"@id\":\"https:\/\/tribunadapraia.com.br\/#organization\",\"name\":\"Tribuna da Praia\",\"url\":\"https:\/\/tribunadapraia.com.br\/\",\"sameAs\":[\"https:\/\/www.facebook.com\/tribunadapraiaonline\/\",\"https:\/\/www.instagram.com\/claudomirtavares\/\",\"https:\/\/www.youtube.com\/channel\/UCwQf80nxiMzCefAyjbp53Rw\",\"https:\/\/twitter.com\/Claudomir21\"],\"logo\":{\"@type\":\"ImageObject\",\"@id\":\"https:\/\/tribunadapraia.com.br\/#logo\",\"inLanguage\":\"pt-BR\",\"url\":\"https:\/\/tribunadapraia.com.br\/wp-content\/uploads\/2020\/02\/logo.png\",\"contentUrl\":\"https:\/\/tribunadapraia.com.br\/wp-content\/uploads\/2020\/02\/logo.png\",\"width\":501,\"height\":121,\"caption\":\"Tribuna da Praia\"},\"image\":{\"@id\":\"https:\/\/tribunadapraia.com.br\/#logo\"}},{\"@type\":\"WebSite\",\"@id\":\"https:\/\/tribunadapraia.com.br\/#website\",\"url\":\"https:\/\/tribunadapraia.com.br\/\",\"name\":\"TRIBUNA DA PRAIA\",\"description\":\"O 1\\u00ba jornal do interior de Sergipe na internet\",\"publisher\":{\"@id\":\"https:\/\/tribunadapraia.com.br\/#organization\"},\"potentialAction\":[{\"@type\":\"SearchAction\",\"target\":\"https:\/\/tribunadapraia.com.br\/?s={search_term_string}\",\"query-input\":\"required name=search_term_string\"}],\"inLanguage\":\"pt-BR\"},{\"@type\":\"ImageObject\",\"@id\":\"https:\/\/tribunadapraia.com.br\/?p=2372#primaryimage\",\"inLanguage\":\"pt-BR\",\"url\":\"https:\/\/tribunadapraia.com.br\/wp-content\/uploads\/2021\/03\/IMG-20210317-WA0079.jpg\",\"contentUrl\":\"https:\/\/tribunadapraia.com.br\/wp-content\/uploads\/2021\/03\/IMG-20210317-WA0079.jpg\",\"width\":900,\"height\":601},{\"@type\":\"WebPage\",\"@id\":\"https:\/\/tribunadapraia.com.br\/?p=2372#webpage\",\"url\":\"https:\/\/tribunadapraia.com.br\/?p=2372\",\"name\":\"Economia: KI-BARATO e NUTRIAL v\\u00e3o receber o 10\\u00b0 Pr\\u00eamio Tribuna da Praia 2020\/2021 - TRIBUNA DA PRAIA\",\"isPartOf\":{\"@id\":\"https:\/\/tribunadapraia.com.br\/#website\"},\"primaryImageOfPage\":{\"@id\":\"https:\/\/tribunadapraia.com.br\/?p=2372#primaryimage\"},\"datePublished\":\"2021-03-17T18:18:53+00:00\",\"dateModified\":\"2021-03-17T18:18:53+00:00\",\"breadcrumb\":{\"@id\":\"https:\/\/tribunadapraia.com.br\/?p=2372#breadcrumb\"},\"inLanguage\":\"pt-BR\",\"potentialAction\":[{\"@type\":\"ReadAction\",\"target\":[\"https:\/\/tribunadapraia.com.br\/?p=2372\"]}]},{\"@type\":\"BreadcrumbList\",\"@id\":\"https:\/\/tribunadapraia.com.br\/?p=2372#breadcrumb\",\"itemListElement\":[{\"@type\":\"ListItem\",\"position\":1,\"item\":{\"@type\":\"WebPage\",\"@id\":\"https:\/\/tribunadapraia.com.br\/\",\"url\":\"https:\/\/tribunadapraia.com.br\/\",\"name\":\"In\\u00edcio\"}},{\"@type\":\"ListItem\",\"position\":2,\"item\":{\"@id\":\"https:\/\/tribunadapraia.com.br\/?p=2372#webpage\"}}]},{\"@type\":\"Article\",\"@id\":\"https:\/\/tribunadapraia.com.br\/?p=2372#article\",\"isPartOf\":{\"@id\":\"https:\/\/tribunadapraia.com.br\/?p=2372#webpage\"},\"author\":{\"@id\":\"https:\/\/tribunadapraia.com.br\/#\/schema\/person\/099fbbf59acc5895c0d7d52b4fc46c97\"},\"headline\":\"Economia: KI-BARATO e NUTRIAL v\\u00e3o receber o 10\\u00b0 Pr\\u00eamio Tribuna da Praia 2020\/2021\",\"datePublished\":\"2021-03-17T18:18:53+00:00\",\"dateModified\":\"2021-03-17T18:18:53+00:00\",\"mainEntityOfPage\":{\"@id\":\"https:\/\/tribunadapraia.com.br\/?p=2372#webpage\"},\"wordCount\":99,\"commentCount\":0,\"publisher\":{\"@id\":\"https:\/\/tribunadapraia.com.br\/#organization\"},\"image\":{\"@id\":\"https:\/\/tribunadapraia.com.br\/?p=2372#primaryimage\"},\"thumbnailUrl\":\"https:\/\/tribunadapraia.com.br\/wp-content\/uploads\/2021\/03\/IMG-20210317-WA0079.jpg\",\"articleSection\":[\"Not\\u00edcias\"],\"inLanguage\":\"pt-BR\",\"potentialAction\":[{\"@type\":\"CommentAction\",\"name\":\"Comment\",\"target\":[\"https:\/\/tribunadapraia.com.br\/?p=2372#respond\"]}]},{\"@type\":\"Person\",\"@id\":\"https:\/\/tribunadapraia.com.br\/#\/schema\/person\/099fbbf59acc5895c0d7d52b4fc46c97\",\"name\":\"Reda\\u00e7\\u00e3o\",\"image\":{\"@type\":\"ImageObject\",\"@id\":\"https:\/\/tribunadapraia.com.br\/#personlogo\",\"inLanguage\":\"pt-BR\",\"url\":\"https:\/\/secure.gravatar.com\/avatar\/91c8b91d2bfd7784eac5c3e055361f64?s=96&d=identicon&r=g\",\"contentUrl\":\"https:\/\/secure.gravatar.com\/avatar\/91c8b91d2bfd7784eac5c3e055361f64?s=96&d=identicon&r=g\",\"caption\":\"Reda\\u00e7\\u00e3o\"}}]}<\/script>\n<!-- \/ Yoast SEO plugin. -->","wps_subtitle":"","_links":{"self":[{"href":"https:\/\/tribunadapraia.com.br\/index.php?rest_route=\/wp\/v2\/posts\/2372"}],"collection":[{"href":"https:\/\/tribunadapraia.com.br\/index.php?rest_route=\/wp\/v2\/posts"}],"about":[{"href":"https:\/\/tribunadapraia.com.br\/index.php?rest_route=\/wp\/v2\/types\/post"}],"author":[{"embeddable":true,"href":"https:\/\/tribunadapraia.com.br\/index.php?rest_route=\/wp\/v2\/users\/3"}],"replies":[{"embeddable":true,"href":"https:\/\/tribunadapraia.com.br\/index.php?rest_route=%2Fwp%2Fv2%2Fcomments&post=2372"}],"version-history":[{"count":1,"href":"https:\/\/tribunadapraia.com.br\/index.php?rest_route=\/wp\/v2\/posts\/2372\/revisions"}],"predecessor-version":[{"id":2374,"href":"https:\/\/tribunadapraia.com.br\/index.php?rest_route=\/wp\/v2\/posts\/2372\/revisions\/2374"}],"wp:featuredmedia":[{"embeddable":true,"href":"https:\/\/tribunadapraia.com.br\/index.php?rest_route=\/wp\/v2\/media\/2373"}],"wp:attachment":[{"href":"https:\/\/tribunadapraia.com.br\/index.php?rest_route=%2Fwp%2Fv2%2Fmedia&parent=2372"}],"wp:term":[{"taxonomy":"category","embeddable":true,"href":"https:\/\/tribunadapraia.com.br\/index.php?rest_route=%2Fwp%2Fv2%2Fcategories&post=2372"},{"taxonomy":"post_tag","embeddable":true,"href":"https:\/\/tribunadapraia.com.br\/index.php?rest_route=%2Fwp%2Fv2%2Ftags&post=2372"}],"curies":[{"name":"wp","href":"https:\/\/api.w.org\/{rel}","templated":true}]}}