{"id":2328,"date":"2021-02-23T14:17:29","date_gmt":"2021-02-23T17:17:29","guid":{"rendered":"https:\/\/tribunadapraia.com.br\/?p=2328"},"modified":"2021-02-23T14:18:13","modified_gmt":"2021-02-23T17:18:13","slug":"artigo-o-crime-do-trem-do-suburbio","status":"publish","type":"post","link":"https:\/\/tribunadapraia.com.br\/?p=2328","title":{"rendered":"Artigo: O crime do Trem do Sub\u00farbio"},"content":{"rendered":"<p>por Carlos Pronzato (*)<\/p>\n<p>O Trem do Sub\u00farbio de Salvador \u00e9 um patrim\u00f4nio dos brasileiros, cuja ferrovia foi inaugurada em 1863, que \u00e0 \u00e9poca ia de Salvador at\u00e9 Juazeiro, sendo a primeira linha de trem da Bahia e a quinta do Brasil. Pois bem, na segunda-feira 15 de fevereiro o trem foi desativado, perfazendo a sua \u00faltima viagem \u00e0s 19 h do s\u00e1bado 13 de fevereiro &#8211; j\u00e1 que aos domingos n\u00e3o funciona -, partindo da Esta\u00e7\u00e3o da Cal\u00e7ada em dire\u00e7\u00e3o \u00e0 Paripe. O fim dos seus 158 anos de Hist\u00f3ria se deveu ao in\u00edcio das obras para a constru\u00e7\u00e3o de um VLT (Ve\u00edculo Leve sobre Trilhos), antiga reivindica\u00e7\u00e3o dos usu\u00e1rios e produto de uma PPP, Parceria P\u00fablico Privada entre o governo baiano e uma empresa chinesa, que no contrato inicial tinha um custo de um bilh\u00e3o e meio de reais e hoje est\u00e1 or\u00e7ado em dois bilh\u00f5es e meio, mist\u00e9rios dos neg\u00f3cios deste tipo. Mas \u00e9 aqui que muitos moradores da regi\u00e3o advertiram a mudan\u00e7a grosseira na sigla do novo ve\u00edculo a ser implementado daqui a dois anos, j\u00e1 que a propaganda &#8211; enganosa &#8211; do governo baiano inventou outra denomina\u00e7\u00e3o para o VLT, transformado agora em Ve\u00edculo Leve de Transporte. E porque tal mudan\u00e7a? Porque o projeto inicial contemplava um aut\u00eantico VLT, ou seja, um ve\u00edculo leve sobre os trilhos da ferrovia quase bicenten\u00e1ria e o Ve\u00edculo Leve de Transporte (sic) \u00e9 um monotrilho da fam\u00edlia rodovi\u00e1ria que corre elevado a v\u00e1rios metros do solo sobre uma viga de concreto com pneus, retirando definitivamente os trilhos para a constru\u00e7\u00e3o das pilastras de cimento, a cada 30 metros, para a sustenta\u00e7\u00e3o do ve\u00edculo, numa contundente agress\u00e3o paisag\u00edstica \u00e0 bel\u00edssima Ba\u00eda de Todos os Santos, que poderia ver correr nas suas margens um trem modernizado com o valor investido nessa obra. J\u00e1 o VLT tradicional, que circula em diversas partes do mundo, desliza em superf\u00edcie sobre os trilhos, aproveitando o tra\u00e7ado &#8211; reformado h\u00e1 poucos anos &#8211; j\u00e1 estabelecido destes e ainda permitindo o tr\u00e2nsito de outros tantos tipos de ve\u00edculos, como acontece com o VLT no centro do Rio de Janeiro, integrado organicamente na paisagem automobil\u00edstica, pedestre e arquitet\u00f4nica secular da ex Capital Federal.<br \/>\nQuanto ao grave transtorno social causado na popula\u00e7\u00e3o de baixa renda do sub\u00farbio pela paraliza\u00e7\u00e3o do trem, nem o governo estadual e nem o municipal adotaram medidas alternativas de locomo\u00e7\u00e3o e aqueles que pagavam 0,50 centavos para fazer o percurso da via f\u00e9rrea passar\u00e3o a pagar os R$ 4,20 das empresas de \u00f4nibus. A modernidade, assim, chega ao sub\u00farbio montada no lucro exorbitante das empresas estrangeiras e o desrespeito a um patrim\u00f4nio federal por parte do governo do Estado, que, se a Justi\u00e7a tivesse algum peso, j\u00e1 teria embargado a obra e enquadrado o assunto como crime de Estado.<\/p>\n<p>(*) Carlos Pronzato<br \/>\n\u00e9 cineasta documentarista e escritor<br \/>\nS\u00f3cio do IGHB<br \/>\ncarlospronzato@gmail.com<\/p>\n","protected":false},"excerpt":{"rendered":"<p>por Carlos Pronzato (*) O Trem do Sub\u00farbio de Salvador \u00e9 um patrim\u00f4nio dos brasileiros, cuja ferrovia foi inaugurada em 1863, que \u00e0 \u00e9poca ia de Salvador at\u00e9 Juazeiro, sendo a primeira linha de trem da Bahia e a quinta do Brasil. Pois bem, na segunda-feira 15 de fevereiro o trem foi desativado, perfazendo a sua \u00faltima viagem \u00e0s 19 h do s\u00e1bado 13 de fevereiro &#8211; j\u00e1 que aos<\/p>\n","protected":false},"author":1,"featured_media":2329,"comment_status":"open","ping_status":"open","sticky":false,"template":"","format":"standard","meta":[],"categories":[18],"tags":[],"yoast_head":"<!-- This site is optimized with the Yoast SEO plugin v16.3 - https:\/\/yoast.com\/wordpress\/plugins\/seo\/ -->\n<title>Artigo: O crime do Trem do Sub\u00farbio - TRIBUNA DA PRAIA<\/title>\n<meta name=\"robots\" content=\"index, follow, max-snippet:-1, max-image-preview:large, max-video-preview:-1\" \/>\n<link rel=\"canonical\" href=\"https:\/\/tribunadapraia.com.br\/?p=2328\" \/>\n<meta property=\"og:locale\" content=\"pt_BR\" \/>\n<meta property=\"og:type\" content=\"article\" \/>\n<meta property=\"og:title\" content=\"Artigo: O crime do Trem do Sub\u00farbio - TRIBUNA DA PRAIA\" \/>\n<meta property=\"og:description\" content=\"por Carlos Pronzato (*) O Trem do Sub\u00farbio de Salvador \u00e9 um patrim\u00f4nio dos brasileiros, cuja ferrovia foi inaugurada em 1863, que \u00e0 \u00e9poca ia de Salvador at\u00e9 Juazeiro, sendo a primeira linha de trem da Bahia e a quinta do Brasil. Pois bem, na segunda-feira 15 de fevereiro o trem foi desativado, perfazendo a sua \u00faltima viagem \u00e0s 19 h do s\u00e1bado 13 de fevereiro &#8211; j\u00e1 que aos\" \/>\n<meta property=\"og:url\" content=\"https:\/\/tribunadapraia.com.br\/?p=2328\" \/>\n<meta property=\"og:site_name\" content=\"TRIBUNA DA PRAIA\" \/>\n<meta property=\"article:publisher\" content=\"https:\/\/www.facebook.com\/tribunadapraiaonline\/\" \/>\n<meta property=\"article:published_time\" content=\"2021-02-23T17:17:29+00:00\" \/>\n<meta property=\"article:modified_time\" content=\"2021-02-23T17:18:13+00:00\" \/>\n<meta property=\"og:image\" content=\"https:\/\/tribunadapraia.com.br\/wp-content\/uploads\/2021\/02\/IMG-20210223-WA0062.jpg\" \/>\n\t<meta property=\"og:image:width\" content=\"720\" \/>\n\t<meta property=\"og:image:height\" content=\"731\" \/>\n<meta name=\"twitter:card\" content=\"summary_large_image\" \/>\n<meta name=\"twitter:creator\" content=\"@Claudomir21\" \/>\n<meta name=\"twitter:site\" content=\"@Claudomir21\" \/>\n<meta name=\"twitter:label1\" content=\"Est. tempo de leitura\">\n\t<meta name=\"twitter:data1\" content=\"3 minutos\">\n<script type=\"application\/ld+json\" class=\"yoast-schema-graph\">{\"@context\":\"https:\/\/schema.org\",\"@graph\":[{\"@type\":\"Organization\",\"@id\":\"https:\/\/tribunadapraia.com.br\/#organization\",\"name\":\"Tribuna da Praia\",\"url\":\"https:\/\/tribunadapraia.com.br\/\",\"sameAs\":[\"https:\/\/www.facebook.com\/tribunadapraiaonline\/\",\"https:\/\/www.instagram.com\/claudomirtavares\/\",\"https:\/\/www.youtube.com\/channel\/UCwQf80nxiMzCefAyjbp53Rw\",\"https:\/\/twitter.com\/Claudomir21\"],\"logo\":{\"@type\":\"ImageObject\",\"@id\":\"https:\/\/tribunadapraia.com.br\/#logo\",\"inLanguage\":\"pt-BR\",\"url\":\"https:\/\/tribunadapraia.com.br\/wp-content\/uploads\/2020\/02\/logo.png\",\"contentUrl\":\"https:\/\/tribunadapraia.com.br\/wp-content\/uploads\/2020\/02\/logo.png\",\"width\":501,\"height\":121,\"caption\":\"Tribuna da Praia\"},\"image\":{\"@id\":\"https:\/\/tribunadapraia.com.br\/#logo\"}},{\"@type\":\"WebSite\",\"@id\":\"https:\/\/tribunadapraia.com.br\/#website\",\"url\":\"https:\/\/tribunadapraia.com.br\/\",\"name\":\"TRIBUNA DA PRAIA\",\"description\":\"O 1\\u00ba jornal do interior de Sergipe na internet\",\"publisher\":{\"@id\":\"https:\/\/tribunadapraia.com.br\/#organization\"},\"potentialAction\":[{\"@type\":\"SearchAction\",\"target\":\"https:\/\/tribunadapraia.com.br\/?s={search_term_string}\",\"query-input\":\"required name=search_term_string\"}],\"inLanguage\":\"pt-BR\"},{\"@type\":\"ImageObject\",\"@id\":\"https:\/\/tribunadapraia.com.br\/?p=2328#primaryimage\",\"inLanguage\":\"pt-BR\",\"url\":\"https:\/\/tribunadapraia.com.br\/wp-content\/uploads\/2021\/02\/IMG-20210223-WA0062.jpg\",\"contentUrl\":\"https:\/\/tribunadapraia.com.br\/wp-content\/uploads\/2021\/02\/IMG-20210223-WA0062.jpg\",\"width\":720,\"height\":731},{\"@type\":\"WebPage\",\"@id\":\"https:\/\/tribunadapraia.com.br\/?p=2328#webpage\",\"url\":\"https:\/\/tribunadapraia.com.br\/?p=2328\",\"name\":\"Artigo: O crime do Trem do Sub\\u00farbio - TRIBUNA DA PRAIA\",\"isPartOf\":{\"@id\":\"https:\/\/tribunadapraia.com.br\/#website\"},\"primaryImageOfPage\":{\"@id\":\"https:\/\/tribunadapraia.com.br\/?p=2328#primaryimage\"},\"datePublished\":\"2021-02-23T17:17:29+00:00\",\"dateModified\":\"2021-02-23T17:18:13+00:00\",\"breadcrumb\":{\"@id\":\"https:\/\/tribunadapraia.com.br\/?p=2328#breadcrumb\"},\"inLanguage\":\"pt-BR\",\"potentialAction\":[{\"@type\":\"ReadAction\",\"target\":[\"https:\/\/tribunadapraia.com.br\/?p=2328\"]}]},{\"@type\":\"BreadcrumbList\",\"@id\":\"https:\/\/tribunadapraia.com.br\/?p=2328#breadcrumb\",\"itemListElement\":[{\"@type\":\"ListItem\",\"position\":1,\"item\":{\"@type\":\"WebPage\",\"@id\":\"https:\/\/tribunadapraia.com.br\/\",\"url\":\"https:\/\/tribunadapraia.com.br\/\",\"name\":\"In\\u00edcio\"}},{\"@type\":\"ListItem\",\"position\":2,\"item\":{\"@id\":\"https:\/\/tribunadapraia.com.br\/?p=2328#webpage\"}}]},{\"@type\":\"Article\",\"@id\":\"https:\/\/tribunadapraia.com.br\/?p=2328#article\",\"isPartOf\":{\"@id\":\"https:\/\/tribunadapraia.com.br\/?p=2328#webpage\"},\"author\":{\"@id\":\"https:\/\/tribunadapraia.com.br\/#\/schema\/person\/326b0a9f3163b479142c64eba4928de0\"},\"headline\":\"Artigo: O crime do Trem do Sub\\u00farbio\",\"datePublished\":\"2021-02-23T17:17:29+00:00\",\"dateModified\":\"2021-02-23T17:18:13+00:00\",\"mainEntityOfPage\":{\"@id\":\"https:\/\/tribunadapraia.com.br\/?p=2328#webpage\"},\"wordCount\":524,\"commentCount\":0,\"publisher\":{\"@id\":\"https:\/\/tribunadapraia.com.br\/#organization\"},\"image\":{\"@id\":\"https:\/\/tribunadapraia.com.br\/?p=2328#primaryimage\"},\"thumbnailUrl\":\"https:\/\/tribunadapraia.com.br\/wp-content\/uploads\/2021\/02\/IMG-20210223-WA0062.jpg\",\"articleSection\":[\"Not\\u00edcias\"],\"inLanguage\":\"pt-BR\",\"potentialAction\":[{\"@type\":\"CommentAction\",\"name\":\"Comment\",\"target\":[\"https:\/\/tribunadapraia.com.br\/?p=2328#respond\"]}]},{\"@type\":\"Person\",\"@id\":\"https:\/\/tribunadapraia.com.br\/#\/schema\/person\/326b0a9f3163b479142c64eba4928de0\",\"name\":\"tribunadapraia\",\"image\":{\"@type\":\"ImageObject\",\"@id\":\"https:\/\/tribunadapraia.com.br\/#personlogo\",\"inLanguage\":\"pt-BR\",\"url\":\"https:\/\/secure.gravatar.com\/avatar\/38b019c74762496076b7355024a0dad9?s=96&d=identicon&r=g\",\"contentUrl\":\"https:\/\/secure.gravatar.com\/avatar\/38b019c74762496076b7355024a0dad9?s=96&d=identicon&r=g\",\"caption\":\"tribunadapraia\"}}]}<\/script>\n<!-- \/ Yoast SEO plugin. -->","wps_subtitle":"","_links":{"self":[{"href":"https:\/\/tribunadapraia.com.br\/index.php?rest_route=\/wp\/v2\/posts\/2328"}],"collection":[{"href":"https:\/\/tribunadapraia.com.br\/index.php?rest_route=\/wp\/v2\/posts"}],"about":[{"href":"https:\/\/tribunadapraia.com.br\/index.php?rest_route=\/wp\/v2\/types\/post"}],"author":[{"embeddable":true,"href":"https:\/\/tribunadapraia.com.br\/index.php?rest_route=\/wp\/v2\/users\/1"}],"replies":[{"embeddable":true,"href":"https:\/\/tribunadapraia.com.br\/index.php?rest_route=%2Fwp%2Fv2%2Fcomments&post=2328"}],"version-history":[{"count":1,"href":"https:\/\/tribunadapraia.com.br\/index.php?rest_route=\/wp\/v2\/posts\/2328\/revisions"}],"predecessor-version":[{"id":2330,"href":"https:\/\/tribunadapraia.com.br\/index.php?rest_route=\/wp\/v2\/posts\/2328\/revisions\/2330"}],"wp:featuredmedia":[{"embeddable":true,"href":"https:\/\/tribunadapraia.com.br\/index.php?rest_route=\/wp\/v2\/media\/2329"}],"wp:attachment":[{"href":"https:\/\/tribunadapraia.com.br\/index.php?rest_route=%2Fwp%2Fv2%2Fmedia&parent=2328"}],"wp:term":[{"taxonomy":"category","embeddable":true,"href":"https:\/\/tribunadapraia.com.br\/index.php?rest_route=%2Fwp%2Fv2%2Fcategories&post=2328"},{"taxonomy":"post_tag","embeddable":true,"href":"https:\/\/tribunadapraia.com.br\/index.php?rest_route=%2Fwp%2Fv2%2Ftags&post=2328"}],"curies":[{"name":"wp","href":"https:\/\/api.w.org\/{rel}","templated":true}]}}