{"id":2242,"date":"2021-02-01T20:12:19","date_gmt":"2021-02-01T23:12:19","guid":{"rendered":"https:\/\/tribunadapraia.com.br\/?p=2242"},"modified":"2021-02-01T20:13:04","modified_gmt":"2021-02-01T23:13:04","slug":"cesar-cabral-fazer-festa-com-o-chapeu-dos-outros-nao-pega-bem","status":"publish","type":"post","link":"https:\/\/tribunadapraia.com.br\/?p=2242","title":{"rendered":"C\u00e9sar Cabral: &#8220;Fazer festa com o chap\u00e9u dos outros n\u00e3o pega bem&#8221;."},"content":{"rendered":"<p>Me engane que eu gosto<br \/>\nO ex-prefeito da Barra dos Coqueiros, Airton Martins (MDB) espalhou diversos outdoors pela cidade creditando para si o m\u00e9rito pelo desenvolvimento do munic\u00edpio que teve uma consider\u00e1vel expans\u00e3o imobili\u00e1ria e invej\u00e1vel aumento de receita nos \u00faltimos anos. Na verdade, o que proporcionou toda essa mudan\u00e7a foi a constru\u00e7\u00e3o da Ponte Construtor Jo\u00e3o Alves, obra que foi bastante contestada pelo prefeito da Barra daquela \u00e9poca (2004), que n\u00e3o era outro sen\u00e3o o pr\u00f3prio Airton Martins. Se dependesse dele, que se acha \u201cprefeito nota 10, as balsas ainda estariam navegando. Fazer festa com o chap\u00e9u dos outros n\u00e3o pega bem.<\/p>\n<p>por C\u00e9sar Cabral<\/p>\n","protected":false},"excerpt":{"rendered":"<p>Me engane que eu gosto O ex-prefeito da Barra dos Coqueiros, Airton Martins (MDB) espalhou diversos outdoors pela cidade creditando para si o m\u00e9rito pelo desenvolvimento do munic\u00edpio que teve uma consider\u00e1vel expans\u00e3o imobili\u00e1ria e invej\u00e1vel aumento de receita nos \u00faltimos anos. Na verdade, o que proporcionou toda essa mudan\u00e7a foi a constru\u00e7\u00e3o da Ponte Construtor Jo\u00e3o Alves, obra que foi bastante contestada pelo prefeito da Barra daquela \u00e9poca (2004),<\/p>\n","protected":false},"author":1,"featured_media":2243,"comment_status":"open","ping_status":"open","sticky":false,"template":"","format":"standard","meta":[],"categories":[18],"tags":[],"yoast_head":"<!-- This site is optimized with the Yoast SEO plugin v16.3 - https:\/\/yoast.com\/wordpress\/plugins\/seo\/ -->\n<title>C\u00e9sar Cabral: &quot;Fazer festa com o chap\u00e9u dos outros n\u00e3o pega bem&quot;. - TRIBUNA DA PRAIA<\/title>\n<meta name=\"robots\" content=\"index, follow, max-snippet:-1, max-image-preview:large, max-video-preview:-1\" \/>\n<link rel=\"canonical\" href=\"https:\/\/tribunadapraia.com.br\/?p=2242\" \/>\n<meta property=\"og:locale\" content=\"pt_BR\" \/>\n<meta property=\"og:type\" content=\"article\" \/>\n<meta property=\"og:title\" content=\"C\u00e9sar Cabral: &quot;Fazer festa com o chap\u00e9u dos outros n\u00e3o pega bem&quot;. - TRIBUNA DA PRAIA\" \/>\n<meta property=\"og:description\" content=\"Me engane que eu gosto O ex-prefeito da Barra dos Coqueiros, Airton Martins (MDB) espalhou diversos outdoors pela cidade creditando para si o m\u00e9rito pelo desenvolvimento do munic\u00edpio que teve uma consider\u00e1vel expans\u00e3o imobili\u00e1ria e invej\u00e1vel aumento de receita nos \u00faltimos anos. Na verdade, o que proporcionou toda essa mudan\u00e7a foi a constru\u00e7\u00e3o da Ponte Construtor Jo\u00e3o Alves, obra que foi bastante contestada pelo prefeito da Barra daquela \u00e9poca (2004),\" \/>\n<meta property=\"og:url\" content=\"https:\/\/tribunadapraia.com.br\/?p=2242\" \/>\n<meta property=\"og:site_name\" content=\"TRIBUNA DA PRAIA\" \/>\n<meta property=\"article:publisher\" content=\"https:\/\/www.facebook.com\/tribunadapraiaonline\/\" \/>\n<meta property=\"article:published_time\" content=\"2021-02-01T23:12:19+00:00\" \/>\n<meta property=\"article:modified_time\" content=\"2021-02-01T23:13:04+00:00\" \/>\n<meta property=\"og:image\" content=\"https:\/\/tribunadapraia.com.br\/wp-content\/uploads\/2021\/02\/IMG-20210201-WA0043.jpg\" \/>\n\t<meta property=\"og:image:width\" content=\"850\" \/>\n\t<meta property=\"og:image:height\" content=\"739\" \/>\n<meta name=\"twitter:card\" content=\"summary_large_image\" \/>\n<meta name=\"twitter:creator\" content=\"@Claudomir21\" \/>\n<meta name=\"twitter:site\" content=\"@Claudomir21\" \/>\n<meta name=\"twitter:label1\" content=\"Est. tempo de leitura\">\n\t<meta name=\"twitter:data1\" content=\"1 minuto\">\n<script type=\"application\/ld+json\" class=\"yoast-schema-graph\">{\"@context\":\"https:\/\/schema.org\",\"@graph\":[{\"@type\":\"Organization\",\"@id\":\"https:\/\/tribunadapraia.com.br\/#organization\",\"name\":\"Tribuna da Praia\",\"url\":\"https:\/\/tribunadapraia.com.br\/\",\"sameAs\":[\"https:\/\/www.facebook.com\/tribunadapraiaonline\/\",\"https:\/\/www.instagram.com\/claudomirtavares\/\",\"https:\/\/www.youtube.com\/channel\/UCwQf80nxiMzCefAyjbp53Rw\",\"https:\/\/twitter.com\/Claudomir21\"],\"logo\":{\"@type\":\"ImageObject\",\"@id\":\"https:\/\/tribunadapraia.com.br\/#logo\",\"inLanguage\":\"pt-BR\",\"url\":\"https:\/\/tribunadapraia.com.br\/wp-content\/uploads\/2020\/02\/logo.png\",\"contentUrl\":\"https:\/\/tribunadapraia.com.br\/wp-content\/uploads\/2020\/02\/logo.png\",\"width\":501,\"height\":121,\"caption\":\"Tribuna da Praia\"},\"image\":{\"@id\":\"https:\/\/tribunadapraia.com.br\/#logo\"}},{\"@type\":\"WebSite\",\"@id\":\"https:\/\/tribunadapraia.com.br\/#website\",\"url\":\"https:\/\/tribunadapraia.com.br\/\",\"name\":\"TRIBUNA DA PRAIA\",\"description\":\"O 1\\u00ba jornal do interior de Sergipe na internet\",\"publisher\":{\"@id\":\"https:\/\/tribunadapraia.com.br\/#organization\"},\"potentialAction\":[{\"@type\":\"SearchAction\",\"target\":\"https:\/\/tribunadapraia.com.br\/?s={search_term_string}\",\"query-input\":\"required name=search_term_string\"}],\"inLanguage\":\"pt-BR\"},{\"@type\":\"ImageObject\",\"@id\":\"https:\/\/tribunadapraia.com.br\/?p=2242#primaryimage\",\"inLanguage\":\"pt-BR\",\"url\":\"https:\/\/tribunadapraia.com.br\/wp-content\/uploads\/2021\/02\/IMG-20210201-WA0043.jpg\",\"contentUrl\":\"https:\/\/tribunadapraia.com.br\/wp-content\/uploads\/2021\/02\/IMG-20210201-WA0043.jpg\",\"width\":850,\"height\":739},{\"@type\":\"WebPage\",\"@id\":\"https:\/\/tribunadapraia.com.br\/?p=2242#webpage\",\"url\":\"https:\/\/tribunadapraia.com.br\/?p=2242\",\"name\":\"C\\u00e9sar Cabral: \\\"Fazer festa com o chap\\u00e9u dos outros n\\u00e3o pega bem\\\". - TRIBUNA DA PRAIA\",\"isPartOf\":{\"@id\":\"https:\/\/tribunadapraia.com.br\/#website\"},\"primaryImageOfPage\":{\"@id\":\"https:\/\/tribunadapraia.com.br\/?p=2242#primaryimage\"},\"datePublished\":\"2021-02-01T23:12:19+00:00\",\"dateModified\":\"2021-02-01T23:13:04+00:00\",\"breadcrumb\":{\"@id\":\"https:\/\/tribunadapraia.com.br\/?p=2242#breadcrumb\"},\"inLanguage\":\"pt-BR\",\"potentialAction\":[{\"@type\":\"ReadAction\",\"target\":[\"https:\/\/tribunadapraia.com.br\/?p=2242\"]}]},{\"@type\":\"BreadcrumbList\",\"@id\":\"https:\/\/tribunadapraia.com.br\/?p=2242#breadcrumb\",\"itemListElement\":[{\"@type\":\"ListItem\",\"position\":1,\"item\":{\"@type\":\"WebPage\",\"@id\":\"https:\/\/tribunadapraia.com.br\/\",\"url\":\"https:\/\/tribunadapraia.com.br\/\",\"name\":\"In\\u00edcio\"}},{\"@type\":\"ListItem\",\"position\":2,\"item\":{\"@id\":\"https:\/\/tribunadapraia.com.br\/?p=2242#webpage\"}}]},{\"@type\":\"Article\",\"@id\":\"https:\/\/tribunadapraia.com.br\/?p=2242#article\",\"isPartOf\":{\"@id\":\"https:\/\/tribunadapraia.com.br\/?p=2242#webpage\"},\"author\":{\"@id\":\"https:\/\/tribunadapraia.com.br\/#\/schema\/person\/326b0a9f3163b479142c64eba4928de0\"},\"headline\":\"C\\u00e9sar Cabral: &#8220;Fazer festa com o chap\\u00e9u dos outros n\\u00e3o pega bem&#8221;.\",\"datePublished\":\"2021-02-01T23:12:19+00:00\",\"dateModified\":\"2021-02-01T23:13:04+00:00\",\"mainEntityOfPage\":{\"@id\":\"https:\/\/tribunadapraia.com.br\/?p=2242#webpage\"},\"wordCount\":134,\"commentCount\":0,\"publisher\":{\"@id\":\"https:\/\/tribunadapraia.com.br\/#organization\"},\"image\":{\"@id\":\"https:\/\/tribunadapraia.com.br\/?p=2242#primaryimage\"},\"thumbnailUrl\":\"https:\/\/tribunadapraia.com.br\/wp-content\/uploads\/2021\/02\/IMG-20210201-WA0043.jpg\",\"articleSection\":[\"Not\\u00edcias\"],\"inLanguage\":\"pt-BR\",\"potentialAction\":[{\"@type\":\"CommentAction\",\"name\":\"Comment\",\"target\":[\"https:\/\/tribunadapraia.com.br\/?p=2242#respond\"]}]},{\"@type\":\"Person\",\"@id\":\"https:\/\/tribunadapraia.com.br\/#\/schema\/person\/326b0a9f3163b479142c64eba4928de0\",\"name\":\"tribunadapraia\",\"image\":{\"@type\":\"ImageObject\",\"@id\":\"https:\/\/tribunadapraia.com.br\/#personlogo\",\"inLanguage\":\"pt-BR\",\"url\":\"https:\/\/secure.gravatar.com\/avatar\/38b019c74762496076b7355024a0dad9?s=96&d=identicon&r=g\",\"contentUrl\":\"https:\/\/secure.gravatar.com\/avatar\/38b019c74762496076b7355024a0dad9?s=96&d=identicon&r=g\",\"caption\":\"tribunadapraia\"}}]}<\/script>\n<!-- \/ Yoast SEO plugin. -->","wps_subtitle":"","_links":{"self":[{"href":"https:\/\/tribunadapraia.com.br\/index.php?rest_route=\/wp\/v2\/posts\/2242"}],"collection":[{"href":"https:\/\/tribunadapraia.com.br\/index.php?rest_route=\/wp\/v2\/posts"}],"about":[{"href":"https:\/\/tribunadapraia.com.br\/index.php?rest_route=\/wp\/v2\/types\/post"}],"author":[{"embeddable":true,"href":"https:\/\/tribunadapraia.com.br\/index.php?rest_route=\/wp\/v2\/users\/1"}],"replies":[{"embeddable":true,"href":"https:\/\/tribunadapraia.com.br\/index.php?rest_route=%2Fwp%2Fv2%2Fcomments&post=2242"}],"version-history":[{"count":1,"href":"https:\/\/tribunadapraia.com.br\/index.php?rest_route=\/wp\/v2\/posts\/2242\/revisions"}],"predecessor-version":[{"id":2244,"href":"https:\/\/tribunadapraia.com.br\/index.php?rest_route=\/wp\/v2\/posts\/2242\/revisions\/2244"}],"wp:featuredmedia":[{"embeddable":true,"href":"https:\/\/tribunadapraia.com.br\/index.php?rest_route=\/wp\/v2\/media\/2243"}],"wp:attachment":[{"href":"https:\/\/tribunadapraia.com.br\/index.php?rest_route=%2Fwp%2Fv2%2Fmedia&parent=2242"}],"wp:term":[{"taxonomy":"category","embeddable":true,"href":"https:\/\/tribunadapraia.com.br\/index.php?rest_route=%2Fwp%2Fv2%2Fcategories&post=2242"},{"taxonomy":"post_tag","embeddable":true,"href":"https:\/\/tribunadapraia.com.br\/index.php?rest_route=%2Fwp%2Fv2%2Ftags&post=2242"}],"curies":[{"name":"wp","href":"https:\/\/api.w.org\/{rel}","templated":true}]}}